{"id":680889,"date":"2026-03-09T14:16:03","date_gmt":"2026-03-09T14:16:03","guid":{"rendered":"https:\/\/microscopemedia.com\/?p=680889"},"modified":"2026-03-09T14:16:03","modified_gmt":"2026-03-09T14:16:03","slug":"aur-acuza-ministerul-de-externe-de-gestionare-defectuoasa-a-repatrierii-romanilor-din-zona-golfului","status":"publish","type":"post","link":"https:\/\/microscopemedia.com\/?p=680889","title":{"rendered":"AUR acuz\u0103 Ministerul de Externe de gestionare defectuoas\u0103 a repatrierii rom\u00e2nilor din zona Golfului"},"content":{"rendered":"<div><img decoding=\"async\" src=\"https:\/\/microscopemedia.com\/wp-content\/uploads\/2026\/03\/aur-acuza-ministerul-de-externe-de-gestionare-defectuoasa-a-repatrierii-romanilor-din-zona-golfului.png\" class=\"ff-og-image-inserted\"><\/div>\n<p data-start=\"640\" data-end=\"949\" id=\"p-0\">\u201eRom\u00e2nia s-a confruntat \u0219i \u00een trecut cu situa\u021bii similare, \u00eens\u0103 opera\u021biunile au fost gestionate discret \u0219i institu\u021bional. De data aceasta, ceea ce ar fi trebuit s\u0103 fie o interven\u021bie administrativ\u0103 eficient\u0103 a fost transformat \u00eentr-un episod de comunicare politic\u0103 \u0219i spectacol public\u201d, a declarat Avr\u0103mescu.<\/p>\n<p data-start=\"951\" data-end=\"1337\" id=\"p-1\">Deputatul AUR a subliniat c\u0103 alte state europene, precum Croa\u021bia, Italia \u0219i Fran\u021ba, au organizat rapid repatrieri utiliz\u00e2nd aeronave ale companiilor aeriene locale, f\u0103r\u0103 scandal public sau confuzii administrative. \u00cen schimb, repatrierile rom\u00e2ne\u0219ti au fost afectate de deficien\u021be, inclusiv excluderea unui minor de pe lista de evacuare, motivat\u0103 public ca \u201evulnerabilitate de imagine\u201d.<\/p>\n<p data-start=\"1339\" data-end=\"1738\" id=\"p-2\">Avr\u0103mescu a criticat \u0219i comunicarea institu\u021bional\u0103, consider\u00e2nd c\u0103 lipsa unor criterii clare \u0219i a informa\u021biilor coerente a afectat \u00eencrederea cet\u0103\u021benilor \u00een capacitatea statului de a reac\u021biona \u00een situa\u021bii de criz\u0103.<\/p>\n<p data-start=\"1339\" data-end=\"1738\" id=\"p-3\">\u201eRom\u00e2nii afla\u021bi \u00een pericol nu au nevoie de justific\u0103ri defensive, ci de un stat preg\u0103tit \u0219i de institu\u021bii care ac\u021bioneaz\u0103 rapid \u0219i profesionist\u201d, a declarat purt\u0103torul de cuv\u00e2nt AUR.<\/p>\n<p data-start=\"1740\" data-end=\"1977\" id=\"p-4\">El a avertizat c\u0103 problemele actuale reflect\u0103 un declin institu\u021bional acumulat \u00een timp, iar Rom\u00e2nia are nevoie de un Minister de Externe func\u021bional, orientat exclusiv spre protejarea cet\u0103\u021benilor, nu ca platform\u0103 de comunicare politic\u0103.<\/p>\n","protected":false},"excerpt":{"rendered":"<p>\u201eRom\u00e2nia s-a confruntat \u0219i \u00een trecut cu situa\u021bii similare, \u00eens\u0103 opera\u021biunile au fost gestionate discret \u0219i institu\u021bional. De data aceasta, ceea ce ar fi trebuit s\u0103 fie o interven\u021bie administrativ\u0103 &hellip; <a href=\"https:\/\/microscopemedia.com\/?p=680889\" class=\"more-link\">Read More<\/a><\/p>\n","protected":false},"author":1,"featured_media":680890,"comment_status":"closed","ping_status":"closed","sticky":false,"template":"Default","format":"standard","meta":[],"categories":[1],"tags":[],"_links":{"self":[{"href":"https:\/\/microscopemedia.com\/index.php?rest_route=\/wp\/v2\/posts\/680889"}],"collection":[{"href":"https:\/\/microscopemedia.com\/index.php?rest_route=\/wp\/v2\/posts"}],"about":[{"href":"https:\/\/microscopemedia.com\/index.php?rest_route=\/wp\/v2\/types\/post"}],"author":[{"embeddable":true,"href":"https:\/\/microscopemedia.com\/index.php?rest_route=\/wp\/v2\/users\/1"}],"replies":[{"embeddable":true,"href":"https:\/\/microscopemedia.com\/index.php?rest_route=%2Fwp%2Fv2%2Fcomments&post=680889"}],"version-history":[{"count":0,"href":"https:\/\/microscopemedia.com\/index.php?rest_route=\/wp\/v2\/posts\/680889\/revisions"}],"wp:featuredmedia":[{"embeddable":true,"href":"https:\/\/microscopemedia.com\/index.php?rest_route=\/wp\/v2\/media\/680890"}],"wp:attachment":[{"href":"https:\/\/microscopemedia.com\/index.php?rest_route=%2Fwp%2Fv2%2Fmedia&parent=680889"}],"wp:term":[{"taxonomy":"category","embeddable":true,"href":"https:\/\/microscopemedia.com\/index.php?rest_route=%2Fwp%2Fv2%2Fcategories&post=680889"},{"taxonomy":"post_tag","embeddable":true,"href":"https:\/\/microscopemedia.com\/index.php?rest_route=%2Fwp%2Fv2%2Ftags&post=680889"}],"curies":[{"name":"wp","href":"https:\/\/api.w.org\/{rel}","templated":true}]}}