{"id":680891,"date":"2026-03-09T14:26:03","date_gmt":"2026-03-09T14:26:03","guid":{"rendered":"https:\/\/microscopemedia.com\/?p=680891"},"modified":"2026-03-09T14:26:03","modified_gmt":"2026-03-09T14:26:03","slug":"macron-cand-cipru-este-atacata-europa-este-atacata","status":"publish","type":"post","link":"https:\/\/microscopemedia.com\/?p=680891","title":{"rendered":"Macron: C\u00e2nd Cipru este atacat\u0103, Europa este atacat\u0103"},"content":{"rendered":"<div><img decoding=\"async\" src=\"https:\/\/microscopemedia.com\/wp-content\/uploads\/2026\/03\/macron-cand-cipru-este-atacata-europa-este-atacata.jpg\" class=\"ff-og-image-inserted\"><\/div>\n<p id=\"p-0\">\u00cen cadrul unei conferin\u021be comune de pres\u0103 desf\u0103\u0219urat\u0103 \u00een Paphos, al\u0103turi de <a href=\"https:\/\/www.mediafax.ro\/externe\/europa-se-mobilizeaza-macron-merge-in-cipru-dupa-primul-atac-cu-drona-pe-teritoriu-european-in-razboiul-cu-iranul-23699437\" target=\"_blank\" rel=\"noopener\">pre\u0219edintele Ciprului, \u200bNikos Christodoulides \u0219i premierul Greciei, &nbsp;Kyriakos Mitsotakis<\/a>, pree\u0219dintele Fran\u021bei, Emmanuel Macron a declarat:&nbsp;<em>&nbsp;\u201eC\u00e2nd Cipru este atacat\u0103, Europa este atacat\u0103\u201d<\/em>.<\/p>\n<p id=\"p-1\">Macron a declarat c\u0103 Fran\u021ba va trimite dou\u0103 fregate, un tip de nav\u0103 de r\u0103zboi, ca parte a misiunii navale a Uniunii Europene pentru a ap\u0103ra Marea Ro\u0219ie.<\/p>\n<p class=\"ssrcss-1q0x1qg-Paragraph e1jhz7w10\" id=\"p-2\"><em>\u201eSuntem \u00een proces de organizare a unei misiuni pur defensive, pur de escort\u0103, care trebuie preg\u0103tit\u0103 \u00eempreun\u0103 cu statele europene \u0219i non-europene\u201d<\/em>, a declarat Macron, citat de <a href=\"https:\/\/www.bbc.com\/news\/live\/cz0g2yg3579t?post=asset%3A3bd98283-80af-4399-a65a-9311071cd40c#post\" target=\"_blank\" rel=\"noopener\">BBC.&nbsp;<\/a><\/p>\n<p id=\"p-3\">Acesta a preciza c\u0103 ap\u0103rarea Ciprului este o chestiune esen\u021bial\u0103 pentru cele dou\u0103 \u021b\u0103ri, dar \u0219i pentru Europa.<\/p>\n<p class=\"ssrcss-1q0x1qg-Paragraph e1jhz7w10\" id=\"p-4\"><em>\u201eAp\u0103rarea Ciprului este, evident, o chestiune esen\u021bial\u0103 pentru \u021bara dumneavoastr\u0103, pentru vecinul, partenerul \u0219i prietenul dumneavoastr\u0103, Grecia, dar \u0219i pentru Fran\u021ba \u0219i, odat\u0103 cu aceasta, pentru Uniunea European\u0103\u201d<\/em>, a declarat Macron, citat de <a href=\"https:\/\/www.france24.com\/en\/middle-east\/20260309-war-in-middle-east-live-asian-stocks-tumble-oil-prices-soar-as-war-threatens-shipping?arena_mid=bLuchZytQyVS7dI9s03T\" target=\"_blank\" rel=\"noopener\">France 24.&nbsp;<\/a><\/p>\n<p id=\"p-5\">Luni diminea\u021ba, \u00eenainte de vizita sa \u00een Cipru, Macron a discutat cu premierul israelian Benjamin Netanyahu, despre situa\u021bia din Orientul Mijlociu \u0219i Liban, potrivit unui comunicat publicat de Palatul Elysee.<\/p>\n","protected":false},"excerpt":{"rendered":"<p>\u00cen cadrul unei conferin\u021be comune de pres\u0103 desf\u0103\u0219urat\u0103 \u00een Paphos, al\u0103turi de pre\u0219edintele Ciprului, \u200bNikos Christodoulides \u0219i premierul Greciei, &nbsp;Kyriakos Mitsotakis, pree\u0219dintele Fran\u021bei, Emmanuel Macron a declarat:&nbsp;&nbsp;\u201eC\u00e2nd Cipru este atacat\u0103, &hellip; <a href=\"https:\/\/microscopemedia.com\/?p=680891\" class=\"more-link\">Read More<\/a><\/p>\n","protected":false},"author":1,"featured_media":680892,"comment_status":"closed","ping_status":"closed","sticky":false,"template":"Default","format":"standard","meta":[],"categories":[1],"tags":[],"_links":{"self":[{"href":"https:\/\/microscopemedia.com\/index.php?rest_route=\/wp\/v2\/posts\/680891"}],"collection":[{"href":"https:\/\/microscopemedia.com\/index.php?rest_route=\/wp\/v2\/posts"}],"about":[{"href":"https:\/\/microscopemedia.com\/index.php?rest_route=\/wp\/v2\/types\/post"}],"author":[{"embeddable":true,"href":"https:\/\/microscopemedia.com\/index.php?rest_route=\/wp\/v2\/users\/1"}],"replies":[{"embeddable":true,"href":"https:\/\/microscopemedia.com\/index.php?rest_route=%2Fwp%2Fv2%2Fcomments&post=680891"}],"version-history":[{"count":0,"href":"https:\/\/microscopemedia.com\/index.php?rest_route=\/wp\/v2\/posts\/680891\/revisions"}],"wp:featuredmedia":[{"embeddable":true,"href":"https:\/\/microscopemedia.com\/index.php?rest_route=\/wp\/v2\/media\/680892"}],"wp:attachment":[{"href":"https:\/\/microscopemedia.com\/index.php?rest_route=%2Fwp%2Fv2%2Fmedia&parent=680891"}],"wp:term":[{"taxonomy":"category","embeddable":true,"href":"https:\/\/microscopemedia.com\/index.php?rest_route=%2Fwp%2Fv2%2Fcategories&post=680891"},{"taxonomy":"post_tag","embeddable":true,"href":"https:\/\/microscopemedia.com\/index.php?rest_route=%2Fwp%2Fv2%2Ftags&post=680891"}],"curies":[{"name":"wp","href":"https:\/\/api.w.org\/{rel}","templated":true}]}}