{"id":680893,"date":"2026-03-09T14:36:03","date_gmt":"2026-03-09T14:36:03","guid":{"rendered":"https:\/\/microscopemedia.com\/?p=680893"},"modified":"2026-03-09T14:36:03","modified_gmt":"2026-03-09T14:36:03","slug":"nato-confirma-ca-a-interceptat-o-racheta-lansata-din-iran","status":"publish","type":"post","link":"https:\/\/microscopemedia.com\/?p=680893","title":{"rendered":"NATO confirm\u0103 c\u0103 a interceptat o rachet\u0103 lansat\u0103 din Iran"},"content":{"rendered":"<div><img decoding=\"async\" src=\"https:\/\/microscopemedia.com\/wp-content\/uploads\/2026\/03\/nato-confirma-ca-a-interceptat-o-racheta-lansata-din-iran.jpg\" class=\"ff-og-image-inserted\"><\/div>\n<p id=\"p-0\">NATO a confirmat interceptarea unei rachete \u201ecare se \u00eendrepta spre Turcia\u201d, potrivit <a href=\"https:\/\/news.sky.com\/story\/iran-latest-trump-tehran-israel-strikes-us-drone-live-sky-news-13509565\" target=\"_blank\" rel=\"noopener\">Sky News<\/a>.<\/p>\n<p id=\"p-1\">\u201eNATO a interceptat din nou o rachet\u0103 care se \u00eendrepta spre Turcia. NATO \u00ee\u0219i men\u021bine ferm disponibilitatea de a-\u0219i ap\u0103ra to\u021bi alia\u021bii \u00eempotriva oric\u0103rei amenin\u021b\u0103ri\u201d, a transmis purt\u0103toarea de cuv\u00e2nt a NATO, Allison Hart, pe X.<\/p>\n<p id=\"p-2\">Anterior, Ministerul Ap\u0103r\u0103rii din Turcia a anun\u021bat c\u0103 o rachet\u0103 balistic\u0103 lansat\u0103 din Iran a fost dobor\u00e2t\u0103 \u00een spa\u021biul s\u0103u aerian.<\/p>\n<p id=\"p-3\">Turcii au mai spus c\u0103 racheta a fost distrus\u0103 de ap\u0103rarea NATO cu sediul \u00een estul Mediteranei \u0219i c\u0103 fragmentele au aterizat \u00eentr-o zon\u0103 \u00eendep\u0103rtat\u0103 din&nbsp; sud-estul Turciei.<\/p>\n<p id=\"p-4\">Purt\u0103toarea de cuv\u00e2nt a NATO nu a oferit detalii despre zona \u00een care a fost interceptat\u0103 racheta iranian\u0103.<\/p>\n<p id=\"p-5\">S\u0103pt\u0103m\u00e2na trecut\u0103, Ministerul Ap\u0103r\u0103rii din Turcia a anun\u021bat c\u0103 ap\u0103rarea NATO a dobor\u00e2t o alt\u0103 rachet\u0103 balistic\u0103 iranian\u0103 lansat\u0103 spre spa\u021biul turc. Ulterior, \u0219eful Pentagonului, Pete Hegseth, a spus c\u0103 racheta balistic\u0103 tras\u0103 de Iran spre Turcia, nu va declan\u0219a activarea Articolului 5 al Tratatului NATO. Acesta presupune c\u0103 dac\u0103 o \u021bar\u0103 NATO este atacat\u0103, este considerat un atac \u00eempotriva tuturor. Activarea Articolului 5 al NATO oblig\u0103 statele membre s\u0103 asiste partea atacat\u0103, inclusiv prin utilizarea for\u021bei armate.<\/p>\n","protected":false},"excerpt":{"rendered":"<p>NATO a confirmat interceptarea unei rachete \u201ecare se \u00eendrepta spre Turcia\u201d, potrivit Sky News. \u201eNATO a interceptat din nou o rachet\u0103 care se \u00eendrepta spre Turcia. NATO \u00ee\u0219i men\u021bine ferm &hellip; <a href=\"https:\/\/microscopemedia.com\/?p=680893\" class=\"more-link\">Read More<\/a><\/p>\n","protected":false},"author":1,"featured_media":680894,"comment_status":"closed","ping_status":"closed","sticky":false,"template":"Default","format":"standard","meta":[],"categories":[1],"tags":[],"_links":{"self":[{"href":"https:\/\/microscopemedia.com\/index.php?rest_route=\/wp\/v2\/posts\/680893"}],"collection":[{"href":"https:\/\/microscopemedia.com\/index.php?rest_route=\/wp\/v2\/posts"}],"about":[{"href":"https:\/\/microscopemedia.com\/index.php?rest_route=\/wp\/v2\/types\/post"}],"author":[{"embeddable":true,"href":"https:\/\/microscopemedia.com\/index.php?rest_route=\/wp\/v2\/users\/1"}],"replies":[{"embeddable":true,"href":"https:\/\/microscopemedia.com\/index.php?rest_route=%2Fwp%2Fv2%2Fcomments&post=680893"}],"version-history":[{"count":0,"href":"https:\/\/microscopemedia.com\/index.php?rest_route=\/wp\/v2\/posts\/680893\/revisions"}],"wp:featuredmedia":[{"embeddable":true,"href":"https:\/\/microscopemedia.com\/index.php?rest_route=\/wp\/v2\/media\/680894"}],"wp:attachment":[{"href":"https:\/\/microscopemedia.com\/index.php?rest_route=%2Fwp%2Fv2%2Fmedia&parent=680893"}],"wp:term":[{"taxonomy":"category","embeddable":true,"href":"https:\/\/microscopemedia.com\/index.php?rest_route=%2Fwp%2Fv2%2Fcategories&post=680893"},{"taxonomy":"post_tag","embeddable":true,"href":"https:\/\/microscopemedia.com\/index.php?rest_route=%2Fwp%2Fv2%2Ftags&post=680893"}],"curies":[{"name":"wp","href":"https:\/\/api.w.org\/{rel}","templated":true}]}}