{"id":680895,"date":"2026-03-09T14:46:04","date_gmt":"2026-03-09T14:46:04","guid":{"rendered":"https:\/\/microscopemedia.com\/?p=680895"},"modified":"2026-03-09T14:46:04","modified_gmt":"2026-03-09T14:46:04","slug":"2-430-de-ani-de-inchisoare-risca-rivalul-lui-erdogan-cel-mai-urmarit-proces-din-turcia-a-inceput-in-aplauzele-sustinatorilor","status":"publish","type":"post","link":"https:\/\/microscopemedia.com\/?p=680895","title":{"rendered":"2.430 de ani de \u00eenchisoare risc\u0103 rivalul lui Erdogan. Cel mai urm\u0103rit proces din Turcia a \u00eenceput \u00een aplauzele sus\u021bin\u0103torilor"},"content":{"rendered":"<p class=\"p1\" id=\"p-0\">Un nou proces a \u00eenceput la Istanbul \u00eempotriva fostului primar al Istanbulului, Ekrem \u0130mamo\u011flu. Acuza\u021biile la adresa rivalului pre\u0219edintelui turc \u00eensumeaz\u0103 3.900 de pagini \u0219i includ 142 de capete de acuzare. Ast\u0103zi, Ekrem \u0130mamo\u011flu a intrat \u00een sala de proces \u00een aplauzele sus\u021bin\u0103torilor.<\/p>\n<p class=\"p1\" id=\"p-1\">Ekrem Imamoglu este acuzat inclusiv de crearea unei organiza\u021bii criminale, luare de mit\u0103 \u0219i delapidare.<\/p>\n<p class=\"p1\" id=\"p-2\">Potrivit<span><strong>&nbsp;<a href=\"https:\/\/www.hurriyetdailynews.com\/tensions-flare-in-courtroom-as-graft-trial-opens-for-imamoglu-219767\"><span class=\"s1\">Hurriyet<\/span><\/a>&nbsp;<\/strong><\/span>Daily News, dac\u0103 procuratura \u00eel g\u0103se\u0219te pe fostul primar vinovat de toate capete de acuzare, acesta ar putea risca o pedeaps\u0103 cu \u00eenchisoarea de 2.430 de ani.<\/p>\n<p class=\"p1\" id=\"p-3\">Prima audiere a fost \u00eentrerupt\u0103 de judec\u0103tor, care a refuzat s\u0103-i permit\u0103 lui Ekrem \u0130mamo\u011flu s\u0103 fac\u0103 o declara\u021bie.<\/p>\n<p class=\"p1\" id=\"p-4\">Dup\u0103 ce fostul primar a cerut \u201erespectarea prezum\u021biei de nevinov\u0103\u021bie\u201d, judec\u0103torul a p\u0103r\u0103sit sala de judecat\u0103, iar to\u021bi cei prezen\u021bi au fost, de asemenea, ruga\u021bi s\u0103 plece.<\/p>\n<p class=\"p1\" id=\"p-5\">Procesul a fost reluat \u00een jurul pr\u00e2nzului.<\/p>\n<p class=\"p1\" id=\"p-6\">\u00cen sala de judecat\u0103 au fost prezen\u021bi familia lui Ekrem \u0130mamo\u011flu \u0219i \u00d6zg\u00fcr \u00d6zel, liderul partidului de opozi\u021bie Partidul Popular Republican (CHP).<\/p>\n<p class=\"p1\" id=\"p-7\">Procesul se desf\u0103\u0219oar\u0103 sub m\u0103suri stricte de securitate. Toate protestele sunt interzise pe o raz\u0103 de 1 kilometru \u00een jurul tribunalului. Numero\u0219i sus\u021bin\u0103tori ai fostului primar s-au adunat \u00een spatele barierelor ridicate \u00een fa\u021ba tribunalului.<\/p>\n<p id=\"p-8\"><img class=\"aligncenter wp-image-23699748 size-full\" src=\"https:\/\/microscopemedia.com\/wp-content\/uploads\/2026\/03\/2-430-de-ani-de-inchisoare-risca-rivalul-lui-erdogan-cel-mai-urmarit-proces-din-turcia-a-inceput-in-aplauzele-sustinatorilor.webp\" alt width=\"700\" height=\"394\" loading=\"lazy\" decoding=\"async\" srcset=\"https:\/\/microscopemedia.com\/wp-content\/uploads\/2026\/03\/2-430-de-ani-de-inchisoare-risca-rivalul-lui-erdogan-cel-mai-urmarit-proces-din-turcia-a-inceput-in-aplauzele-sustinatorilor-1.webp 500w, https:\/\/microscopemedia.com\/wp-content\/uploads\/2026\/03\/2-430-de-ani-de-inchisoare-risca-rivalul-lui-erdogan-cel-mai-urmarit-proces-din-turcia-a-inceput-in-aplauzele-sustinatorilor.webp 728w\"><\/p>\n<p class=\"p1\" id=\"p-9\">Ekrem \u0130mamo\u011flu, unul dintre liderii CHP, care sus\u021bine calea de dezvoltare european\u0103 a Turciei, a fost arestat \u00een martie 2025 sub acuza\u021bia de corup\u021bie. El neag\u0103 toate acuza\u021biile, spun\u00e2nd c\u0103 sunt motivate politic.<\/p>\n<p class=\"p1\" id=\"p-10\">Imamoglu a fost considerat principalul rival al lui Recep Tayyip Erdogan \u00een alegerile preziden\u021biale, iar arestarea sa a st\u00e2rnit protestele a milioane de&nbsp;oameni pe str\u0103zile ora\u0219elor turce\u0219ti.<\/p>\n<p class=\"p1\" id=\"p-11\">\u00cen iulie 2025, <span><strong><a href=\"https:\/\/www.mediafax.ro\/externe\/erdogan-l-a-numit-pe-procurorul-din-spatele-urmaririlor-penale-ale-opozitiei-la-conducerea-ministerului-justitiei-23685003\">Ekrem \u0130mamo\u011flu<\/a><\/strong><\/span> a fost condamnat&nbsp;la un an \u0219i opt luni de \u00eenchisoare pentru insultarea \u0219i amenin\u021barea unui procuror.<\/p>\n<p class=\"p1\" id=\"p-12\">Aproximativ 400 de persoane sunt, de asemenea, acuzate \u00een dosarul de corup\u021bie \u00een curs, inclusiv angaja\u021bi ai primarilor din Istanbul, Antalya, Bursa \u0219i alte ora\u0219e, precum \u0219i oameni de afaceri \u0219i jurnali\u0219ti.<\/p>\n","protected":false},"excerpt":{"rendered":"<p>Un nou proces a \u00eenceput la Istanbul \u00eempotriva fostului primar al Istanbulului, Ekrem \u0130mamo\u011flu. Acuza\u021biile la adresa rivalului pre\u0219edintelui turc \u00eensumeaz\u0103 3.900 de pagini \u0219i includ 142 de capete de &hellip; <a href=\"https:\/\/microscopemedia.com\/?p=680895\" class=\"more-link\">Read More<\/a><\/p>\n","protected":false},"author":1,"featured_media":680896,"comment_status":"closed","ping_status":"closed","sticky":false,"template":"Default","format":"standard","meta":[],"categories":[1],"tags":[],"_links":{"self":[{"href":"https:\/\/microscopemedia.com\/index.php?rest_route=\/wp\/v2\/posts\/680895"}],"collection":[{"href":"https:\/\/microscopemedia.com\/index.php?rest_route=\/wp\/v2\/posts"}],"about":[{"href":"https:\/\/microscopemedia.com\/index.php?rest_route=\/wp\/v2\/types\/post"}],"author":[{"embeddable":true,"href":"https:\/\/microscopemedia.com\/index.php?rest_route=\/wp\/v2\/users\/1"}],"replies":[{"embeddable":true,"href":"https:\/\/microscopemedia.com\/index.php?rest_route=%2Fwp%2Fv2%2Fcomments&post=680895"}],"version-history":[{"count":0,"href":"https:\/\/microscopemedia.com\/index.php?rest_route=\/wp\/v2\/posts\/680895\/revisions"}],"wp:featuredmedia":[{"embeddable":true,"href":"https:\/\/microscopemedia.com\/index.php?rest_route=\/wp\/v2\/media\/680896"}],"wp:attachment":[{"href":"https:\/\/microscopemedia.com\/index.php?rest_route=%2Fwp%2Fv2%2Fmedia&parent=680895"}],"wp:term":[{"taxonomy":"category","embeddable":true,"href":"https:\/\/microscopemedia.com\/index.php?rest_route=%2Fwp%2Fv2%2Fcategories&post=680895"},{"taxonomy":"post_tag","embeddable":true,"href":"https:\/\/microscopemedia.com\/index.php?rest_route=%2Fwp%2Fv2%2Ftags&post=680895"}],"curies":[{"name":"wp","href":"https:\/\/api.w.org\/{rel}","templated":true}]}}