{"id":680897,"date":"2026-03-09T14:56:04","date_gmt":"2026-03-09T14:56:04","guid":{"rendered":"https:\/\/microscopemedia.com\/?p=680897"},"modified":"2026-03-09T14:56:04","modified_gmt":"2026-03-09T14:56:04","slug":"ursula-von-der-leyen-si-antonio-costa-discutii-de-urgenta-cu-liderii-din-orientul-mijlociu-despre-razboiul-din-iran-si-criza-energetica","status":"publish","type":"post","link":"https:\/\/microscopemedia.com\/?p=680897","title":{"rendered":"Ursula von der Leyen \u0219i Ant\u00f3nio Costa, discu\u021bii de urgen\u021b\u0103 cu liderii din Orientul Mijlociu despre r\u0103zboiul din Iran \u0219i criza energetic\u0103"},"content":{"rendered":"<div><img decoding=\"async\" src=\"https:\/\/microscopemedia.com\/wp-content\/uploads\/2026\/03\/ursula-von-der-leyen-si-antonio-costa-discutii-de-urgenta-cu-liderii-din-orientul-mijlociu-despre-razboiul-din-iran-si-criza-energetica.jpg\" class=\"ff-og-image-inserted\"><\/div>\n<p id=\"p-0\">Ast\u0103zi, <a href=\"https:\/\/www.mediafax.ro\/stirile-zilei\/ursula-von-der-leyen-propune-schimbarea-de-doctrina-a-uniunii-europene-europa-nu-mai-poate-fi-un-gardian-al-vechii-ordini-mondiale-23699550\">Ursula von der Leyen<\/a> \u0219i Ant\u00f3nio Costa au avut un schimb de opinii cu liderii din Iordania, Egipt, Bahrain, Liban, Siria, Turcia, Armenia, Irak, Qatar, Kuweit, Emiratele Arabe Unite, Arabia Saudit\u0103 \u0219i Oman privind cele mai recente evolu\u021bii legate de r\u0103zboiul din Iran, inclusiv atacurile inacceptabile \u00eempotriva \u021b\u0103rilor din regiune \u0219i impactul asupra securit\u0103\u021bii energetice, potrivit unui <a href=\"https:\/\/ec.europa.eu\/commission\/presscorner\/detail\/en\/statement_26_579\" target=\"_blank\" rel=\"noopener\">comunicat<\/a>.<\/p>\n<p id=\"p-1\">Videoconferin\u021ba a reprezentat o continuare a solidarit\u0103\u021bii \u0219i a demersurilor diplomatice ini\u021biate de Uniunea European\u0103 de la \u00eenceputul crizei. Discu\u021biile au avut loc pe baza contactelor men\u021binute de cei doi lideri europeni \u0219i a eforturilor diplomatice realizate anterior de \u00cenaltul Reprezentant al UE pentru afaceri externe \u0219i politica de securitate, Kaja Kallas.<\/p>\n<p id=\"p-2\">Cei doi pre\u0219edin\u021bi au condamnat din nou, \u00een cei mai duri termeni, atacurile nediscriminatorii lansate de Iran \u0219i \u0219i-au exprimat solidaritatea deplin\u0103 cu popula\u021biile din regiune.<\/p>\n<p id=\"p-3\">De asemenea, liderii europeni au mul\u021bumit statelor din Orientul Mijlociu pentru sprijinul acordat \u00een repatrierea a zeci de mii de cet\u0103\u021beni europeni care au r\u0103mas bloca\u021bi \u00een aceste \u021b\u0103ri la \u00eenceputul conflictului.<\/p>\n<h2 id=\"chapter-0\">Uniunea European\u0103 cere reluarea negocierilor<\/h2>\n<p id=\"p-4\">Uniunea European\u0103 este un partener de lung\u0103 durat\u0103 pentru statele din regiune \u0219i \u00ee\u0219i reafirm\u0103 disponibilitatea de a contribui la detensionarea situa\u021biei.<\/p>\n<p id=\"p-5\">Oficialii europeni au subliniat c\u0103 UE este preg\u0103tit\u0103 s\u0103 sprijine orice demers diplomatic care poate readuce p\u0103r\u021bile la masa negocierilor.<\/p>\n<p id=\"p-6\">De\u0219i ordinea interna\u021bional\u0103 bazat\u0103 pe reguli trece printr-o perioad\u0103 dificil\u0103, liderii europeni consider\u0103 c\u0103 dialogul \u0219i diploma\u021bia r\u0103m\u00e2n singura cale realist\u0103 pentru a dep\u0103\u0219i actuala criz\u0103.<\/p>\n<p id=\"p-7\">Uniunea European\u0103 \u0219i-a men\u021binut constant pozi\u021bia privind activit\u0103\u021bile Iranului \u0219i a cerut \u00een repetate r\u00e2nduri conducerii de la Teheran s\u0103 pun\u0103 cap\u0103t programului nuclear \u0219i s\u0103 limiteze programul de rachete balistice.<\/p>\n<p id=\"p-8\">\u00cen acela\u0219i timp, UE a condamnat represiunea \u0219i violen\u021bele exercitate de regimul iranian \u00eempotriva propriilor cet\u0103\u021beni.<\/p>\n<h2 id=\"chapter-1\">Apel pentru protejarea civililor \u0219i respectarea dreptului interna\u021bional<\/h2>\n<p id=\"p-9\">Ursula von der Leyen \u0219i Ant\u00f3nio Costa \u0219i-au reafirmat angajamentul pentru stabilitatea regional\u0103 \u0219i au cerut protejarea civililor, precum \u0219i respectarea deplin\u0103 a dreptului interna\u021bional \u0219i a dreptului interna\u021bional umanitar.<\/p>\n<p id=\"p-10\">Liderii europeni au subliniat \u0219i obliga\u021bia statelor de a respecta principiile prev\u0103zute \u00een Carta Organiza\u021biei Na\u021biunilor Unite.<\/p>\n<p id=\"p-11\">\u00cen cadrul discu\u021biilor a fost men\u021bionat\u0103 \u0219i importan\u021ba opera\u021biunilor maritime defensive ale Uniunii Europene, Operation Aspides \u0219i Operation Atalanta, menite s\u0103 protejeze rutele maritime strategice \u0219i s\u0103 previn\u0103 perturbarea lan\u021burilor esen\u021biale de aprovizionare.<\/p>\n<p id=\"p-12\">Liderii europeni au transmis c\u0103 sunt preg\u0103ti\u021bi s\u0103 adapteze \u0219i s\u0103 consolideze aceste opera\u021biuni pentru a r\u0103spunde mai bine evolu\u021biilor din regiune.<\/p>\n<h2 id=\"chapter-2\">Situa\u021bia din Liban \u0219i impactul asupra popula\u021biei civile<\/h2>\n<p id=\"p-13\">Discu\u021biile au abordat \u0219i situa\u021bia din Liban, unde criza regional\u0103 are un impact sever asupra popula\u021biei civile \u0219i a provocat deplas\u0103ri masive de persoane.<\/p>\n<p id=\"p-14\">Oficialii europeni au subliniat necesitatea protej\u0103rii civililor \u0219i respectarea suveranit\u0103\u021bii \u0219i integrit\u0103\u021bii teritoriale a Libanului.<\/p>\n<p id=\"p-15\">\u00cen acest context, Ursula von der Leyen a anun\u021bat mobilizarea stocurilor din cadrul mecanismului european de protec\u021bie civil\u0103 rescEU pentru a sprijini aproximativ 130.000 de persoane din Liban.<\/p>\n<p id=\"p-16\">Primul zbor umanitar este programat pentru ziua de m\u00e2ine.<\/p>\n<h2 id=\"chapter-3\">\u00cengrijor\u0103ri privind securitatea energetic\u0103 global\u0103<\/h2>\n<p id=\"p-17\">Liderii statelor din Orientul Mijlociu au prezentat evalu\u0103rile lor privind situa\u021bia din regiune \u0219i evolu\u021biile din propriile \u021b\u0103ri.<\/p>\n<p id=\"p-18\">\u00cen discu\u021bii a fost analizat \u0219i impactul atacurilor asupra infrastructurii energetice \u0219i consecin\u021bele \u00eenchiderii Str\u00e2mtoarea Hormuz asupra securit\u0103\u021bii energetice globale.<\/p>\n<p id=\"p-19\">Participan\u021bii au explorat, totodat\u0103, modalit\u0103\u021bi de consolidare a cooper\u0103rii dintre Uniunea European\u0103 \u0219i statele din Orientul Mijlociu pentru a reduce aceste riscuri.<\/p>\n<p id=\"p-20\">La finalul \u00eent\u00e2lnirii, liderii au convenit s\u0103 r\u0103m\u00e2n\u0103 \u00een contact permanent pentru a evalua evolu\u021biile viitoare \u0219i pentru a colabora \u00een vederea ob\u021binerii p\u0103cii.<\/p>\n<p id=\"p-21\">Uniunea European\u0103 a reafirmat c\u0103 va continua s\u0103 lucreze al\u0103turi de statele din regiune pentru restabilirea p\u0103cii \u0219i stabilit\u0103\u021bii \u00een Orientul Mijlociu \u0219i \u00een regiunea Golfului, subliniind angajamentul s\u0103u pe termen lung pentru parteneriat, securitate \u0219i prosperitate.<\/p>\n","protected":false},"excerpt":{"rendered":"<p>Ast\u0103zi, Ursula von der Leyen \u0219i Ant\u00f3nio Costa au avut un schimb de opinii cu liderii din Iordania, Egipt, Bahrain, Liban, Siria, Turcia, Armenia, Irak, Qatar, Kuweit, Emiratele Arabe Unite, &hellip; <a href=\"https:\/\/microscopemedia.com\/?p=680897\" class=\"more-link\">Read More<\/a><\/p>\n","protected":false},"author":1,"featured_media":680898,"comment_status":"closed","ping_status":"closed","sticky":false,"template":"Default","format":"standard","meta":[],"categories":[1],"tags":[],"_links":{"self":[{"href":"https:\/\/microscopemedia.com\/index.php?rest_route=\/wp\/v2\/posts\/680897"}],"collection":[{"href":"https:\/\/microscopemedia.com\/index.php?rest_route=\/wp\/v2\/posts"}],"about":[{"href":"https:\/\/microscopemedia.com\/index.php?rest_route=\/wp\/v2\/types\/post"}],"author":[{"embeddable":true,"href":"https:\/\/microscopemedia.com\/index.php?rest_route=\/wp\/v2\/users\/1"}],"replies":[{"embeddable":true,"href":"https:\/\/microscopemedia.com\/index.php?rest_route=%2Fwp%2Fv2%2Fcomments&post=680897"}],"version-history":[{"count":0,"href":"https:\/\/microscopemedia.com\/index.php?rest_route=\/wp\/v2\/posts\/680897\/revisions"}],"wp:featuredmedia":[{"embeddable":true,"href":"https:\/\/microscopemedia.com\/index.php?rest_route=\/wp\/v2\/media\/680898"}],"wp:attachment":[{"href":"https:\/\/microscopemedia.com\/index.php?rest_route=%2Fwp%2Fv2%2Fmedia&parent=680897"}],"wp:term":[{"taxonomy":"category","embeddable":true,"href":"https:\/\/microscopemedia.com\/index.php?rest_route=%2Fwp%2Fv2%2Fcategories&post=680897"},{"taxonomy":"post_tag","embeddable":true,"href":"https:\/\/microscopemedia.com\/index.php?rest_route=%2Fwp%2Fv2%2Ftags&post=680897"}],"curies":[{"name":"wp","href":"https:\/\/api.w.org\/{rel}","templated":true}]}}