{"id":680905,"date":"2026-03-09T15:46:04","date_gmt":"2026-03-09T15:46:04","guid":{"rendered":"https:\/\/microscopemedia.com\/?p=680905"},"modified":"2026-03-09T15:46:04","modified_gmt":"2026-03-09T15:46:04","slug":"ciucu-anunta-o-serie-de-proiecte-comune-cu-primarii-de-sector-tratez-aceste-intalniri-strict-administrativ-nu-politic","status":"publish","type":"post","link":"https:\/\/microscopemedia.com\/?p=680905","title":{"rendered":"Ciucu anun\u021b\u0103 o serie de proiecte comune cu primarii de sector: \u201eTratez aceste \u00eent\u00e2lniri strict administrativ, nu politic\u201d"},"content":{"rendered":"<p data-start=\"452\" data-end=\"791\" id=\"p-0\">\u201eAm invitat primarii sectoarelor pentru a discuta despre priorit\u0103\u021bile lor, pentru a-i ajuta \u0219i pentru a ne ajuta reciproc s\u0103 debloc\u0103m \u0219i s\u0103 g\u00e2ndim proiecte pentru Bucure\u0219ti. Tratez aceste \u00eent\u00e2lniri strict administrativ \u0219i nu politic. Sunt primarul tuturor bucure\u0219tenilor \u0219i nu doar al unui partid\u201d, a transmis Ciucu \u00eentr-o postare pe Facebook.<\/p>\n<div class=\"single__inline-gallery color-white mg-bottom-20 bg-black padding-5 md:rounded-10\">\n<div class=\"md:rounded-5 display-grid xs:grid-cols-2 grid-cols-3 gap-5\">\n<div class=\"single__inline-gallery-image relative column-span-2 row-span-2\">\n                <a href=\"https:\/\/www.mediafax.ro\/poze\/ciucu-anunta-o-serie-de-proiecte-comune-cu-primarii-de-sector-tratez-aceste-intalniri-strict-administrativ-nu-politic-23699789\"><br \/>\n                    <img decoding=\"async\" loading=\"lazy\" src=\"https:\/\/microscopemedia.com\/wp-content\/uploads\/2026\/03\/ciucu-anunta-o-serie-de-proiecte-comune-cu-primarii-de-sector-tratez-aceste-intalniri-strict-administrativ-nu-politic.jpg\" width=\"700\" height=\"450\"><br \/>\n                <\/a>\n                            <\/div>\n<div class=\"single__inline-gallery-image relative \">\n                <a href=\"https:\/\/www.mediafax.ro\/poze\/ciucu-anunta-o-serie-de-proiecte-comune-cu-primarii-de-sector-tratez-aceste-intalniri-strict-administrativ-nu-politic-23699789\"><br \/>\n                    <img decoding=\"async\" loading=\"lazy\" src=\"https:\/\/microscopemedia.com\/wp-content\/uploads\/2026\/03\/ciucu-anunta-o-serie-de-proiecte-comune-cu-primarii-de-sector-tratez-aceste-intalniri-strict-administrativ-nu-politic-1.jpg\" width=\"700\" height=\"450\"><br \/>\n                <\/a>\n                            <\/div>\n<\/p><\/div>\n<\/p><\/div>\n<p data-start=\"793\" data-end=\"1048\" id=\"p-1\">Potrivit edilului general, s\u0103pt\u0103m\u00e2na aceasta au loc \u00eent\u00e2lniri cu primarii sectoarelor 1, 2 \u0219i 3. Prima discu\u021bie a avut loc deja cu George Cristian Tu\u021b\u0103, primarul Sectorului 1, \u00eent\u00e2lnire descris\u0103 de Ciucu drept una cu \u201eo agend\u0103 plin\u0103\u201d.<\/p>\n<p data-start=\"1050\" data-end=\"1269\" id=\"p-2\">Primarul general a precizat c\u0103, \u00eempreun\u0103 cu edilul Sectorului 1, a convenit asupra mai multor proiecte ce urmeaz\u0103 s\u0103 fie derulate \u00een acest an \u0219i anul viitor, cele mai complexe fiind programate pentru finalizare \u00een 2026.<\/p>\n<p data-start=\"1271\" data-end=\"1711\" id=\"p-3\">Un prim proiect vizeaz\u0103 zona Palatului \u0219i a S\u0103lii Palatului, unde Prim\u0103ria Municipiului Bucure\u0219ti va ini\u021bia un concurs de solu\u021bii pentru realizarea unui PUZ, cu scopul regener\u0103rii urbane a \u00eentregii zone. P\u00e2n\u0103 la demararea proiectului, \u00eentre\u021binerea zonei va fi asigurat\u0103 de Sectorul 1, \u00een contextul \u00een care Administra\u021bia Lacuri, Parcuri \u0219i Agrement Bucure\u0219ti nu mai dispune de muncitori proprii \u0219i are datorii semnificative c\u0103tre firme subcontractate.<\/p>\n<p data-start=\"1713\" data-end=\"1981\" id=\"p-4\">De asemenea, Ciucu a anun\u021bat reluarea proiectului de reamenajare a str\u0103zii Brezoianu, precum \u0219i un proiect asumat de Sectorul 1 pentru reamenajarea pia\u021betei Iosif Sava, care ar urma s\u0103 fie transformat\u0103 dintr-o zon\u0103 dominat\u0103 de ma\u0219ini \u00eentr-un spa\u021biu destinat oamenilor.<\/p>\n<p data-start=\"1983\" data-end=\"2312\" id=\"p-5\">Un alt proiect comun vizeaz\u0103 pietonalizarea str\u0103zii dintre Biserica Amzei \u0219i Pia\u021ba Amzei, care va fi supus\u0103 dezbaterii publice. Totodat\u0103, este avut\u0103 \u00een vedere amenajarea unei parc\u0103ri publice cu arbori la intersec\u021bia str\u0103zii Buze\u0219ti cu Calea Grivi\u021bei, proiect ce va fi realizat de Sectorul 1, \u00een parteneriat cu Prim\u0103ria Capitalei.<\/p>\n<p data-start=\"2314\" data-end=\"2597\" id=\"p-6\">Primarul general a mai anun\u021bat un proiect de transformare a terenului de la intersec\u021bia str\u0103zilor Berzei \u0219i G\u0103rii de Nord \u00eentr-un spa\u021biu verde multifunc\u021bional. Proiectul presupune exproprieri, care vor fi realizate de Prim\u0103ria Capitalei, \u00een timp ce Sectorul 1 va contribui financiar.<\/p>\n<p data-start=\"2599\" data-end=\"3019\" id=\"p-7\">Pe lista proiectelor comune se mai afl\u0103 amenajarea parc\u0103rilor de pe strada G\u0103rii de Nord \u0219i de pe Calea Grivi\u021bei, inclusiv zona de sub Podul Basarab, precum \u0219i pietonalizarea zonei din jurul Universitatea de Arhitectur\u0103 \u0219i Urbanism Ion Mincu, de la strada Academiei p\u00e2n\u0103 la f\u00e2nt\u00e2na de la Universitate. \u00cen acest caz, studen\u021bii vor participa la un concurs de idei, iar solu\u021bia c\u00e2\u0219tig\u0103toare va fi implementat\u0103 de cele dou\u0103 prim\u0103rii.<\/p>\n<p data-start=\"3021\" data-end=\"3146\" id=\"p-8\">\u00cen plus, Ciucu a men\u021bionat sistematizarea str\u0103zii Academiei, conform Planului Integrat de Dezvoltare Urban\u0103 al Bucure\u0219tiului.<\/p>\n<p data-start=\"3148\" data-end=\"3449\" id=\"p-9\">\u00cen perioada urm\u0103toare, primarul general urmeaz\u0103 s\u0103 se \u00eent\u00e2lneasc\u0103 cu Rare\u0219 Hopinc\u0103, primarul Sectorului 2, \u0219i cu Robert Negoi\u021b\u0103, primarul Sectorului 3, urm\u00e2nd ca, s\u0103pt\u0103m\u00e2na viitoare, s\u0103 aib\u0103 discu\u021bii similare \u0219i cu primarii sectoarelor 4, 5 \u0219i 6.<\/p>\n<p data-start=\"3451\" data-end=\"3560\" id=\"p-10\">\u201e\u00cencerc s\u0103 maximiz\u0103m efortul nostru cumulat. Sunt dator ca m\u0103car s\u0103 \u00eencerc\u201d, a mai transmis primarul general.<\/p>\n","protected":false},"excerpt":{"rendered":"<p>\u201eAm invitat primarii sectoarelor pentru a discuta despre priorit\u0103\u021bile lor, pentru a-i ajuta \u0219i pentru a ne ajuta reciproc s\u0103 debloc\u0103m \u0219i s\u0103 g\u00e2ndim proiecte pentru Bucure\u0219ti. Tratez aceste \u00eent\u00e2lniri &hellip; <a href=\"https:\/\/microscopemedia.com\/?p=680905\" class=\"more-link\">Read More<\/a><\/p>\n","protected":false},"author":1,"featured_media":680906,"comment_status":"closed","ping_status":"closed","sticky":false,"template":"Default","format":"standard","meta":[],"categories":[1],"tags":[],"_links":{"self":[{"href":"https:\/\/microscopemedia.com\/index.php?rest_route=\/wp\/v2\/posts\/680905"}],"collection":[{"href":"https:\/\/microscopemedia.com\/index.php?rest_route=\/wp\/v2\/posts"}],"about":[{"href":"https:\/\/microscopemedia.com\/index.php?rest_route=\/wp\/v2\/types\/post"}],"author":[{"embeddable":true,"href":"https:\/\/microscopemedia.com\/index.php?rest_route=\/wp\/v2\/users\/1"}],"replies":[{"embeddable":true,"href":"https:\/\/microscopemedia.com\/index.php?rest_route=%2Fwp%2Fv2%2Fcomments&post=680905"}],"version-history":[{"count":0,"href":"https:\/\/microscopemedia.com\/index.php?rest_route=\/wp\/v2\/posts\/680905\/revisions"}],"wp:featuredmedia":[{"embeddable":true,"href":"https:\/\/microscopemedia.com\/index.php?rest_route=\/wp\/v2\/media\/680906"}],"wp:attachment":[{"href":"https:\/\/microscopemedia.com\/index.php?rest_route=%2Fwp%2Fv2%2Fmedia&parent=680905"}],"wp:term":[{"taxonomy":"category","embeddable":true,"href":"https:\/\/microscopemedia.com\/index.php?rest_route=%2Fwp%2Fv2%2Fcategories&post=680905"},{"taxonomy":"post_tag","embeddable":true,"href":"https:\/\/microscopemedia.com\/index.php?rest_route=%2Fwp%2Fv2%2Ftags&post=680905"}],"curies":[{"name":"wp","href":"https:\/\/api.w.org\/{rel}","templated":true}]}}