{"id":680911,"date":"2026-03-09T16:26:03","date_gmt":"2026-03-09T16:26:03","guid":{"rendered":"https:\/\/microscopemedia.com\/?p=680911"},"modified":"2026-03-09T16:26:03","modified_gmt":"2026-03-09T16:26:03","slug":"rezervor-de-gaz-ingropat-ilegat-sub-nisip-pe-o-plaja-din-navodari-controale-pe-tot-litoralul","status":"publish","type":"post","link":"https:\/\/microscopemedia.com\/?p=680911","title":{"rendered":"Rezervor de gaz \u00eengropat ilegat sub nisip pe o plaj\u0103 din N\u0103vodari. Controale pe tot litoralul"},"content":{"rendered":"<div><img decoding=\"async\" src=\"https:\/\/microscopemedia.com\/wp-content\/uploads\/2026\/03\/rezervor-de-gaz-ingropat-ilegat-sub-nisip-pe-o-plaja-din-navodari-controale-pe-tot-litoralul.jpg\" class=\"ff-og-image-inserted\"><\/div>\n<p id=\"p-0\">Incidentul a avut loc luni, \u00een jurul orei 13.00, c\u00e2nd un utilaj care preg\u0103tea plaja pentru sezonul estival, \u00een zona fostei terase Lujo din N\u0103vodari, a avariat accidental un rezervor subteran de gaz, cu o capacitate de 2600 litri, \u00eengropat \u00een nisip.<\/p>\n<p id=\"p-1\">Reprezentan\u021bii Administra\u021biei Na\u021bionale \u201eApele Rom\u00e2ne\u201d au securizat perimetrul \u0219i au restric\u021bionat accesul persoanelor pe o raz\u0103 de aproximativ 100 de metri.<\/p>\n<p id=\"p-2\">La fa\u021ba locului au intervenit echipaje ale ISU Constan\u021ba, inclusiv echipa specializat\u0103 pentru substan\u021be periculoase, \u0219i poli\u021bi\u0219ti.<\/p>\n<p id=\"p-3\">Zona a fost izolat\u0103 \u0219i au fost aplicate toate m\u0103surile necesare pentru eliminarea oric\u0103rui risc \u0219i prevenirea unui incident major.<\/p>\n<p id=\"p-4\">Poli\u021bia a efectuat cercet\u0103ri la fa\u021ba locului \u0219i a ridicat probe \u00een vederea deschiderii unui dosar penal pentru stabilirea tuturor responsabilit\u0103\u021bilor, transmite Ministerul Mediului \u00eentr-un comunicat.<\/p>\n<h2 id=\"chapter-0\">Controale pe tot litoralul<\/h2>\n<p id=\"p-5\">\u201ePolitica Ministerului Mediului, Apelor \u0219i P\u0103durilor cu privire la plajele din Rom\u00e2nia este toleran\u021b\u0103 0 pentru ilegalit\u0103\u021bile care pun \u00een pericol mii de rom\u00e2ni. Ce a fost descoperit ast\u0103zi la N\u0103vodari \u2013 un rezervor de gaz \u00eengropat ilegal \u00eentr-o zon\u0103 \u00een care \u00eencetase contractul de \u00eenchiriere anul trecut \u2013 este un risc foarte mare \u0219i o iresponsabilitate uria\u0219\u0103 din partea operatorilor economici. Nu vom \u00eentoarce ochii la ilegalit\u0103\u021bile de pe plajele din Rom\u00e2nia indiferent cine sunt operatorii economici. Vom controla toate plajele eliberate de construc\u021bii \u00een 2025 pentru a vedea dac\u0103 aceast\u0103 situa\u021bie se repet\u0103 \u0219i \u00een alte zone\u201d, a declarat Diana Buzoianu, ministra Mediului.<\/p>\n<p id=\"p-6\">Potrivit comunicatului citat, din verific\u0103rile preliminare rezult\u0103 c\u0103 rezervorul de gaz a fost \u00eengropat ilegal \u00een nisip de c\u0103tre operatorul economic care a administrat terasa din acea zon\u0103.<\/p>\n<p id=\"p-7\">Contractul de \u00eenchiriere pentru sectorul de plaj\u0103 a \u00eencetat \u00een 30 octombrie 2025, iar operatorului i-a fost impus\u0103 obliga\u021bia de a dezafecta \u0219i evacua toate dot\u0103rile de pe plaj\u0103 p\u00e2n\u0103 cel t\u00e2rziu \u00een 15 decembrie 2025.<\/p>\n<p id=\"p-8\">\u201eRezervorul respectiv nu a fost declarat \u0219i nu a avut niciun acord din partea Administra\u021biei Na\u021bionale <apele rom> pentru amplasare\u201d, arat\u0103 reprezentan\u021bii ministerului.<\/apele><\/p>\n<p id=\"p-9\">Administra\u021bia Bazinal\u0103 de Ap\u0103 Dobrogea\u2013Litoral face de m\u00e2ine controale pentru verificarea \u00eentregului litoral rom\u00e2nesc \u0219i identificarea oric\u0103ror situa\u021bii similare care ar putea pune \u00een pericol siguran\u021ba public\u0103 sau mediul.<\/p>\n","protected":false},"excerpt":{"rendered":"<p>Incidentul a avut loc luni, \u00een jurul orei 13.00, c\u00e2nd un utilaj care preg\u0103tea plaja pentru sezonul estival, \u00een zona fostei terase Lujo din N\u0103vodari, a avariat accidental un rezervor &hellip; <a href=\"https:\/\/microscopemedia.com\/?p=680911\" class=\"more-link\">Read More<\/a><\/p>\n","protected":false},"author":1,"featured_media":680912,"comment_status":"closed","ping_status":"closed","sticky":false,"template":"Default","format":"standard","meta":[],"categories":[1],"tags":[],"_links":{"self":[{"href":"https:\/\/microscopemedia.com\/index.php?rest_route=\/wp\/v2\/posts\/680911"}],"collection":[{"href":"https:\/\/microscopemedia.com\/index.php?rest_route=\/wp\/v2\/posts"}],"about":[{"href":"https:\/\/microscopemedia.com\/index.php?rest_route=\/wp\/v2\/types\/post"}],"author":[{"embeddable":true,"href":"https:\/\/microscopemedia.com\/index.php?rest_route=\/wp\/v2\/users\/1"}],"replies":[{"embeddable":true,"href":"https:\/\/microscopemedia.com\/index.php?rest_route=%2Fwp%2Fv2%2Fcomments&post=680911"}],"version-history":[{"count":0,"href":"https:\/\/microscopemedia.com\/index.php?rest_route=\/wp\/v2\/posts\/680911\/revisions"}],"wp:featuredmedia":[{"embeddable":true,"href":"https:\/\/microscopemedia.com\/index.php?rest_route=\/wp\/v2\/media\/680912"}],"wp:attachment":[{"href":"https:\/\/microscopemedia.com\/index.php?rest_route=%2Fwp%2Fv2%2Fmedia&parent=680911"}],"wp:term":[{"taxonomy":"category","embeddable":true,"href":"https:\/\/microscopemedia.com\/index.php?rest_route=%2Fwp%2Fv2%2Fcategories&post=680911"},{"taxonomy":"post_tag","embeddable":true,"href":"https:\/\/microscopemedia.com\/index.php?rest_route=%2Fwp%2Fv2%2Ftags&post=680911"}],"curies":[{"name":"wp","href":"https:\/\/api.w.org\/{rel}","templated":true}]}}