{"id":680917,"date":"2026-03-09T17:16:04","date_gmt":"2026-03-09T17:16:04","guid":{"rendered":"https:\/\/microscopemedia.com\/?p=680917"},"modified":"2026-03-09T17:16:04","modified_gmt":"2026-03-09T17:16:04","slug":"fostul-presedinte-francez-nicolas-sarkozy-intra-din-nou-la-inchisoare","status":"publish","type":"post","link":"https:\/\/microscopemedia.com\/?p=680917","title":{"rendered":"Fostul pre\u0219edinte francez Nicolas Sarkozy intr\u0103 din nou la \u00eenchisoare"},"content":{"rendered":"<div><img decoding=\"async\" src=\"https:\/\/microscopemedia.com\/wp-content\/uploads\/2026\/03\/fostul-presedinte-francez-nicolas-sarkozy-intra-din-nou-la-inchisoare.jpg\" class=\"ff-og-image-inserted\"><\/div>\n<p class=\"doc__text\" id=\"p-0\"><span dir=\"auto\">Avoca\u021bii lui Sarkozy au solicitat a\u0219a-numita contopire a pedepselor, ceea ce \u00eenseamn\u0103 c\u0103 timpul deja executat \u00eentr-un caz s\u0103 fie luat \u00een considerare \u00een cel\u0103lalt dosar. Totul se refer\u0103 la dou\u0103 cazuri de mare amploare din ultimii ani: cazul intercept\u0103rilor telefonice \u0219i al influen\u021bei ilicite \u0219i cazul Bygmalion, care a implicat facturi false \u00een timpul <\/span><span><strong><a href=\"https:\/\/www.bfmtv.com\/police-justice\/confusion-des-peines-de-nicolas-sarkozy-le-tribunal-rejette-la-demande-de-l-ex-president-pour-les-dossiers-bismuth-et-bygmalion_AN-202603090603.html\"><span dir=\"auto\">campaniei preziden\u021biale din 2012<\/span><\/a><span dir=\"auto\">&nbsp;.<\/span><\/strong><\/span><\/p>\n<p class=\"doc__text\" id=\"p-1\"><span dir=\"auto\">\u00cen februarie, fostul pre\u0219edinte a solicitat instan\u021bei s\u0103 declare c\u0103 pedeapsa de \u0219ase luni de \u00eenchisoare din cazul Bygmalion a fost deja executat\u0103. El a invocat faptul c\u0103 purtase deja o br\u0103\u021bar\u0103 electronic\u0103 \u00eentre februarie \u0219i mai 2025 ca parte a pedepsei sale \u00een&nbsp;<\/span><span><strong><a href=\"https:\/\/www.bfmtv.com\/police-justice\/confusion-des-peines-de-nicolas-sarkozy-le-tribunal-rejette-la-demande-de-l-ex-president-pour-les-dossiers-bismuth-et-bygmalion_AN-202603090603.html\"><span dir=\"auto\">\u201ecazul intercept\u0103rilor telefonice<\/span><\/a><\/strong><\/span><span dir=\"auto\"><span><strong>&nbsp;\u201d<\/strong><\/span>. Cu toate acestea, instan\u021ba a constatat c\u0103 \u00een acest caz nu erau \u00eendeplinite condi\u021biile pentru combinarea pedepselor.<\/span><\/p>\n<p class=\"doc__text\" id=\"p-2\"><span dir=\"auto\">Legea penal\u0103 francez\u0103 permite contopirea pedepselor dac\u0103 infrac\u021biunile au fost comise \u00eenainte de decizia definitiv\u0103 a instan\u021bei \u0219i dac\u0103 pedepsele aplicate sunt similare. <\/span><\/p>\n<p class=\"doc__text\" id=\"p-3\"><span dir=\"auto\">Instan\u021ba a decis c\u0103, \u00een cazul lui Sarkozy, aceste condi\u021bii nu permit comutarea automat\u0103 a pedepsei deja executate. <strong>Fostul pre\u0219edinte va fi obligat s\u0103 \u00ee\u0219i execute pedeapsa din cazul Bygmalion \u2013 \u0219ase luni de \u00eenchisoare cu o br\u0103\u021bar\u0103 electronic\u0103.<\/strong><\/span><\/p>\n<p class=\"doc__text\" id=\"p-4\"><span dir=\"auto\">Pe 16 martie, la Paris va \u00eencepe un nou proces de apel privind presupusa finan\u021bare libian\u0103 a campaniei sale preziden\u021biale din 2007. \u00cen \u0219edin\u021ba de judecat\u0103 anterioar\u0103, el&nbsp;<\/span><span><strong><a href=\"https:\/\/www.bfmtv.com\/police-justice\/confusion-des-peines-de-nicolas-sarkozy-le-tribunal-rejette-la-demande-de-l-ex-president-pour-les-dossiers-bismuth-et-bygmalion_AN-202603090603.html\"><span dir=\"auto\">a fost g\u0103sit<\/span><\/a><\/strong><\/span><span dir=\"auto\"><span><strong>&nbsp;<\/strong><\/span>vinovat de \u201eparticipare la o organiza\u021bie criminal\u0103\u201d \u0219i condamnat la cinci ani de \u00eenchisoare.<\/span><\/p>\n<p class=\"doc__text\" id=\"p-5\"><span dir=\"auto\"><span><strong><a href=\"https:\/\/www.lefigaro.fr\/actualite-france\/confusion-des-peines-la-requete-de-nicolas-sarkozy-refusee-20260309\">Nicolas Sarkozy<\/a> <\/strong><\/span>a fost pre\u0219edintele Fran\u021bei \u00eentre 2007 \u0219i 2012 \u0219i, dup\u0103 ce a p\u0103r\u0103sit politica, a f\u0103cut \u00een mod repetat obiectul unor anchete penale. Decizia instan\u021bei de ast\u0103zi privind consolidarea pedepselor este cea mai recent\u0103 dintr-o serie de proceduri judiciare care \u00eel vizeaz\u0103 pe fostul lider.<\/span><\/p>\n","protected":false},"excerpt":{"rendered":"<p>Avoca\u021bii lui Sarkozy au solicitat a\u0219a-numita contopire a pedepselor, ceea ce \u00eenseamn\u0103 c\u0103 timpul deja executat \u00eentr-un caz s\u0103 fie luat \u00een considerare \u00een cel\u0103lalt dosar. Totul se refer\u0103 la &hellip; <a href=\"https:\/\/microscopemedia.com\/?p=680917\" class=\"more-link\">Read More<\/a><\/p>\n","protected":false},"author":1,"featured_media":680918,"comment_status":"closed","ping_status":"closed","sticky":false,"template":"Default","format":"standard","meta":[],"categories":[1],"tags":[],"_links":{"self":[{"href":"https:\/\/microscopemedia.com\/index.php?rest_route=\/wp\/v2\/posts\/680917"}],"collection":[{"href":"https:\/\/microscopemedia.com\/index.php?rest_route=\/wp\/v2\/posts"}],"about":[{"href":"https:\/\/microscopemedia.com\/index.php?rest_route=\/wp\/v2\/types\/post"}],"author":[{"embeddable":true,"href":"https:\/\/microscopemedia.com\/index.php?rest_route=\/wp\/v2\/users\/1"}],"replies":[{"embeddable":true,"href":"https:\/\/microscopemedia.com\/index.php?rest_route=%2Fwp%2Fv2%2Fcomments&post=680917"}],"version-history":[{"count":0,"href":"https:\/\/microscopemedia.com\/index.php?rest_route=\/wp\/v2\/posts\/680917\/revisions"}],"wp:featuredmedia":[{"embeddable":true,"href":"https:\/\/microscopemedia.com\/index.php?rest_route=\/wp\/v2\/media\/680918"}],"wp:attachment":[{"href":"https:\/\/microscopemedia.com\/index.php?rest_route=%2Fwp%2Fv2%2Fmedia&parent=680917"}],"wp:term":[{"taxonomy":"category","embeddable":true,"href":"https:\/\/microscopemedia.com\/index.php?rest_route=%2Fwp%2Fv2%2Fcategories&post=680917"},{"taxonomy":"post_tag","embeddable":true,"href":"https:\/\/microscopemedia.com\/index.php?rest_route=%2Fwp%2Fv2%2Ftags&post=680917"}],"curies":[{"name":"wp","href":"https:\/\/api.w.org\/{rel}","templated":true}]}}