{"id":680923,"date":"2026-03-09T18:06:03","date_gmt":"2026-03-09T18:06:03","guid":{"rendered":"https:\/\/microscopemedia.com\/?p=680923"},"modified":"2026-03-09T18:06:03","modified_gmt":"2026-03-09T18:06:03","slug":"razboi-in-orientul-mijlociu-ziua-10-o-racheta-iraniana-a-fost-doborata-in-spatiul-nato-noul-lider-suprem-mojtaba-khamenei-a-fost-ranit-in-razboi","status":"publish","type":"post","link":"https:\/\/microscopemedia.com\/?p=680923","title":{"rendered":"R\u0103zboi \u00een Orientul Mijlociu, ziua 10. O rachet\u0103 iranian\u0103 a fost dobor\u00e2t\u0103 \u00een spa\u021biul NATO \/ Noul lider suprem Mojtaba Khamenei a fost r\u0103nit \u00een r\u0103zboi"},"content":{"rendered":"<div><img decoding=\"async\" src=\"https:\/\/microscopemedia.com\/wp-content\/uploads\/2026\/03\/razboi-in-orientul-mijlociu-ziua-10-o-racheta-iraniana-a-fost-doborata-in-spatiul-nato-noul-lider-suprem-mojtaba-khamenei-a-fost-ranit-in-razboi.jpg\" class=\"ff-og-image-inserted\"><\/div>\n<p id=\"p-0\">&nbsp;<\/p>\n<h2 id=\"chapter-0\">Bahrain cere pedeapsa cu moartea pentru cei care au fotografiat atacurile iraniene<\/h2>\n<p id=\"p-1\"><a href=\"https:\/\/www.mediafax.ro\/stirile-zilei\/bahrain-cere-pedeapsa-cu-moartea-pentru-cei-care-au-fotografiat-atacurile-iraniene-23699863\" target=\"_blank\" rel=\"noopener\">Procuratura din Bahrain<\/a> solicit\u0103 pedeapsa cu moartea pentru inculpa\u021bii acuza\u021bi de \u201etr\u0103dare grav\u0103\u201d, care au fotografiat loca\u021bii cu acces restric\u021bionat dup\u0103 atacurile iraniene.<\/p>\n<p id=\"p-2\">Procuratura General\u0103 din Manama a cerut pedeapsa cu moartea pentru doi inculpa\u021bi acuza\u021bi de spionaj \u00een favoarea unei organiza\u021bii teroriste, cu inten\u021bia de a comite acte teroriste \u0219i ostile \u00eempotriva Bahrainului.<\/p>\n<h2 id=\"chapter-1\"><\/h2>\n<h2 id=\"chapter-2\">Trump va sus\u021bine o conferin\u021b\u0103 de pres\u0103<\/h2>\n<p id=\"p-3\">Pre\u0219edintele Trump tocmai a anun\u021bat c\u0103 va sus\u021bine o conferin\u021b\u0103 de pres\u0103 la proprietatea sa de golf din Miami \u201e\u00een jurul\u201d orei 17:30 <strong>(ora Rom\u00e2niei 0:30)<\/strong>. Nu a fost specificat subiectul conferin\u021bei.<\/p>\n<p id=\"p-4\">Cu toate acestea, dup\u0103 ce r\u0103zboiul dintre SUA, Israel \u0219i Iran a intrat \u00een cea de-a doua s\u0103pt\u0103m\u00e2n\u0103 de conflict, pre\u0219edintele Donald Trump a precizat, \u00eentr-o postare pe Truth Social, c\u0103 au avut loc \u201emulte \u00eent\u00e2lniri importante \u0219i discu\u021bii telefonice\u201d, luni.<\/p>\n<h2 id=\"chapter-3\"><\/h2>\n<h2 id=\"chapter-4\">Ministerul Ap\u0103r\u0103rii din Emiratele Arabe Unite a detectat 15 rachete balistice<\/h2>\n<p id=\"p-5\">Luni, <a href=\"https:\/\/www.mediafax.ro\/externe\/ministerul-apararii-din-emiratele-arabe-unite-a-detectat-15-rachete-balistice-23699847\" target=\"_blank\" rel=\"noopener\">Ministerul Ap\u0103r\u0103rii din Emiratele Arabe Unite<\/a> a anun\u021bat c\u0103 ap\u0103rarea aerian\u0103 a detectat 15 rachete balistice. Dintre acestea, 12 au fost distruse, \u00een timp ce alte trei au c\u0103zut \u00een mare.<\/p>\n<p id=\"p-6\">\u00cen comunicatul publicat, luni, ministerul emiratez al Ap\u0103r\u0103rii a mai precizat c\u0103 au fost detectate \u0219i 18 drone, dintre care 17 au fost interceptate.<\/p>\n<h2 id=\"chapter-5\"><\/h2>\n<h2 id=\"chapter-6\">Israelul atac\u0103 sucursalele unei b\u0103nci din Beirut care finan\u021beaz\u0103 gruparea Hezbollah<\/h2>\n<p id=\"p-7\">Luni, la amiaz\u0103, trei sucursale ale b\u0103ncii <a href=\"https:\/\/www.mediafax.ro\/externe\/israelul-ataca-sucursalele-unei-banci-din-beirut-care-finanteaza-gruparea-hezbollah-23699827\" target=\"_blank\" rel=\"noopener\">Al-Qard Al-Hassan<\/a> au fost lovite dup\u0103 ce Israelul a avertizat c\u0103 va lovi institu\u021bia, pe care a acuzat-o c\u0103 finan\u021beaz\u0103 direct ac\u021bivit\u0103\u021bile militare ale grup\u0103rii Hezbollah.<\/p>\n<p id=\"p-8\">&nbsp;<\/p>\n<h2 id=\"chapter-7\">Cele cinci juc\u0103toare iraniene din Australia se afl\u0103 sub protec\u021bia autorit\u0103\u021bilor. Trump: Anthony Albanese este implicat<\/h2>\n<p id=\"p-9\"><a href=\"https:\/\/www.mediafax.ro\/externe\/cele-cinci-jucatoare-iraniene-din-australia-se-afla-sub-protectia-autoritatilor-trump-anthony-albanese-este-implicat-23699755\" target=\"_blank\" rel=\"noopener\">Cele cinci juc\u0103toare a Na\u021bionalei de Fotbal a Iranului se afl\u0103 sub protec\u021bia autorit\u0103\u021bilor<\/a> din Queensland, Australia. Pre\u0219edintele Donald Trump, a precizat \u00eentr-un mesaj pe Truth Social c\u0103 premierul australian Anthony Albanese s-a implicat \u00een demersul protej\u0103rii juc\u0103toarelor.<\/p>\n<p id=\"p-10\">Cinci membre ale echipei iraniene de fotbal feminin au fost luate sub protec\u021bia poli\u021biei din Australia dup\u0103 ce au refuzat s\u0103 se \u00eentoarc\u0103 \u00een \u021bara lor de origine \u00een urma elimin\u0103rii echipei din Cupa Asiei Feminin\u0103. Iat\u0103 momentul de s\u0103pt\u0103m\u00e2na trecut\u0103 care a creat controverse.<\/p>\n<h2 id=\"chapter-8\"><\/h2>\n<h2 id=\"chapter-9\">Procurorul general din Teheran anun\u021b\u0103 c\u0103 vrea s\u0103 \u00eei pun\u0103 sub acuzare pe Trump \u0219i Netanyahu<\/h2>\n<p id=\"p-11\">Procurorul general din Iran a anun\u021bat c\u0103 a depus pl\u00e2ngere penal\u0103 \u0219i \u00eei ancheteaz\u0103 pe<a href=\"https:\/\/www.mediafax.ro\/stirile-zilei\/procurorul-general-din-teheran-anunta-ca-vrea-sa-ii-puna-sub-acuzare-pe-trump-si-netanyahu-23699765\"> Donald Trump \u0219i Benjamin Netanyahu<\/a> pentru atacurile recente asupra Iranului, potrivit Iran International.<\/p>\n<p id=\"p-12\">Ali Salehi, procurorul general \u0219i revolu\u021bionar din Teheran, a anun\u021bat depunerea unei pl\u00e2ngeri penale \u00eempotriva lui Donald Trump, Benjamin Netanyahu \u0219i \u00eempotriva <em>\u201etuturor celor care au ordonat, cauzat, executat, partenerilor, adjunc\u021bilor \u0219i facilitatori ai ac\u021biunilor penale legate de atacurile recente asupra teritoriului Republicii Islamice Iran\u201d<\/em>, relateaz\u0103 Iran International \u0219i presa arab\u0103.<\/p>\n<p id=\"p-13\">&nbsp;<\/p>\n<h2 id=\"chapter-10\">Iranul confirm\u0103 c\u0103 Rusia \u00eei ajut\u0103 \u00een r\u0103zboiul cu SUA \u0219i Israel. Ministrul de externe: \u201eNu este un secret\u201d<\/h2>\n<p id=\"p-14\">Ministrul de externe al Iranului a confirmat c\u0103 <a href=\"https:\/\/www.mediafax.ro\/stirile-zilei\/iranul-confirma-ca-rusia-ii-ajuta-in-razboiul-cu-sua-si-israel-ministrul-de-externe-nu-este-un-secret-23699752\" target=\"_blank\" rel=\"noopener\">Rusia ofer\u0103 sprijin Teheranului<\/a> \u00een conflictul cu Statele Unite \u0219i Israel. Declara\u021bia vine la scurt timp dup\u0103 informa\u021biile potrivit c\u0103rora Moscova ar fi transmis Iranului date despre pozi\u021biile for\u021belor americane din Orientul Mijlociu.<\/p>\n<h2 id=\"chapter-11\"><\/h2>\n<h2 id=\"chapter-12\">Trump a sugerat c\u0103 va oferi azil juc\u0103toarelor Na\u021bionalei de fotbal din Iran<\/h2>\n<p id=\"p-15\">Pre\u0219edintele SUA, <a href=\"https:\/\/www.mediafax.ro\/externe\/trump-a-sugerat-ca-va-oferi-azil-jucatoarelor-nationalei-de-fotbal-din-iran-23699755\" target=\"_blank\" rel=\"noopener\">Donald Trump,<\/a> a sugerat c\u0103 Statele Unite le vor oferi azil echipei Na\u021bionale Feminine de fotbal a Iranului. Acesta avertizeaz\u0103 Australia c\u0103 face \u201eo gre\u0219eal\u0103 umanitar\u0103 teribil\u0103\u201d prin faptul c\u0103 le permite juc\u0103toarelor s\u0103 se \u00eentoarc\u0103 \u00een Iran.<\/p>\n<p id=\"p-16\">&nbsp;<\/p>\n<h2 id=\"chapter-13\">Ap\u0103rarea Aerian\u0103 a Quatarului a interceptat 17 rachete balistice<\/h2>\n<p id=\"p-17\">Ministerul Ap\u0103r\u0103rii din Quatar a anun\u021bat, luni, \u00eentr-o postare pe X, c\u0103 ap\u0103rarea aerian\u0103 din \u021bara situat\u0103 \u00een Golf a interceptat 17 rachete balistice dar \u0219i 6 drone. Ministerul a mai precizat c\u0103 acestea provin din Iran, noteaz\u0103 The Guardian.<\/p>\n<h2 id=\"chapter-14\"><\/h2>\n<h2 id=\"chapter-15\">Doi membri ai for\u021belor armate din Emiratele Arabe Unite au murit \u00eentr-un accident de elicopter, a anun\u021bat Ministerul emiratez al Ap\u0103r\u0103rii<\/h2>\n<p id=\"p-18\">Doi membri ai for\u021belor armate ale Emiratelor Arabe Unite au murit, dup\u0103 ce un elicopter militar s-a pr\u0103bu\u0219it, \u00een urma unei defec\u021biuni tehnice, potrivit Ministerului Ap\u0103r\u0103rii din Emirate.<\/p>\n<p class=\"ssrcss-1q0x1qg-Paragraph e1jhz7w10\" id=\"p-19\">Nu este clar deocamdat\u0103 dac\u0103 incidentul este legat de r\u0103zboiul cu Iranul al SUA \u0219i Israelului.<\/p>\n<p class=\"ssrcss-1q0x1qg-Paragraph e1jhz7w10\" id=\"p-20\">Ministerul Ap\u0103r\u0103rii din Emirate precizeaz\u0103 c\u0103 cele dou\u0103 persoane au fost ucise \u00een timp de \u00ee\u0219i \u201e\u00eendeplineau datoria na\u021bional\u0103\u201d, la momentul incidentului petrecut, luni, afirm\u00e2nd c\u0103 \u201etransmite condolean\u021be \u0219i simpatie familiilor celor doi martiri\u201d, potrivit <a href=\"https:\/\/www.bbc.com\/news\/live\/cz0g2yg3579t?post=asset%3Added8be8-846d-43f9-94ed-f137dea540fc#post\" target=\"_blank\" rel=\"noopener\">BBC.&nbsp;<\/a><\/p>\n<p id=\"p-21\">&nbsp;<\/p>\n<h2 id=\"chapter-16\">Ursula von der Leyen \u0219i Ant\u00f3nio Costa, discu\u021bii de urgen\u021b\u0103 cu liderii din Orientul Mijlociu despre r\u0103zboiul din Iran \u0219i criza energetic\u0103<\/h2>\n<p id=\"p-22\"><a href=\"https:\/\/www.mediafax.ro\/stirile-zilei\/ursula-von-der-leyen-si-antonio-costa-discutii-de-urgenta-cu-liderii-din-orientul-mijlociu-despre-razboiul-din-iran-si-criza-energetica-23699722\" target=\"_blank\" rel=\"noopener\">Pre\u0219edinta Comisiei Europene \u0219i pre\u0219edintele Consiliului European<\/a> au discutat cu lideri din mai multe state din Orientul Mijlociu despre evolu\u021bia r\u0103zboiului din Iran, impactul asupra securit\u0103\u021bii energetice \u0219i m\u0103surile pentru protejarea civililor \u0219i stabilitatea regional\u0103.<\/p>\n<h2 id=\"chapter-17\"><\/h2>\n<h2 id=\"chapter-18\">Ucraina se implic\u0103 \u00een r\u0103zboiul din Orientul Mijlociu. Anun\u021bul f\u0103cut de Zelenski<\/h2>\n<p id=\"p-23\">Ucraina se implic\u0103 \u00een r\u0103zboiul din <a href=\"https:\/\/www.mediafax.ro\/politic\/ucraina-se-implica-in-razboiul-din-orientul-mijlociu-anuntul-facut-de-zelenski-23699707\" target=\"_blank\" rel=\"noopener\">Orientul Mijlociu.<\/a> Pre\u0219edintele ucrainean Volodimir Zelenski a anun\u021bat c\u0103 a primit 11 solicit\u0103ri din partea unor \u021b\u0103ri din regiune privind asisten\u021b\u0103 pentru contracararea atacurilor cu drone lansate de Iran.<\/p>\n<p id=\"p-24\">\u201eExist\u0103 un interes clar pentru experien\u021ba Ucrainei \u00een protejarea vie\u021bilor, a interceptoarelor relevante, a sistemelor de r\u0103zboi electronic \u0219i a instruirii\u201d, a declarat pre\u0219edintele Volodimir Zelenski.<\/p>\n<p id=\"p-25\">&nbsp;<\/p>\n<h2 id=\"chapter-19\">Macron: C\u00e2nd Cipru este atacat\u0103, Europa este atacat\u0103<\/h2>\n<p id=\"p-26\">Pre\u0219edintele Fran\u021bei, <a href=\"https:\/\/www.mediafax.ro\/externe\/macron-cand-cipru-este-atacata-europa-este-atacata-23699691\" target=\"_blank\" rel=\"noopener\">Emmanuel Macron,<\/a> care se afl\u0103, luni, \u00een vizita sa oficial\u0103 \u00een Cipru, pentru a se \u00eent\u00e2lnii cu omologul s\u0103u grec, dar \u0219i cipriot, pentru a da dovad\u0103 de solidaritate, dup\u0103 atacul de s\u0103pt\u0103m\u00e2na trecut\u0103, c\u00e2nd o dron\u0103 iranian\u0103 a lovit baza aerian\u0103 britanic\u0103 din Cipru, RAF Akrotiri.<\/p>\n<p id=\"p-27\">Macron a declarat c\u0103 Fran\u021ba va trimite dou\u0103 fregate, un tip de nav\u0103 de r\u0103zboi, ca parte a misiunii navale a Uniunii Europene pentru a ap\u0103ra Marea Ro\u0219ie.<\/p>\n<p class=\"ssrcss-1q0x1qg-Paragraph e1jhz7w10\" id=\"p-28\"><em>\u201eSuntem \u00een proces de organizare a unei misiuni pur defensive, pur de escort\u0103, care trebuie preg\u0103tit\u0103 \u00eempreun\u0103 cu statele europene \u0219i non-europene\u201d<\/em>, a declarat Macron,<\/p>\n<p id=\"p-29\">&nbsp;<\/p>\n<h2 id=\"chapter-20\">Pre\u0219edintele Ciprului spune c\u0103 \u021bara nu se va implica \u201eniciun fel de opera\u021biuni militare legate de conflictul din Iran\u201d<\/h2>\n<p id=\"p-30\">\u201eCipru nu se va implica \u00een niciun fel de opera\u021biuni militare legate de conflictul din Iran, ci se va concentra pe rolul s\u0103u umanitar\u201d, a declarat, luni, pre\u0219edintele Nikos Christodoulides, citat de <a href=\"https:\/\/www.theguardian.com\/world\/live\/2026\/mar\/09\/iran-war-live-updates-new-supreme-leader-mojtaba-khamenei-oil-prices-soar?CMP=share_btn_url&amp;page=with%3Ablock-69aec2b48f080482c628dd36#block-69aec2b48f080482c628dd36\" target=\"_blank\" rel=\"noopener\">The Guardian.&nbsp;<\/a><\/p>\n<p id=\"p-31\">Declara\u021bia sa vine \u00een contextul \u00een care ministrul de Externe al Ciprului a afirmat c\u0103 exist\u0103 \u201e\u00eentreb\u0103ri\u201d cu privire la viitorul bazelor militare britanice de pe insul\u0103, dup\u0103 atacul cu drone de s\u0103pt\u0103m\u00e2na trecut\u0103.<\/p>\n<p id=\"p-32\">Atacul asupra bazei RAF Akrotiri, suspectat a fi fost lansat de Hezbollah \u00een Liban, a provocat pagube minime \u0219i nu a f\u0103cut victime.<\/p>\n<h2 id=\"chapter-21\"><\/h2>\n<h2 id=\"chapter-22\">Cer negru, ploaie acid\u0103 \u0219i aer otr\u0103vit: ce tr\u0103iesc acum cei 10 milioane de locuitori ai Teheranului<\/h2>\n<p id=\"p-33\"><a href=\"https:\/\/www.mediafax.ro\/externe\/cer-negru-ploaie-acida-si-aer-otravit-ce-traiesc-acum-cei-10-milioane-de-locuitori-ai-teheranului-video-23699640\" target=\"_blank\" rel=\"noopener\">Locuitorii din Teheran<\/a> descriu scene apocaliptice dup\u0103 bombardarea depozitelor de petrol din Teheran. Fum toxic, ploi acide \u0219i penurie de alimente paralizeaz\u0103 un ora\u0219 de 10 milioane de oameni.<\/p>\n<p id=\"p-34\">Oamenii din Teheran s-au trezit acoperi\u021bi de funingine. Soarele era invizibil. Oamenii au aprins luminile \u00een case pentru a vedea \u00een \u00eentuneric.<\/p>\n<p id=\"p-35\">&nbsp;<\/p>\n<h2 id=\"chapter-23\">O rachet\u0103 balistic\u0103 lansat\u0103 din Iran a fost dobor\u00e2t\u0103 \u00een spa\u021biul aerian turc, potrivit Ministerului Ap\u0103r\u0103rii turc<\/h2>\n<p id=\"p-36\"><a href=\"https:\/\/www.mediafax.ro\/externe\/alerta-racheta-iraniana-doborata-in-spatiul-aerian-al-nato-23699628\" target=\"_blank\" rel=\"noopener\">Racheta a fost distrus\u0103 de sistemele de ap\u0103rare ale NATO<\/a> din estul Mediteranei, a precizat ministerul, citat de Sky News.<\/p>\n<p id=\"p-37\">Ministerul Ap\u0103r\u0103rii turc adaug\u0103 c\u0103 fragmente din muni\u021bie au aterizat pe c\u00e2mpuri pustii din Gaziantep, \u00een sud-estul Turciei.<\/p>\n<p id=\"p-38\">\u201eSubliniem \u00eenc\u0103 o dat\u0103 c\u0103 toate m\u0103surile necesare vor fi luate cu fermitate \u0219i f\u0103r\u0103 ezitare \u00eempotriva oric\u0103rei amenin\u021b\u0103ri \u00eendreptate \u00eempotriva teritoriului \u0219i spa\u021biului aerian al \u021b\u0103rii noastre\u201d, a transmis ministerul ap\u0103r\u0103rii.<\/p>\n<p id=\"p-39\">&nbsp;<\/p>\n<h2 id=\"chapter-24\">Noul lider suprem Mojtaba Khamenei a fost r\u0103nit \u00een r\u0103zboi<\/h2>\n<p id=\"p-40\">Televiziunea de stat iranian\u0103, \u00een reportajele sale despre ascensiunea lui Mojtaba Khamenei la func\u021bia de lider suprem, se refer\u0103 la acesta ca fiind r\u0103nit \u00een r\u0103zboi.<\/p>\n<p id=\"p-41\">Prezentatorii citesc reportaje \u00een care \u00eel descriu ca fiind \u201ejanbaz\u201d, adic\u0103 r\u0103nit de inamic, \u00een \u201er\u0103zboiul Ramadan\u201d, a\u0219a cum mass-media din Iran se refer\u0103 la conflictul actual, scrie <a href=\"https:\/\/www.timesofisrael.com\/liveblog_entry\/iran-state-tv-confirms-new-supreme-leader-mojtaba-khamenei-was-wounded\/\" target=\"_blank\" rel=\"noopener\">Times of Israel<\/a>.<\/p>\n<p id=\"p-42\">Nu sunt oferite detalii suplimentare: dac\u0103 a fost r\u0103nit \u00eenainte de a fi numit lider suprem sau dup\u0103 acest moment.<\/p>\n<p id=\"p-43\">Cu toate acestea, tat\u0103l lui Khamenei \u0219i so\u021bia sa au fost uci\u0219i \u00een atacul aerian israelian din 28 februarie de la Teheran, la \u00eenceputul r\u0103zboiului.<\/p>\n<p id=\"p-44\">Mojtaba Khamenei nu a fost v\u0103zut de la \u00eenceputul r\u0103zboiului. El a fost anun\u021bat peste noapte ca noul lider suprem al Iranului.<\/p>\n<h2 id=\"chapter-25\">Stare de for\u021b\u0103 major\u0103<\/h2>\n<p id=\"p-45\">Compania na\u021bional\u0103 de petrol \u0219i gaze din Bahrain, Bapco Energies, a declarat stare de for\u021b\u0103 major\u0103 din cauza situa\u021biei din regiune, a raportat agen\u021bia BNA.<\/p>\n<p id=\"p-46\">Decizia a fost luat\u0103 ca urmare a \u201eatacurilor continue ale Iranului din regiune \u0219i a unui atac recent asupra uneia dintre unit\u0103\u021bile de produc\u021bie a energiei de la fabrica Bapco Refining Company\u201d.<\/p>\n<h2 id=\"chapter-26\"><big>Noul lider suprem al Iranului, \u201ela fel de complice la crime ca \u0219i tat\u0103l s\u0103u\u201d<\/big><\/h2>\n<p id=\"p-47\">Shahin Gobadi, membru al comitetului pentru afaceri externe al Consiliului Na\u021bional de Rezisten\u021b\u0103 al Iranului (NCRI), a vorbit la Sky News despre noul lider suprem al \u021b\u0103rii, Mojtaba Khamenei.<\/p>\n<p id=\"p-48\">Mojtaba Khamenei, \u00een v\u00e2rst\u0103 de 56 de ani, fiul fostului lider suprem al Iranului, a fost numit succesorul s\u0103u, a anun\u021bat televiziunea de stat iranian\u0103.<\/p>\n<p id=\"p-49\">Coment\u00e2nd aceast\u0103 decizie, Gobadi a declarat la <a href=\"https:\/\/news.sky.com\/story\/iran-latest-trump-tehran-israel-strikes-us-drone-live-sky-news-13509565\" target=\"_blank\" rel=\"noopener\">Sky News<\/a>: \u201e\u00cen primul r\u00e2nd, instalarea lui Mojtaba Khamenei demonstreaz\u0103 c\u0103 regimul a ajuns \u00eentr-un impas. Acesta nu s-a putut men\u021bine dec\u00e2t prin p\u0103strarea numelui \u201eKhamenei\u201d ca simbol al continuit\u0103\u021bii. \u00cen al doilea r\u00e2nd, Mojtaba este la fel de complice la crime ca \u0219i tat\u0103l s\u0103u, dar nu are autoritatea \u0219i capacitatea tat\u0103lui s\u0103u de a gestiona rivalit\u0103\u021bile interne. Conducerea sa va dezv\u0103lui inevitabil conflictele interne suprimate ale regimului. \u00cen al treilea r\u00e2nd, poporul iranian nu \u00eel va accepta niciodat\u0103. Sloganul \u201eMoarte lui Khamenei\u201d va continua s\u0103 fie un strig\u0103t de lupt\u0103 central al poporului iranian. \u00cen al patrulea r\u00e2nd, Mojtaba Khamenei a fost responsabil pentru multe dintre crimele regimului, \u00een special \u00een ultimele dou\u0103 decenii, juc\u00e2nd un rol cheie \u00een dirijarea reprim\u0103rii revoltelor majore, inclusiv cele din 2017, 2019, 2022 \u0219i revolta din 2025-2026. IRGC \u0219i principalele organe de securitate au func\u021bionat efectiv sub supravegherea sa direct\u0103\u201d.<\/p>\n<p id=\"p-50\">Fondat la Teheran \u00een 1981, NCRI are ca scop \u00eenfiin\u021barea unei republici democratice seculare \u00een Iran, bazat\u0103 pe separarea religiei de stat.<\/p>\n<p id=\"p-51\">Ayatollah Ali Khamenei a fost ucis \u00een primele atacuri americane \u0219i israeliene asupra Iranului, \u00een urm\u0103 cu pu\u021bin peste o s\u0103pt\u0103m\u00e2n\u0103.<\/p>\n<h2 id=\"chapter-27\">Atacuri sub noul lider suprem<\/h2>\n<p id=\"p-52\">Iranul a lansat primele atacuri cu rachete sub noul lider suprem Mojtaba Khamenei, potrivit unei post\u0103ri pe canalul Telegram al postului public de televiziune IRIB.<\/p>\n<p id=\"p-53\">O imagine p\u0103rea s\u0103 arate un proiectil marcat cu cuvintele: \u201eLa dispozi\u021bia dumneavoastr\u0103, Sayyid Mojtaba\u201d.<\/p>\n<h2 id=\"chapter-28\">Paramedic ucis \u00eentr-un atac israelian \u00een Liban<\/h2>\n<p id=\"p-54\">Ministerul S\u0103n\u0103t\u0103\u021bii din Liban a condamnat un atac israelian direct asupra unui centru medical din districtul Nabatieh, care a ucis un paramedic \u0219i a r\u0103nit al\u021bi doi.<\/p>\n<p id=\"p-55\">Atacul a vizat serviciul de salvare al autorit\u0103\u021bii medicale afiliate Hezbollah din satul Zefta, din sudul \u021b\u0103rii, potrivit <a href=\"https:\/\/news.sky.com\/story\/iran-latest-trump-tehran-israel-strikes-us-drone-live-sky-news-13509565\" target=\"_blank\" rel=\"noopener\">Sky News<\/a>.<\/p>\n<p id=\"p-56\">\u00centr-o declara\u021bie, ministerul a condamnat atacurile asupra personalului medical implicat \u00een activit\u0103\u021bi umanitare.<\/p>\n<p id=\"p-57\">Acesta a \u00eendemnat organiza\u021biile umanitare interna\u021bionale s\u0103 ia atitudine, subliniind c\u0103 astfel de atacuri \u00eencalc\u0103 dreptul interna\u021bional \u0219i Conven\u021biile de la Geneva.<\/p>\n<p id=\"p-58\">Un alt atac israelian duminic\u0103 asupra ora\u0219ului Sir El Gharbiyeh din sudul Libanului a ucis cel pu\u021bin 10 persoane \u0219i a r\u0103nit alte \u0219ase.<\/p>\n<p id=\"p-59\">Oficialii locali \u0219i locuitorii au dat cifre mai mari \u0219i au spus c\u0103 printre mor\u021bi se aflau \u0219i mai multe femei \u0219i copii.<\/p>\n<p id=\"p-60\">Duminic\u0103 diminea\u021b\u0103, ministerul s\u0103n\u0103t\u0103\u021bii a declarat c\u0103 394 de persoane au fost ucise \u00een Liban \u00een ultima s\u0103pt\u0103m\u00e2n\u0103, dintre care 83 de copii \u0219i 42 de femei.<\/p>\n<h2 id=\"chapter-29\">Trump spune c\u0103 \u00eencheierea r\u0103zboiului va fi o decizie \u201ecomun\u0103\u201d cu Netanyahu<\/h2>\n<p id=\"p-61\">Donald Trump a declarat c\u0103 decizia privind momentul \u00eencheierii r\u0103zboiului cu Iranul va fi una \u201ecomun\u0103\u201d, pe care o va lua \u00eempreun\u0103 cu prim-ministrul Benjamin Netanyahu, relateaz\u0103 The Times of Israel.<\/p>\n<p id=\"p-62\">\u00cen cadrul unui scurt interviu telefonic, pre\u0219edintele SUA a afirmat, de asemenea, c\u0103 Republica Islamic\u0103 ar fi distrus Israelul dac\u0103 el \u0219i Netanyahu nu ar fi existat.<\/p>\n<p id=\"p-63\">El a declarat: \u201eIranul urma s\u0103 distrug\u0103 Israelul \u0219i tot ce se afla \u00een jurul s\u0103u\u2026 Am lucrat \u00eempreun\u0103. Am distrus o \u021bar\u0103 care voia s\u0103 distrug\u0103 Israelul\u201d.<\/p>\n<p id=\"p-64\">Pre\u0219edintele SUA a fost \u00eentrebat dac\u0103 el singur va decide c\u00e2nd se va \u00eencheia r\u0103zboiul cu Iranul sau dac\u0103 Netanyahu va avea \u0219i el un cuv\u00e2nt de spus.<\/p>\n<p id=\"p-65\">\u201eCred c\u0103 este o decizie comun\u0103\u2026 \u00eentr-o oarecare m\u0103sur\u0103. Am discutat. Voi lua o decizie la momentul potrivit, dar totul va fi luat \u00een considerare\u201d, a spus el.<\/p>\n<p id=\"p-66\">\u00centrebat dac\u0103 Israelul ar putea continua r\u0103zboiul chiar \u0219i dup\u0103 ce SUA vor decide s\u0103 \u00eenceteze atacurile, Trump a refuzat s\u0103 speculeze, \u00eenainte de a ad\u0103uga: \u201eNu cred c\u0103 va fi necesar\u201d.<\/p>\n<h2 id=\"chapter-30\">Mojtaba Khamenei, ales lider suprem<\/h2>\n<p id=\"p-67\">Fiul lui Khamenei, Mojtaba Khamenei, a fost desemnat de Adunarea Exper\u021bilor din Iran, un organism format din 88 de clerici ale\u0219i, \u00eens\u0103rcinat cu alegerea liderului suprem, potrivit CNN.<\/p>\n<p id=\"p-68\">Adunarea a ales un nou lider o singur\u0103 dat\u0103 de la \u00eenfiin\u021barea Republicii Islamice \u00een 1979. Atunci c\u00e2nd Ali Khamenei a fost ales \u00een grab\u0103, \u00een urma mor\u021bii ayatollahului Ruhollah Khomeini, acum mai bine de trei decenii.<\/p>\n<p id=\"p-69\">Pre\u0219edintele american Donald Trump a declarat joi c\u0103 trebuie s\u0103 fie \u201eimplicat \u00een numirea\u201d urm\u0103torului lider al Iranului \u0219i c\u0103 alegerea fiului lui Khamenei este \u201einacceptabil\u0103\u201d pentru el.<\/p>\n<p id=\"p-70\">Mojtaba, \u00een v\u00e2rst\u0103 de 56 de ani, este <a href=\"https:\/\/www.mediafax.ro\/externe\/cine-este-mojtaba-khamenei-fiul-lui-ali-khamenei-si-posibilul-urmator-lider-suprem-al-iranului-23696789\" target=\"_blank\" rel=\"noopener\">al doilea fiu al lui Khamenei<\/a> \u0219i este cunoscut pentru influen\u021ba sa semnificativ\u0103 \u00een culise \u0219i are leg\u0103turi puternice cu Corpul G\u0103rzilor Revolu\u021bionare Islamice (IRGC), cel mai puternic organism militar din \u021bar\u0103, precum \u0219i cu for\u021ba paramilitar\u0103 voluntar\u0103 Basij.<\/p>\n<h2 id=\"chapter-31\">Fiul lui Khamenei, vizat de un atac israelian<\/h2>\n<p id=\"p-71\">Mojtaba nu este un cleric de rang \u00eenalt \u0219i nu are niciun rol oficial \u00een regim. El a fost sanc\u021bionat de SUA \u00een 2019. Trezoreria SUA l-a acuzat c\u0103 a colaborat \u00eendeaproape cu comandantul For\u021bei IRGC-Quds \u0219i cu Basij pentru a promova ceea ce a descris ca fiind \u201eambi\u021biile regionale destabilizatoare \u0219i obiectivele interne opresive\u201d ale tat\u0103lui s\u0103u.<\/p>\n<p id=\"p-72\">Israelul l-a vizat pe Mojtaba \u00eentr-un atac de s\u0103pt\u0103m\u00e2na trecut\u0103, potrivit unei surse israeliene familiarizate cu situa\u021bia. \u00cens\u0103 Israelul crede c\u0103 acesta a fost r\u0103nit doar \u00een timpul tentativei.<\/p>\n","protected":false},"excerpt":{"rendered":"<p>&nbsp; Bahrain cere pedeapsa cu moartea pentru cei care au fotografiat atacurile iraniene Procuratura din Bahrain solicit\u0103 pedeapsa cu moartea pentru inculpa\u021bii acuza\u021bi de \u201etr\u0103dare grav\u0103\u201d, care au fotografiat loca\u021bii &hellip; <a href=\"https:\/\/microscopemedia.com\/?p=680923\" class=\"more-link\">Read More<\/a><\/p>\n","protected":false},"author":1,"featured_media":680924,"comment_status":"closed","ping_status":"closed","sticky":false,"template":"Default","format":"standard","meta":[],"categories":[1],"tags":[],"_links":{"self":[{"href":"https:\/\/microscopemedia.com\/index.php?rest_route=\/wp\/v2\/posts\/680923"}],"collection":[{"href":"https:\/\/microscopemedia.com\/index.php?rest_route=\/wp\/v2\/posts"}],"about":[{"href":"https:\/\/microscopemedia.com\/index.php?rest_route=\/wp\/v2\/types\/post"}],"author":[{"embeddable":true,"href":"https:\/\/microscopemedia.com\/index.php?rest_route=\/wp\/v2\/users\/1"}],"replies":[{"embeddable":true,"href":"https:\/\/microscopemedia.com\/index.php?rest_route=%2Fwp%2Fv2%2Fcomments&post=680923"}],"version-history":[{"count":0,"href":"https:\/\/microscopemedia.com\/index.php?rest_route=\/wp\/v2\/posts\/680923\/revisions"}],"wp:featuredmedia":[{"embeddable":true,"href":"https:\/\/microscopemedia.com\/index.php?rest_route=\/wp\/v2\/media\/680924"}],"wp:attachment":[{"href":"https:\/\/microscopemedia.com\/index.php?rest_route=%2Fwp%2Fv2%2Fmedia&parent=680923"}],"wp:term":[{"taxonomy":"category","embeddable":true,"href":"https:\/\/microscopemedia.com\/index.php?rest_route=%2Fwp%2Fv2%2Fcategories&post=680923"},{"taxonomy":"post_tag","embeddable":true,"href":"https:\/\/microscopemedia.com\/index.php?rest_route=%2Fwp%2Fv2%2Ftags&post=680923"}],"curies":[{"name":"wp","href":"https:\/\/api.w.org\/{rel}","templated":true}]}}