{"id":680933,"date":"2026-03-09T18:56:04","date_gmt":"2026-03-09T18:56:04","guid":{"rendered":"https:\/\/microscopemedia.com\/?p=680933"},"modified":"2026-03-09T18:56:04","modified_gmt":"2026-03-09T18:56:04","slug":"tvr-risca-intreruperea-emisiei-dupa-70-de-ani-de-functionare-continua","status":"publish","type":"post","link":"https:\/\/microscopemedia.com\/?p=680933","title":{"rendered":"TVR risc\u0103 \u00eentreruperea emisiei dup\u0103 70 de ani de func\u021bionare continu\u0103"},"content":{"rendered":"<div><img decoding=\"async\" src=\"https:\/\/microscopemedia.com\/wp-content\/uploads\/2026\/03\/tvr-risca-intreruperea-emisiei-dupa-70-de-ani-de-functionare-continua.jpg\" class=\"ff-og-image-inserted\"><\/div>\n<h2 id=\"chapter-0\">\u00cent\u00e2lnire decisiv\u0103 la Palatul Parlamentului<\/h2>\n<p id=\"p-0\">Luni, 9 martie, la Palatul Parlamentului a avut loc o \u00eent\u00e2lnire de lucru \u00eentre Adriana S\u0103ftoiu, Pre\u0219edinte-Director General al <a href=\"https:\/\/www.mediafax.ro\/?s=TVR\">SRTv<\/a>, \u00eenso\u021bit\u0103 de membri ai Consiliului de Administra\u021bie, \u0219i Gheorghe-Ioan Bota, Pre\u0219edintele Comisiei pentru Cultur\u0103 \u0219i Media a Senatului Rom\u00e2niei.<\/p>\n<p id=\"p-1\">Discu\u021biile au vizat o serie de amendamente propuse de <strong>conducerea Televiziunii Rom\u00e2ne la proiectul de buget al institu\u021biei, pentru suplimentarea finan\u021b\u0103rii \u00een anul 2026<\/strong>. Obiectivul este realizarea unor investi\u021bii absolut necesare pentru asigurarea continuit\u0103\u021bii emisiei \u0219i \u00eendeplinirea misiunii publice a Televiziunii.<\/p>\n<p id=\"p-2\">La \u00eent\u00e2lnire au participat din partea SRTv Adriana S\u0103ftoiu, Monica Ghiurco, Catrinel Paula Trofin, Radu Carp, Cristinel Godinac \u0219i Sorin Toric\u0103, membri ai Consiliului de Administra\u021bie, \u0219i Mihaela Woytovict, director interimar al Direc\u021biei Economice, potrivit unui comunicat.<\/p>\n<h2 id=\"chapter-1\">Investi\u021biile prioritare pentru continuitatea emisiei<\/h2>\n<p id=\"p-3\">Pe lista priorit\u0103\u021bilor SRTv, sistemul de produc\u021bie digital\u0103 a \u0219tirilor are prioritate zero. Aceast\u0103 investi\u021bie este critic\u0103 pentru \u00eenlocuirea infrastructurii Direc\u021biei \u0218tiri \u0219i Sport, care a ajuns la pragul de uzur\u0103 tehnologic\u0103. \u00cen lipsa unei interven\u021bii urgente, SRTv risc\u0103 \u00eentreruperea produc\u021biei \u0219i difuz\u0103rii programelor de \u0219tiri, respectiv a emisiei serviciului public de televiziune.<\/p>\n<p id=\"p-4\"><strong>Alte investi\u021bii propuse includ:<\/strong><\/p>\n<ul>\n<li>Retehnologizarea Studiourilor Teritoriale: pentru eliminarea discrepan\u021bei \u00eentre produc\u021bia HD \u0219i emisia SD c\u0103tre public.<\/li>\n<li>Sistem automatizare emisie pentru canale tematice \u0219i interna\u021bionale: pentru a elimina riscul defec\u021biunilor \u0219i a asigura continuitatea emisiei chiar \u0219i \u00een caz de avarii.<\/li>\n<li>Sistem de transport semnal HD prin internet public cu \u00eent\u00e2rziere mic\u0103: pentru reducerea \u00eent\u00e2rzierilor \u0219i erorilor de sincronizare audio-video \u0219i sc\u0103derea costurilor opera\u021bionale.<\/li>\n<li>Sistem modular creare profile de emisie pentru satelit, cablu \u0219i digital terestru: pentru \u00eenlocuirea platformei de procesare semnal aflat\u0103 \u00eentr-un stadiu avansat de degradare tehnic\u0103.<\/li>\n<li>Modernizarea infrastructurii de servere \u0219i sisteme de stocare date: pentru protec\u021bia patrimoniului digital \u0219i asigurarea performan\u021bei fluxurilor de lucru digitale.<\/li>\n<\/ul>\n<h2 id=\"chapter-2\">Sus\u021binere parlamentar\u0103 pentru finan\u021bare<\/h2>\n<p id=\"p-5\">Adriana S\u0103ftoiu a subliniat c\u0103 bugetul actual nu permite realizarea acestor investi\u021bii vitale, din cei 500 de milioane de lei aloca\u021bi anual aproximativ 395 de milioane fiind fond salarial.<\/p>\n<p id=\"p-6\">Gheorghe-Ioan Bota \u0219i-a exprimat disponibilitatea de a sus\u021bine suplimentarea bugetului pentru modernizare \u0219i reabilitare, men\u021bion\u00e2nd c\u0103 finan\u021barea vizeaz\u0103 exclusiv investi\u021bii critice \u0219i nu majorarea fondului de salarii.<\/p>\n<p id=\"p-7\">Amendamentele au fost elaborate de un grup de lucru al SRTv, constituit \u00een cadrul \u0219edin\u021bei Consiliului de Administra\u021bie din 18 februarie, \u0219i vor fi prezentate Comisiilor de specialitate \u00eenainte de votarea bugetului Rom\u00e2niei.<\/p>\n","protected":false},"excerpt":{"rendered":"<p>\u00cent\u00e2lnire decisiv\u0103 la Palatul Parlamentului Luni, 9 martie, la Palatul Parlamentului a avut loc o \u00eent\u00e2lnire de lucru \u00eentre Adriana S\u0103ftoiu, Pre\u0219edinte-Director General al SRTv, \u00eenso\u021bit\u0103 de membri ai Consiliului &hellip; <a href=\"https:\/\/microscopemedia.com\/?p=680933\" class=\"more-link\">Read More<\/a><\/p>\n","protected":false},"author":1,"featured_media":680934,"comment_status":"closed","ping_status":"closed","sticky":false,"template":"Default","format":"standard","meta":[],"categories":[1],"tags":[],"_links":{"self":[{"href":"https:\/\/microscopemedia.com\/index.php?rest_route=\/wp\/v2\/posts\/680933"}],"collection":[{"href":"https:\/\/microscopemedia.com\/index.php?rest_route=\/wp\/v2\/posts"}],"about":[{"href":"https:\/\/microscopemedia.com\/index.php?rest_route=\/wp\/v2\/types\/post"}],"author":[{"embeddable":true,"href":"https:\/\/microscopemedia.com\/index.php?rest_route=\/wp\/v2\/users\/1"}],"replies":[{"embeddable":true,"href":"https:\/\/microscopemedia.com\/index.php?rest_route=%2Fwp%2Fv2%2Fcomments&post=680933"}],"version-history":[{"count":0,"href":"https:\/\/microscopemedia.com\/index.php?rest_route=\/wp\/v2\/posts\/680933\/revisions"}],"wp:featuredmedia":[{"embeddable":true,"href":"https:\/\/microscopemedia.com\/index.php?rest_route=\/wp\/v2\/media\/680934"}],"wp:attachment":[{"href":"https:\/\/microscopemedia.com\/index.php?rest_route=%2Fwp%2Fv2%2Fmedia&parent=680933"}],"wp:term":[{"taxonomy":"category","embeddable":true,"href":"https:\/\/microscopemedia.com\/index.php?rest_route=%2Fwp%2Fv2%2Fcategories&post=680933"},{"taxonomy":"post_tag","embeddable":true,"href":"https:\/\/microscopemedia.com\/index.php?rest_route=%2Fwp%2Fv2%2Ftags&post=680933"}],"curies":[{"name":"wp","href":"https:\/\/api.w.org\/{rel}","templated":true}]}}