{"id":680937,"date":"2026-03-09T19:26:03","date_gmt":"2026-03-09T19:26:03","guid":{"rendered":"https:\/\/microscopemedia.com\/?p=680937"},"modified":"2026-03-09T19:26:03","modified_gmt":"2026-03-09T19:26:03","slug":"ciucu-primaria-capitalei-risca-sa-intre-in-incapacitate-de-plata-in-aprilie","status":"publish","type":"post","link":"https:\/\/microscopemedia.com\/?p=680937","title":{"rendered":"Ciucu: Prim\u0103ria Capitalei risc\u0103 s\u0103 intre \u00een incapacitate de plat\u0103 \u00een aprilie"},"content":{"rendered":"<div><img decoding=\"async\" src=\"https:\/\/microscopemedia.com\/wp-content\/uploads\/2026\/03\/ciucu-primaria-capitalei-risca-sa-intre-in-incapacitate-de-plata-in-aprilie.jpg\" class=\"ff-og-image-inserted\"><\/div>\n<p id=\"p-0\">\u201eO nou\u0103 am\u00e2nare, mereu cu piciorul pe fr\u00e2n\u0103. NU MAI ESTE TIMP! Bugetul de stat trebuie adoptat de urgen\u021b\u0103, altfel Prim\u0103ria Capitalei risc\u0103 s\u0103 intre \u00een incapacitate de plat\u0103 \u00een luna aprilie\u201d, a scris luni seara pe Facebook Ciprian Ciucu.<\/p>\n<p id=\"p-1\">El spune c\u0103 \u00een aprilie Prim\u0103ria are un v\u00e2rf de pl\u0103\u021bi generat de obiga\u021biuni emise \u00een urm\u0103 cu 20 de ani, care nu mai pot fi \u201erostogolite\u201d.<\/p>\n<p id=\"p-2\">\u201eFac un apel la toate partidele Coali\u021biei, \u00een special la PSD, s\u0103 nu mai am\u00e2ne adoptarea legii bugetului. Nu crede\u021bi mesajele iresponsabile care v\u0103 spun c\u0103 Bucure\u0219tiul <ia de la s ca dea boga>\u201d, sus\u021bine Ciucu.<\/ia><\/p>\n<p id=\"p-3\">Conform acestuia, circa 35-40% din veniturile bugetului de stat provin din taxe \u0219i impozite colectate \u00een Bucure\u0219ti.<\/p>\n<h2 id=\"chapter-0\">\u201eDestr\u0103b\u0103lare bugetar\u0103\u201d<\/h2>\n<p id=\"p-4\">\u201eAm ajuns aici din cauza destr\u0103b\u0103l\u0103rii bugetare a Guvernului Ciolacu. Repet! \u00cen 2024 \u0219i \u00een 2025, Prim\u0103riei Capitalei i s-au luat, pentru a acoperi g\u0103urile destr\u0103b\u0103l\u0103rii bugetare, peste 3,5 miliarde de lei. Mai mult, Sectorarelor li s-a luat o sum\u0103 echivalent\u0103. Per total, Bucure\u0219tiul are un deficit de finan\u021bare de 7 miliarde de lei. Suma este uria\u0219\u0103! S\u0103 v\u0103 dau un exemplu: \u00een anul 2023, cotele erau de aproximativ 550 de milioane\/lun\u0103. Ast\u0103zi, sunt de doar 350 milioane\/lun\u0103\u201d, mai scrie Ciucu pe re\u021beaua de socializare.<\/p>\n<p id=\"p-5\">Primarul general adaug\u0103 c\u0103 a preg\u0103tit reformele necesare pentru a reduce din cheltuielile administrative.<\/p>\n<p id=\"p-6\">\u201eO nesim\u021bire de netolerat\u201d, spune fostul premier <span><a href=\"https:\/\/www.mediafax.ro\/politic\/ciolacu-bolojan-vrea-sa-fure-o-parte-din-veniturile-locale-din-toate-judetele-tarii-ca-sa-i-dea-mai-multe-miliarde-lui-ciucu-23699852\" target=\"_blank\" rel=\"noopener\">Marcel Ciolacu<\/a><\/span>. Acesta \u00eel acuz\u0103 pe prim-ministrul Ilie Bolojan c\u0103 vrea s\u0103 \u201efure\u201d venituri din toate jude\u021bele, ca \u201es\u0103-i dea mai multe miliarde lui Ciucu, la cel mai bogat municipiu al \u021b\u0103rii\u201d.<\/p>\n","protected":false},"excerpt":{"rendered":"<p>\u201eO nou\u0103 am\u00e2nare, mereu cu piciorul pe fr\u00e2n\u0103. NU MAI ESTE TIMP! Bugetul de stat trebuie adoptat de urgen\u021b\u0103, altfel Prim\u0103ria Capitalei risc\u0103 s\u0103 intre \u00een incapacitate de plat\u0103 \u00een &hellip; <a href=\"https:\/\/microscopemedia.com\/?p=680937\" class=\"more-link\">Read More<\/a><\/p>\n","protected":false},"author":1,"featured_media":680938,"comment_status":"closed","ping_status":"closed","sticky":false,"template":"Default","format":"standard","meta":[],"categories":[1],"tags":[],"_links":{"self":[{"href":"https:\/\/microscopemedia.com\/index.php?rest_route=\/wp\/v2\/posts\/680937"}],"collection":[{"href":"https:\/\/microscopemedia.com\/index.php?rest_route=\/wp\/v2\/posts"}],"about":[{"href":"https:\/\/microscopemedia.com\/index.php?rest_route=\/wp\/v2\/types\/post"}],"author":[{"embeddable":true,"href":"https:\/\/microscopemedia.com\/index.php?rest_route=\/wp\/v2\/users\/1"}],"replies":[{"embeddable":true,"href":"https:\/\/microscopemedia.com\/index.php?rest_route=%2Fwp%2Fv2%2Fcomments&post=680937"}],"version-history":[{"count":0,"href":"https:\/\/microscopemedia.com\/index.php?rest_route=\/wp\/v2\/posts\/680937\/revisions"}],"wp:featuredmedia":[{"embeddable":true,"href":"https:\/\/microscopemedia.com\/index.php?rest_route=\/wp\/v2\/media\/680938"}],"wp:attachment":[{"href":"https:\/\/microscopemedia.com\/index.php?rest_route=%2Fwp%2Fv2%2Fmedia&parent=680937"}],"wp:term":[{"taxonomy":"category","embeddable":true,"href":"https:\/\/microscopemedia.com\/index.php?rest_route=%2Fwp%2Fv2%2Fcategories&post=680937"},{"taxonomy":"post_tag","embeddable":true,"href":"https:\/\/microscopemedia.com\/index.php?rest_route=%2Fwp%2Fv2%2Ftags&post=680937"}],"curies":[{"name":"wp","href":"https:\/\/api.w.org\/{rel}","templated":true}]}}