{"id":680943,"date":"2026-03-09T19:56:03","date_gmt":"2026-03-09T19:56:03","guid":{"rendered":"https:\/\/microscopemedia.com\/?p=680943"},"modified":"2026-03-09T19:56:03","modified_gmt":"2026-03-09T19:56:03","slug":"dominic-fritz-carburantii-din-romania-sunt-inca-la-preturi-corecte-dar-conflictul-din-iran-ar-putea-aduce-scumpiri","status":"publish","type":"post","link":"https:\/\/microscopemedia.com\/?p=680943","title":{"rendered":"Dominic Fritz: Carburan\u021bii din Rom\u00e2nia sunt \u00eenc\u0103 la pre\u021buri corecte, dar conflictul din Iran ar putea aduce scumpiri"},"content":{"rendered":"<div><img decoding=\"async\" src=\"https:\/\/microscopemedia.com\/wp-content\/uploads\/2026\/03\/dominic-fritz-carburantii-din-romania-sunt-inca-la-preturi-corecte-dar-conflictul-din-iran-ar-putea-aduce-scumpiri.jpg\" class=\"ff-og-image-inserted\"><\/div>\n<p id=\"p-0\">Fritz a explicat c\u0103 Rom\u00e2nia se afl\u0103 momentan \u00eentr-o pozi\u021bie mai bun\u0103 dec\u00e2t alte state europene, deoarece pe pia\u021b\u0103 exist\u0103 \u00eenc\u0103 stocuri de combustibil cump\u0103rate la pre\u021buri mai vechi.<\/p>\n<p id=\"p-1\">\u201eEste mai bun\u0103 (<em>situa\u021bia din Rom\u00e2nia, n. red<\/em>.) dec\u00e2t \u00een alte \u021b\u0103ri europene, pentru c\u0103 \u00eenc\u0103 sunt carburan\u021bi pe stoc, deci calculul \u00eenc\u0103 nu a intrat \u00een achizi\u021bia pentru noi stocuri \u0219i p\u00e2n\u0103 acum se pare c\u0103 firmele care v\u00e2nd carburan\u021bi nu au \u00eencercat s\u0103 profite de situa\u021bie\u201d, a spus Fritz.<\/p>\n<p id=\"p-2\">Potrivit acestuia, pre\u021burile actuale reflect\u0103 costurile reale ale distribuitorilor. \u201ePre\u021burile \u00eenc\u0103 reflect\u0103 realitatea pre\u021burilor cu care ei cump\u0103r\u0103 carburan\u021bi la r\u00e2ndul lor\u201d, a ad\u0103ugat el.<\/p>\n<h2 id=\"chapter-0\">Autorit\u0103\u021bile, chemate s\u0103 supravegheze pia\u021ba<\/h2>\n<p id=\"p-3\">Pre\u0219edintele USR a avertizat \u00eens\u0103 c\u0103 autorit\u0103\u021bile trebuie s\u0103 monitorizeze atent evolu\u021bia pie\u021bei pentru a preveni eventuale major\u0103ri artificiale de pre\u021b.<\/p>\n<p id=\"p-4\">\u201eConsiliul Concuren\u021bei, ANAF-ul \u0219i Autoritatea Na\u021bional\u0103 pentru Protec\u021bia Consumatorilor, to\u021bi acum trebuie s\u0103 fie cu ochii pe ace\u0219ti v\u00e2nz\u0103tori de carburan\u021bi s\u0103 nu creasc\u0103 pre\u021burile artificial\u201d, a declarat Fritz.<\/p>\n<h2 id=\"chapter-1\">Cre\u0219teri mari pe pie\u021bele interna\u021bionale<\/h2>\n<p id=\"p-5\">\u00cen acela\u0219i timp, Fritz a subliniat c\u0103 evolu\u021biile de pe pie\u021bele globale sunt \u00eengrijor\u0103toare, \u00een contextul conflictului din Iran.<\/p>\n<p id=\"p-6\">\u201eEste extrem de grav ce se \u00eent\u00e2mpl\u0103 pe pie\u021bele interna\u021bionale, a crescut enorm de mult \u0219i dac\u0103 nu se \u00eencheie acest conflict \u00een sensul \u00een care s\u0103 se deschid\u0103 c\u0103i de acces la mare, atunci \u00eentr-adev\u0103r o s\u0103 sim\u021bim consecin\u021bele \u0219i \u00een Rom\u00e2nia\u201d, a afirmat vicepremierul.<\/p>\n<p id=\"p-7\">\u00cen acest context, Guvernul a decis s\u0103 prelungeasc\u0103 schema de sprijin pentru transportatori, pentru a reduce presiunea generat\u0103 de scumpirea combustibililor.<\/p>\n<p id=\"p-8\">\u201e\u00cens\u0103 este extrem de grav ce se \u00eent\u00e2mpl\u0103 pe pie\u021bele interna\u021bionale, pre\u021bul (la carburan\u021bi, n. red.) a crescut enorm de mult \u0219i dac\u0103 nu se \u00eencheie acest conflict \u00een sensul \u00een care s\u0103 se deschid\u0103 c\u0103i de acces la mare, atunci \u00eentr-adev\u0103r o s\u0103 sim\u021bim consecin\u021bele \u0219i \u00een Rom\u00e2nia \u0219i tocmai de aceea ast\u0103zi am optat s\u0103 prelungim schema care ajut\u0103 transportatorii mari s\u0103 ia un pic din presiunea pre\u021burilor pentru c\u0103 acolo \u00eencepe de fapt lan\u021bul infla\u021biei \u0219i va trebui s\u0103 analiz\u0103m \u0219i \u00een continuare ce poate s\u0103 fac\u0103 statul. \u00cens\u0103 trebuie s\u0103 fim reali\u0219ti c\u0103 nu o s\u0103 putem ajunge \u00eentr-o situa\u021bie de exemplu \u00een care s\u0103 subven\u021bion\u0103m carburan\u021bii\u201d, a spus Fritz.<\/p>\n<h2 id=\"chapter-2\">Reducerea accizelor sau TVA, \u00eenc\u0103 \u00een analiz\u0103<\/h2>\n<p id=\"p-9\">\u00centrebat dac\u0103 Guvernul ar putea reduce accizele sau TVA-ul la carburan\u021bi, vicepremierul a precizat c\u0103 nu exist\u0103 \u00eenc\u0103 un prag de pre\u021b stabilit care s\u0103 declan\u0219eze o astfel de m\u0103sur\u0103.<\/p>\n<p id=\"p-10\">\u201eNu am ast\u0103zi stabilit acest nivel. Am cerut Ministerului Finan\u021belor s\u0103 vin\u0103 cu ni\u0219te scenarii, ni\u0219te calcule\u201d, a explicat el.<\/p>\n<p id=\"p-11\">Fritz a avertizat \u00eens\u0103 c\u0103 astfel de reduceri ar avea un impact asupra bugetului de stat.<\/p>\n<p id=\"p-12\">\u201eO reducere a acestor accize are \u0219i consecin\u021be pe buget. Sunt bani care ar putea s\u0103 lipseasc\u0103 altundeva\u201d, a spus el.<\/p>\n<h2 id=\"chapter-3\">Consumul \u00eencepe s\u0103 scad\u0103<\/h2>\n<p id=\"p-13\"><a href=\"https:\/\/www.mediafax.ro\/politic\/dominic-fritz-vrea-sa-scoata-pacanelele-de-langa-scoli-trei-sferturi-dintre-ele-sunt-la-mai-putin-de-500-de-metri-23697988\">Fritz<\/a> a mai precizat c\u0103 exist\u0103 deja semne c\u0103 tensiunile economice se resimt \u00een comportamentul consumatorilor.<\/p>\n<p id=\"p-14\">\u201eSe pare c\u0103 \u0219i consumul s-a redus deja \u00een ultimele zile \u0219i, \u00eenc\u0103 o dat\u0103, \u00eengrijorarea nu este doar pre\u021bul carburan\u021bilor, ci, de fapt, tot lan\u021bul de aprovizionare. Asta \u00eenseamn\u0103 o infla\u021bie mai mare\u201d, a declarat vicepremierul.<\/p>\n<h2 id=\"chapter-4\">Fritz: Conflictul are riscuri enorme<\/h2>\n<p id=\"p-15\">Dominic Fritz a mai spus c\u0103, de\u0219i conflictul nu implic\u0103 direct Rom\u00e2nia, consecin\u021bele sale pot afecta economia global\u0103.<\/p>\n<p id=\"p-16\">\u201eTrebuie s\u0103 spunem c\u0103 nu este r\u0103zboiul nostru\u201d, a afirmat el, ad\u0103ug\u00e2nd c\u0103 situa\u021bia are \u201eriscuri enorme pentru \u00eentreaga umanitate\u201d.<\/p>\n<p id=\"p-17\">\u00cen acela\u0219i timp, pre\u0219edintele USR a f\u0103cut un fel de referire optimist\u0103 la uciderea liderului suprem iranian: \u201ea fost decapitat acest om absolut oribil, care are zeci, dac\u0103 nu sute de mii de oameni pe con\u0219tiin\u021b\u0103\u201d.<\/p>\n","protected":false},"excerpt":{"rendered":"<p>Fritz a explicat c\u0103 Rom\u00e2nia se afl\u0103 momentan \u00eentr-o pozi\u021bie mai bun\u0103 dec\u00e2t alte state europene, deoarece pe pia\u021b\u0103 exist\u0103 \u00eenc\u0103 stocuri de combustibil cump\u0103rate la pre\u021buri mai vechi. \u201eEste &hellip; <a href=\"https:\/\/microscopemedia.com\/?p=680943\" class=\"more-link\">Read More<\/a><\/p>\n","protected":false},"author":1,"featured_media":680944,"comment_status":"closed","ping_status":"closed","sticky":false,"template":"Default","format":"standard","meta":[],"categories":[1],"tags":[],"_links":{"self":[{"href":"https:\/\/microscopemedia.com\/index.php?rest_route=\/wp\/v2\/posts\/680943"}],"collection":[{"href":"https:\/\/microscopemedia.com\/index.php?rest_route=\/wp\/v2\/posts"}],"about":[{"href":"https:\/\/microscopemedia.com\/index.php?rest_route=\/wp\/v2\/types\/post"}],"author":[{"embeddable":true,"href":"https:\/\/microscopemedia.com\/index.php?rest_route=\/wp\/v2\/users\/1"}],"replies":[{"embeddable":true,"href":"https:\/\/microscopemedia.com\/index.php?rest_route=%2Fwp%2Fv2%2Fcomments&post=680943"}],"version-history":[{"count":0,"href":"https:\/\/microscopemedia.com\/index.php?rest_route=\/wp\/v2\/posts\/680943\/revisions"}],"wp:featuredmedia":[{"embeddable":true,"href":"https:\/\/microscopemedia.com\/index.php?rest_route=\/wp\/v2\/media\/680944"}],"wp:attachment":[{"href":"https:\/\/microscopemedia.com\/index.php?rest_route=%2Fwp%2Fv2%2Fmedia&parent=680943"}],"wp:term":[{"taxonomy":"category","embeddable":true,"href":"https:\/\/microscopemedia.com\/index.php?rest_route=%2Fwp%2Fv2%2Fcategories&post=680943"},{"taxonomy":"post_tag","embeddable":true,"href":"https:\/\/microscopemedia.com\/index.php?rest_route=%2Fwp%2Fv2%2Ftags&post=680943"}],"curies":[{"name":"wp","href":"https:\/\/api.w.org\/{rel}","templated":true}]}}