{"id":680949,"date":"2026-03-09T20:26:04","date_gmt":"2026-03-09T20:26:04","guid":{"rendered":"https:\/\/microscopemedia.com\/?p=680949"},"modified":"2026-03-09T20:26:04","modified_gmt":"2026-03-09T20:26:04","slug":"erdogan-acuza-ca-teheranul-continua-sa-ia-masuri-gresite-dupa-ce-a-doua-racheta-a-fost-doborata-in-spatiul-aerian-al-tarii","status":"publish","type":"post","link":"https:\/\/microscopemedia.com\/?p=680949","title":{"rendered":"Erdo\u011fan acuz\u0103 c\u0103 Teheranul continu\u0103 s\u0103 ia m\u0103suri gre\u0219ite, dup\u0103 ce a doua rachet\u0103 a fost dobor\u00e2t\u0103 \u00een spa\u021biul aerian al \u021b\u0103rii"},"content":{"rendered":"<div><img decoding=\"async\" src=\"https:\/\/microscopemedia.com\/wp-content\/uploads\/2026\/03\/erdogan-acuza-ca-teheranul-continua-sa-ia-masuri-gresite-dupa-ce-a-doua-racheta-a-fost-doborata-in-spatiul-aerian-al-tarii.jpg\" class=\"ff-og-image-inserted\"><\/div>\n<p id=\"p-0\">Pre\u0219edintele Turciei,&nbsp;Recep Tayyip Erdo\u011fan, a \u00eendemnat Teheranul s\u0103 se ab\u021bin\u0103 de la orice ac\u021biuni care <em>\u201earunc\u0103 o umbr\u0103 asupra rela\u021biilor noastre de vecin\u0103tate \u0219i fraternitate vechi de o mie de ani\u201d<\/em>, afirm\u00e2nd c\u0103 acesta continu\u0103 s\u0103 ia <em>\u201em\u0103suri extrem de gre\u0219ite \u0219i provocatoare\u201d<\/em> \u00een ciuda <em>\u201eavertismentelor sincere\u201d<\/em> din partea Ankarei.<\/p>\n<p id=\"p-1\">Pre\u0219edintele Turciei a reiterat c\u0103 obiectivul principal al&nbsp;Ankarei este de a \u00eempiedica Turcia s\u0103 fie atras\u0103 \u00een r\u0103zboi, continu\u00e2nd \u00een acela\u0219i timp s\u0103 pledeze pentru diploma\u021bie.<\/p>\n<p id=\"p-2\"><em>\u201eCa \u0219i \u00een alte r\u0103zboaie, Turcia este de partea drept\u0103\u021bii \u0219i sus\u021bine rezolvarea conflictelor prin dialog\u201d<\/em>, a spus Erdo\u011fan, citat de publica\u021bia turc\u0103<a href=\"https:\/\/www.dailysabah.com\/politics\/diplomacy\/turkiye-issued-warnings-to-iran-can-repel-any-threat-president-erdogan\" target=\"_blank\" rel=\"noopener\"> Daily Sabah.&nbsp;<\/a><\/p>\n<p id=\"p-3\">Acesta a afirmat c\u0103 Turcia are capacitatea de a r\u0103spunde amenin\u021b\u0103rilor&nbsp;care vizeaz\u0103 securitatea \u0219i suveranitatea sa.<\/p>\n<p id=\"p-4\"><em>\u201eRepublica Turcia este puternic\u0103 \u0219i capabil\u0103 \u00een toate domeniile. Are capacitatea de a respinge orice atac \u0219i de a \u00eenfr\u00e2nge for\u021bele care \u00eei amenin\u021b\u0103 supravie\u021buirea\u201d<\/em>, a declarat Erdo\u011fan.<\/p>\n<p id=\"p-5\">Declara\u021biile lui Erdo\u011fan au fost f\u0103cute dup\u0103 ce NATO a dobor\u00e2t <a href=\"https:\/\/www.mediafax.ro\/externe\/alerta-racheta-iraniana-doborata-in-spatiul-aerian-al-nato-23699628\" target=\"_blank\" rel=\"noopener\">o rachet\u0103 balistic\u0103 lansat\u0103 din Iran.<\/a> Racheta lansat\u0103 a intrat&nbsp;\u00een spa\u021biul aerian turc \u00eenainte de a fi dobor\u00e2t\u0103 \u00een estul Mediteranei. Unele resturi ale rachetei au c\u0103zut \u00eentr-un c\u00e2mp gol din Gaziantep.<\/p>\n<p id=\"p-6\">Reamintim c\u0103, s\u0103pt\u0103m\u00e2na trecut\u0103, o alt\u0103 rachet\u0103 iranian\u0103 a intrat \u00een spa\u021biul aerian al Turciei, acela fiind primul atac al Iranului asupra unei \u021b\u0103ri membre NATO.&nbsp;Cu toate acestea, alian\u021ba nu a invocat atunci <a href=\"https:\/\/www.mediafax.ro\/externe\/medvedev-critici-dure-la-adresa-nato-cu-privire-la-ipoteza-invocarii-articolului-5-rutte-spune-ca-nu-va-fi-invocat-23697817\" target=\"_blank\" rel=\"noopener\">Articolul 5 al Tratatului Alian\u021bei Nord-Atlantice,<\/a> Rutte, Secretarul General al NATO, preciz\u00e2nd, c\u0103 \u201enu este cazul\u201d.<\/p>\n","protected":false},"excerpt":{"rendered":"<p>Pre\u0219edintele Turciei,&nbsp;Recep Tayyip Erdo\u011fan, a \u00eendemnat Teheranul s\u0103 se ab\u021bin\u0103 de la orice ac\u021biuni care \u201earunc\u0103 o umbr\u0103 asupra rela\u021biilor noastre de vecin\u0103tate \u0219i fraternitate vechi de o mie de &hellip; <a href=\"https:\/\/microscopemedia.com\/?p=680949\" class=\"more-link\">Read More<\/a><\/p>\n","protected":false},"author":1,"featured_media":680950,"comment_status":"closed","ping_status":"closed","sticky":false,"template":"Default","format":"standard","meta":[],"categories":[1],"tags":[],"_links":{"self":[{"href":"https:\/\/microscopemedia.com\/index.php?rest_route=\/wp\/v2\/posts\/680949"}],"collection":[{"href":"https:\/\/microscopemedia.com\/index.php?rest_route=\/wp\/v2\/posts"}],"about":[{"href":"https:\/\/microscopemedia.com\/index.php?rest_route=\/wp\/v2\/types\/post"}],"author":[{"embeddable":true,"href":"https:\/\/microscopemedia.com\/index.php?rest_route=\/wp\/v2\/users\/1"}],"replies":[{"embeddable":true,"href":"https:\/\/microscopemedia.com\/index.php?rest_route=%2Fwp%2Fv2%2Fcomments&post=680949"}],"version-history":[{"count":0,"href":"https:\/\/microscopemedia.com\/index.php?rest_route=\/wp\/v2\/posts\/680949\/revisions"}],"wp:featuredmedia":[{"embeddable":true,"href":"https:\/\/microscopemedia.com\/index.php?rest_route=\/wp\/v2\/media\/680950"}],"wp:attachment":[{"href":"https:\/\/microscopemedia.com\/index.php?rest_route=%2Fwp%2Fv2%2Fmedia&parent=680949"}],"wp:term":[{"taxonomy":"category","embeddable":true,"href":"https:\/\/microscopemedia.com\/index.php?rest_route=%2Fwp%2Fv2%2Fcategories&post=680949"},{"taxonomy":"post_tag","embeddable":true,"href":"https:\/\/microscopemedia.com\/index.php?rest_route=%2Fwp%2Fv2%2Ftags&post=680949"}],"curies":[{"name":"wp","href":"https:\/\/api.w.org\/{rel}","templated":true}]}}