{"id":680955,"date":"2026-03-09T21:07:03","date_gmt":"2026-03-09T21:07:03","guid":{"rendered":"https:\/\/microscopemedia.com\/?p=680955"},"modified":"2026-03-09T21:07:03","modified_gmt":"2026-03-09T21:07:03","slug":"prim-ministrul-greciei-europa-trebuie-sa-fie-pregatita-sa-se-apere-de-fluxurile-mari-de-refugiati","status":"publish","type":"post","link":"https:\/\/microscopemedia.com\/?p=680955","title":{"rendered":"Prim-ministrul Greciei: Europa trebuie s\u0103 fie preg\u0103tit\u0103 \u201es\u0103 se apere\u201d de fluxurile mari de refugia\u021bi"},"content":{"rendered":"<div><img decoding=\"async\" src=\"https:\/\/microscopemedia.com\/wp-content\/uploads\/2026\/03\/prim-ministrul-greciei-europa-trebuie-sa-fie-pregatita-sa-se-apere-de-fluxurile-mari-de-refugiati.jpg\" class=\"ff-og-image-inserted\"><\/div>\n<p id=\"p-0\">\u201eEuropa trebuie s\u0103 fie preg\u0103tit\u0103 s\u0103 se apere \u00eempotriva altor posibile amenin\u021b\u0103ri asimetrice, care pentru regiunea noastr\u0103, pentru Grecia, pentru Cipru \u0219i pentru Mediterana \u00een ansamblu, s-ar putea traduce \u00een fluxuri mari de refugia\u021bi\u201d, a declarat el \u00eentr-un discurs sus\u021binut \u00een Cipru al\u0103turi de pre\u0219edintele \u021b\u0103rii, Nikos Christodoulidis, \u0219i de pre\u0219edintele Fran\u021bei, Emmanuel Macron, scrie <a href=\"https:\/\/efe.com\/mundo\/2026-03-09\/mitsotakis-ue-refugiados-guerra-iran\/\" target=\"_blank\" rel=\"noopener\">EFE<\/a>.<\/p>\n<h2 id=\"chapter-0\">\u201e\u00centreaga lume se confrunt\u0103 cu o tulburare f\u0103r\u0103 precedent\u201d<\/h2>\n<p id=\"p-1\">Liderul conservator grec a subliniat c\u0103 \u021b\u0103rile membre ale Uniunii Europene (UE) trebuie s\u0103 r\u0103m\u00e2n\u0103 \u201e\u00een permanen\u021b\u0103 \u00een alert\u0103 la evenimente\u201d, mai ales c\u00e2nd se \u0219tie \u201ec\u0103 aceste tipuri de conflicte \u0219i realinieri geopolitice sunt adesea \u00eenso\u021bite de str\u0103mut\u0103ri de popula\u021bii\u201d.<\/p>\n<p id=\"p-2\">\u201e\u00centreaga lume se confrunt\u0103 cu o tulburare f\u0103r\u0103 precedent, nu doar politic\u0103 \u0219i militar\u0103, ci \u0219i economic\u0103, cu consecin\u021be \u00eenc\u0103 necunoscute \u00een domeniul energiei, transportului maritim \u0219i comer\u021bului\u201d, a ad\u0103ugat Mitsotakis.<\/p>\n<p id=\"p-3\">Politicianul grec a subliniat c\u0103 libertatea naviga\u021biei, pe care a descris-o drept o \u201ecerin\u021b\u0103\u201d pentru \u201ebun\u0103starea popoarelor\u201d, este \u201e\u00een prezent atacat\u0103\u201d.<\/p>\n<h2 id=\"chapter-1\">Misiunea naval\u0103 european\u0103 \u201eAspides\u201d<\/h2>\n<p id=\"p-4\">\u00cen acest sens,&nbsp;el a cerut \u021b\u0103rilor UE s\u0103 consolideze&nbsp;misiunea naval\u0103 european\u0103 \u201eAspides\u201d din Marea Ro\u0219ie&nbsp;,&nbsp;aflat\u0103 sub comanda opera\u021bional\u0103 a Greciei, cu mai multe nave, cu scopul de a proteja comer\u021bul maritim din aceast\u0103 regiune.<\/p>\n<p id=\"p-5\">\u201ePu\u021bine \u021b\u0103ri europene particip\u0103 (la misiune), a\u0219a c\u0103 va trebui s\u0103 ne demonstr\u0103m solidaritatea \u00eentr-un mod mai practic\u201d, a subliniat Mitsotakis cu privire la \u201eAspides\u201d, r\u0103spunsul UE la atacurile houthi asupra navelor din Marea Ro\u0219ie.<\/p>\n<h2 id=\"chapter-2\">Revenirea pe calea diploma\u021biei<\/h2>\n<p id=\"p-6\">\u00cen ceea ce prive\u0219te&nbsp;r\u0103zboiul declan\u0219at de atacurile SUA \u0219i Israelului \u00eempotriva Iranului&nbsp;, premierul grec a subliniat c\u0103 \u201e\u00eenc\u0103 de la \u00eenceput\u201d au cerut \u201etuturor p\u0103r\u021bilor s\u0103 revin\u0103 pe calea diploma\u021biei\u201d.<\/p>\n<p id=\"p-7\">Mitsotakis a cerut Iranului s\u0103 \u201eabandoneze ambi\u021biile sale nucleare \u0219i s\u0103 \u00eenceteze amenin\u021b\u0103rile \u00eempotriva Israelului \u0219i a \u021b\u0103rilor din Golful Persic\u201d.<\/p>\n<p id=\"p-8\">\u00centre timp, el a subliniat c\u0103 \u201eopera\u021biunile la scar\u0103 larg\u0103 pe teritoriul libanez, \u00een special \u00een sudul Libanului, trebuie respinse\u201d.<\/p>\n<p id=\"p-9\">\u00cen cele din urm\u0103, liderul conservator a subliniat c\u0103 securitatea Ciprului, \u021bara UE cea mai apropiat\u0103 de conflict, este pentru Grecia o chestiune de \u201eprioritate na\u021bional\u0103 fundamental\u0103\u201d.<\/p>\n<p id=\"p-10\">&nbsp;<\/p>\n","protected":false},"excerpt":{"rendered":"<p>\u201eEuropa trebuie s\u0103 fie preg\u0103tit\u0103 s\u0103 se apere \u00eempotriva altor posibile amenin\u021b\u0103ri asimetrice, care pentru regiunea noastr\u0103, pentru Grecia, pentru Cipru \u0219i pentru Mediterana \u00een ansamblu, s-ar putea traduce \u00een &hellip; <a href=\"https:\/\/microscopemedia.com\/?p=680955\" class=\"more-link\">Read More<\/a><\/p>\n","protected":false},"author":1,"featured_media":680956,"comment_status":"closed","ping_status":"closed","sticky":false,"template":"Default","format":"standard","meta":[],"categories":[1],"tags":[],"_links":{"self":[{"href":"https:\/\/microscopemedia.com\/index.php?rest_route=\/wp\/v2\/posts\/680955"}],"collection":[{"href":"https:\/\/microscopemedia.com\/index.php?rest_route=\/wp\/v2\/posts"}],"about":[{"href":"https:\/\/microscopemedia.com\/index.php?rest_route=\/wp\/v2\/types\/post"}],"author":[{"embeddable":true,"href":"https:\/\/microscopemedia.com\/index.php?rest_route=\/wp\/v2\/users\/1"}],"replies":[{"embeddable":true,"href":"https:\/\/microscopemedia.com\/index.php?rest_route=%2Fwp%2Fv2%2Fcomments&post=680955"}],"version-history":[{"count":0,"href":"https:\/\/microscopemedia.com\/index.php?rest_route=\/wp\/v2\/posts\/680955\/revisions"}],"wp:featuredmedia":[{"embeddable":true,"href":"https:\/\/microscopemedia.com\/index.php?rest_route=\/wp\/v2\/media\/680956"}],"wp:attachment":[{"href":"https:\/\/microscopemedia.com\/index.php?rest_route=%2Fwp%2Fv2%2Fmedia&parent=680955"}],"wp:term":[{"taxonomy":"category","embeddable":true,"href":"https:\/\/microscopemedia.com\/index.php?rest_route=%2Fwp%2Fv2%2Fcategories&post=680955"},{"taxonomy":"post_tag","embeddable":true,"href":"https:\/\/microscopemedia.com\/index.php?rest_route=%2Fwp%2Fv2%2Ftags&post=680955"}],"curies":[{"name":"wp","href":"https:\/\/api.w.org\/{rel}","templated":true}]}}