{"id":680959,"date":"2026-03-09T21:36:04","date_gmt":"2026-03-09T21:36:04","guid":{"rendered":"https:\/\/microscopemedia.com\/?p=680959"},"modified":"2026-03-09T21:36:04","modified_gmt":"2026-03-09T21:36:04","slug":"fritz-explica-gestionarea-mae-si-a-oanei-toiu-in-cazul-fiicei-lui-ponta-trebuie-sa-oprim-aceasta-republica-a-privilegiatilor","status":"publish","type":"post","link":"https:\/\/microscopemedia.com\/?p=680959","title":{"rendered":"Fritz explic\u0103 gestionarea MAE \u0219i a Oanei \u021aoiu \u00een cazul fiicei lui Ponta: \u201eTrebuie s\u0103 oprim aceast\u0103 republic\u0103 a privilegia\u021bilor\u201d"},"content":{"rendered":"<div><img decoding=\"async\" src=\"https:\/\/microscopemedia.com\/wp-content\/uploads\/2026\/03\/fritz-explica-gestionarea-mae-si-a-oanei-toiu-in-cazul-fiicei-lui-ponta-trebuie-sa-oprim-aceasta-republica-a-privilegiatilor.jpg\" class=\"ff-og-image-inserted\"><\/div>\n<h2 id=\"chapter-0\">Discu\u021bii \u00een coali\u021bie despre ministra de Externe<\/h2>\n<p id=\"p-0\"><a href=\"https:\/\/www.mediafax.ro\/politic\/dominic-fritz-carburantii-din-romania-sunt-inca-la-preturi-corecte-dar-conflictul-din-iran-ar-putea-aduce-scumpiri-23699914\">Dominic Fritz<\/a> a confirmat c\u0103 subiectul a fost discutat \u00een coali\u021bie \u0219i c\u0103 PSD ar dori trimiterea Corpului de control al premierului la Ministerul Afacerilor Externe, institu\u021bie condus\u0103 de Oana \u021aoiu.<\/p>\n<p id=\"p-1\">Liderul USR consider\u0103 \u00eens\u0103 c\u0103 o astfel de m\u0103sur\u0103 este nepotrivit\u0103 \u00een acest moment, \u00een contextul \u00een care criza din Orientul Mijlociu nu este \u00eenc\u0103 \u00eencheiat\u0103, iar autorit\u0103\u021bile lucreaz\u0103 pentru repatrierea rom\u00e2nilor afla\u021bi \u00een regiune.<\/p>\n<p id=\"p-2\">\u201e\u00cen momentul \u00een care pompierul stinge \u00eenc\u0103 focul, tu \u00eel chemi \u00een birou s\u0103 faci o anchet\u0103. Asta \u00eei pune \u00een risc pe to\u021bi cei care \u00eenc\u0103 sunt vulnerabili. Avem \u00eenc\u0103 peste o sut\u0103 de rom\u00e2ni \u00een regiune care trebuie adu\u0219i \u00eenapoi\u201d, a spus Fritz.<\/p>\n<h2 id=\"chapter-1\">\u201eNu a fost scoas\u0103 de pe nicio list\u0103\u201d<\/h2>\n<p id=\"p-3\">Pre\u0219edintele USR a respins afirma\u021biile potrivit c\u0103rora fiica lui Victor Ponta ar fi fost eliminat\u0103 de pe lista pentru un transport organizat de autorit\u0103\u021bile rom\u00e2ne.<\/p>\n<p id=\"p-4\">\u201eNu a fost eliminat nimeni de pe nicio list\u0103, pentru c\u0103 nu a fost \u00eenscris\u0103 pe lista oficial\u0103. Cum s-ar fi urcat \u00een avion dac\u0103 nu era pe list\u0103?\u201d, a declarat Dominic Fritz, ad\u0103ug\u00e2nd c\u0103 t\u00e2n\u0103ra avea deja un bilet comercial de avion.<\/p>\n<p id=\"p-5\">El a subliniat c\u0103 discu\u021bia public\u0103 ar trebui s\u0103 se concentreze pe principiul tratamentului egal pentru to\u021bi cet\u0103\u021benii, nu pe interven\u021bii \u00een favoarea unor persoane privilegiate.<\/p>\n<h2 id=\"chapter-2\">\u201eRom\u00e2nii s-au s\u0103turat de privilegii\u201d<\/h2>\n<p id=\"p-6\">Fritz a spus c\u0103 situa\u021bia reflect\u0103 o problem\u0103 mai larg\u0103 din societatea rom\u00e2neasc\u0103, \u00een care persoane cu influen\u021b\u0103 \u00eencearc\u0103 adesea s\u0103 ob\u021bin\u0103 avantaje.<\/p>\n<p id=\"p-7\">\u201eFiecare rom\u00e2n cunoa\u0219te situa\u021bia \u00een care nu mai prinzi un loc pentru copilul t\u0103u la gr\u0103dini\u021b\u0103 pentru c\u0103 s-a b\u0103gat cineva \u00een fa\u021b\u0103. Sau c\u00e2nd nu prime\u0219ti un medicament pentru c\u0103 s-a b\u0103gat un privilegiat \u00eenaintea ta\u201d, a afirmat liderul USR.<\/p>\n<p id=\"p-8\">Potrivit acestuia, mesajul transmis de ministra de Externe a fost clar: regulile trebuie aplicate la fel pentru toat\u0103 lumea.<\/p>\n<p id=\"p-9\">\u201eDoamna ministru a spus foarte clar c\u0103 trebuie s\u0103 ne asigur\u0103m c\u0103 to\u021bi sunt trata\u021bi egal \u0219i c\u0103 nu scoatem pe nimeni de pe list\u0103 doar pentru a pune copilul unui privilegiat \u00een fa\u021b\u0103. Este o atitudine moral\u0103 \u0219i exact ceea ce a\u0219teapt\u0103 rom\u00e2nii. Trebuie s\u0103 oprim aceast\u0103 republic\u0103 a privilegia\u021bilor\u201d, a declarat Dominic Fritz.<\/p>\n<h2 id=\"chapter-3\">Evaluarea crizei, dup\u0103 repatrierea rom\u00e2nilor<\/h2>\n<p id=\"p-10\">Pre\u0219edintele USR a ad\u0103ugat c\u0103 activitatea Ministerului Afacerilor Externe \u00een aceast\u0103 criz\u0103 va trebui analizat\u0103, dar doar dup\u0103 ce to\u021bi rom\u00e2nii care doresc s\u0103 revin\u0103 \u00een \u021bar\u0103 vor fi adu\u0219i \u00een siguran\u021b\u0103.<\/p>\n<p id=\"p-11\">\u201eDup\u0103 orice criz\u0103 trebuie s\u0103 facem o evaluare. Putem analiza dac\u0103 \u00een primele ore s-au mobilizat suficiente resurse sau dac\u0103 anumite decizii puteau fi luate altfel. Dar aceast\u0103 evaluare trebuie f\u0103cut\u0103 dup\u0103 ce ultimul rom\u00e2n care vrea s\u0103 se \u00eentoarc\u0103 este \u00eenapoi \u00een siguran\u021b\u0103\u201d, a spus Dominic Fritz.<\/p>\n<p id=\"p-12\"><em>Sursa video: Digi24<\/em><\/p>\n","protected":false},"excerpt":{"rendered":"<p>Discu\u021bii \u00een coali\u021bie despre ministra de Externe Dominic Fritz a confirmat c\u0103 subiectul a fost discutat \u00een coali\u021bie \u0219i c\u0103 PSD ar dori trimiterea Corpului de control al premierului la &hellip; <a href=\"https:\/\/microscopemedia.com\/?p=680959\" class=\"more-link\">Read More<\/a><\/p>\n","protected":false},"author":1,"featured_media":680960,"comment_status":"closed","ping_status":"closed","sticky":false,"template":"Default","format":"standard","meta":[],"categories":[1],"tags":[],"_links":{"self":[{"href":"https:\/\/microscopemedia.com\/index.php?rest_route=\/wp\/v2\/posts\/680959"}],"collection":[{"href":"https:\/\/microscopemedia.com\/index.php?rest_route=\/wp\/v2\/posts"}],"about":[{"href":"https:\/\/microscopemedia.com\/index.php?rest_route=\/wp\/v2\/types\/post"}],"author":[{"embeddable":true,"href":"https:\/\/microscopemedia.com\/index.php?rest_route=\/wp\/v2\/users\/1"}],"replies":[{"embeddable":true,"href":"https:\/\/microscopemedia.com\/index.php?rest_route=%2Fwp%2Fv2%2Fcomments&post=680959"}],"version-history":[{"count":0,"href":"https:\/\/microscopemedia.com\/index.php?rest_route=\/wp\/v2\/posts\/680959\/revisions"}],"wp:featuredmedia":[{"embeddable":true,"href":"https:\/\/microscopemedia.com\/index.php?rest_route=\/wp\/v2\/media\/680960"}],"wp:attachment":[{"href":"https:\/\/microscopemedia.com\/index.php?rest_route=%2Fwp%2Fv2%2Fmedia&parent=680959"}],"wp:term":[{"taxonomy":"category","embeddable":true,"href":"https:\/\/microscopemedia.com\/index.php?rest_route=%2Fwp%2Fv2%2Fcategories&post=680959"},{"taxonomy":"post_tag","embeddable":true,"href":"https:\/\/microscopemedia.com\/index.php?rest_route=%2Fwp%2Fv2%2Ftags&post=680959"}],"curies":[{"name":"wp","href":"https:\/\/api.w.org\/{rel}","templated":true}]}}