{"id":680961,"date":"2026-03-09T21:46:04","date_gmt":"2026-03-09T21:46:04","guid":{"rendered":"https:\/\/microscopemedia.com\/?p=680961"},"modified":"2026-03-09T21:46:04","modified_gmt":"2026-03-09T21:46:04","slug":"premierul-canadei-mark-carney-viziteaza-norvegia-si-regatul-unit-pentru-exercitii-nato-si-discutii-strategice","status":"publish","type":"post","link":"https:\/\/microscopemedia.com\/?p=680961","title":{"rendered":"Premierul Canadei, Mark Carney, viziteaz\u0103 Norvegia \u0219i Regatul Unit pentru exerci\u021bii NATO \u0219i discu\u021bii strategice"},"content":{"rendered":"<div><img decoding=\"async\" src=\"https:\/\/microscopemedia.com\/wp-content\/uploads\/2026\/03\/premierul-canadei-mark-carney-viziteaza-norvegia-si-regatul-unit-pentru-exercitii-nato-si-discutii-strategice.jpg\" class=\"ff-og-image-inserted\"><\/div>\n<p id=\"p-0\"><span>\u0218eful guvernului canadian, Mark Carney va vizita Norvegia pentru a observa exerci\u021biul NATO \u201eCold Response\u201d, condus de autorit\u0103\u021bile norvegiene.&nbsp;<\/span><\/p>\n<p id=\"p-1\"><span>Exerci\u021biul Alian\u021bei are loc o dat\u0103 la doi ani \u0219i implic\u0103 aproximativ 25.000 de militari din 14 state, printre care Canada, Statele Unite, Regatul Unit, Germania, \u021a\u0103rile de Jos, Fran\u021ba, Suedia \u0219i Finlanda, care se antreneaz\u0103 pentru opera\u021biuni terestre, aeriene \u0219i navale \u00een condi\u021bii arctice.&nbsp;<\/span><\/p>\n<p id=\"p-2\"><span>Pe l\u00e2ng\u0103 observarea exerci\u021biului militar, premierul de la Ottawa urmeaz\u0103 s\u0103 se \u00eent\u00e2lneasc\u0103 cu omologul s\u0103u norvegian, Jonas Gahr St\u00f8re. Pe agenda \u00eent\u00e2lnirii se afl\u0103 teme precum comer\u021bul, investi\u021biile, energia curat\u0103, mineralele critice \u0219i sectorul aerospa\u021bial.<\/span><\/p>\n<p id=\"p-3\"><span>\u201eCanada este \u0219i va fi pentru totdeauna o na\u021biune arctic\u0103. \u00cen fa\u021ba noilor amenin\u021b\u0103ri, consolid\u0103m colaborarea \u00een domeniul ap\u0103r\u0103rii cu partenerii no\u0219tri arctici pentru a crea o lume mai puternic\u0103, mai prosper\u0103 \u0219i mai sigur\u0103 pentru Canada \u0219i pentru to\u021bi\u201d, se arat\u0103 \u00een comunicatul emis de biroul premierului canadian, citat de <span><a href=\"https:\/\/apnews.com\/article\/carney-norway-nato-exercise-united-kingdom-1ff2a2d2005cff433d4e29ce84746627\">Associated Press<\/a><\/span>.&nbsp;<\/span><\/p>\n<p id=\"p-4\"><span>\u00cen plus, Carney va participa la Summitul Canada-Nordic, unde se va \u00eent\u00e2lni cu liderii \u021b\u0103rilor nordice pentru a discuta modalit\u0103\u021bi de consolidare a cooper\u0103rii geopolitice.<\/span><\/p>\n<p id=\"p-5\"><span>De asemenea, \u00eenainte de \u00eentoarcerea \u00een Canada, prim-ministrul canadian se va opri la Londra cu scopul de a se \u00eent\u00e2lni cu Keir Starmer, premierul Marii Britanii. Cei doi vor discuta subiecte legate de ap\u0103rare \u0219i de r\u0103zboiul din Orientul Mijlociu.&nbsp;<\/span><\/p>\n","protected":false},"excerpt":{"rendered":"<p>\u0218eful guvernului canadian, Mark Carney va vizita Norvegia pentru a observa exerci\u021biul NATO \u201eCold Response\u201d, condus de autorit\u0103\u021bile norvegiene.&nbsp; Exerci\u021biul Alian\u021bei are loc o dat\u0103 la doi ani \u0219i implic\u0103 &hellip; <a href=\"https:\/\/microscopemedia.com\/?p=680961\" class=\"more-link\">Read More<\/a><\/p>\n","protected":false},"author":1,"featured_media":680962,"comment_status":"closed","ping_status":"closed","sticky":false,"template":"Default","format":"standard","meta":[],"categories":[1],"tags":[],"_links":{"self":[{"href":"https:\/\/microscopemedia.com\/index.php?rest_route=\/wp\/v2\/posts\/680961"}],"collection":[{"href":"https:\/\/microscopemedia.com\/index.php?rest_route=\/wp\/v2\/posts"}],"about":[{"href":"https:\/\/microscopemedia.com\/index.php?rest_route=\/wp\/v2\/types\/post"}],"author":[{"embeddable":true,"href":"https:\/\/microscopemedia.com\/index.php?rest_route=\/wp\/v2\/users\/1"}],"replies":[{"embeddable":true,"href":"https:\/\/microscopemedia.com\/index.php?rest_route=%2Fwp%2Fv2%2Fcomments&post=680961"}],"version-history":[{"count":0,"href":"https:\/\/microscopemedia.com\/index.php?rest_route=\/wp\/v2\/posts\/680961\/revisions"}],"wp:featuredmedia":[{"embeddable":true,"href":"https:\/\/microscopemedia.com\/index.php?rest_route=\/wp\/v2\/media\/680962"}],"wp:attachment":[{"href":"https:\/\/microscopemedia.com\/index.php?rest_route=%2Fwp%2Fv2%2Fmedia&parent=680961"}],"wp:term":[{"taxonomy":"category","embeddable":true,"href":"https:\/\/microscopemedia.com\/index.php?rest_route=%2Fwp%2Fv2%2Fcategories&post=680961"},{"taxonomy":"post_tag","embeddable":true,"href":"https:\/\/microscopemedia.com\/index.php?rest_route=%2Fwp%2Fv2%2Ftags&post=680961"}],"curies":[{"name":"wp","href":"https:\/\/api.w.org\/{rel}","templated":true}]}}