{"id":680963,"date":"2026-03-09T22:16:04","date_gmt":"2026-03-09T22:16:04","guid":{"rendered":"https:\/\/microscopemedia.com\/?p=680963"},"modified":"2026-03-09T22:16:04","modified_gmt":"2026-03-09T22:16:04","slug":"presedintele-lula-apel-catre-africa-de-sud-daca-nu-ne-consolidam-apararea-intr-o-zi-cineva-ne-va-invada","status":"publish","type":"post","link":"https:\/\/microscopemedia.com\/?p=680963","title":{"rendered":"Pre\u0219edintele Lula, apel c\u0103tre Africa de Sud: Dac\u0103 nu ne consolid\u0103m ap\u0103rarea, \u00eentr-o zi cineva ne va invada"},"content":{"rendered":"<div><img decoding=\"async\" src=\"https:\/\/microscopemedia.com\/wp-content\/uploads\/2026\/03\/presedintele-lula-apel-catre-africa-de-sud-daca-nu-ne-consolidam-apararea-intr-o-zi-cineva-ne-va-invada.jpg\" class=\"ff-og-image-inserted\"><\/div>\n<p id=\"p-0\"><span>Pre\u0219edintele brazilian Luiz In\u00e1cio Lula da Silva a declarat luni \u00een timpul unei vizite oficiale a pre\u0219edintelui Cyril Ramaphosa la Brasilia, c\u0103 cele dou\u0103 state trebuie s\u0103 \u00ee\u0219i consolideze cooperarea \u00een domeniul ap\u0103r\u0103rii pentru a preveni eventuale amenin\u021b\u0103ri externe.<\/span><\/p>\n<p id=\"p-1\"><span>\u201eNu \u0219tiu dac\u0103 Ramaphosa \u00ee\u0219i d\u0103 seama c\u0103, dac\u0103 nu ne preg\u0103tim ap\u0103rarea, \u00eentr-o zi cineva ne va invada. \u00cen aceast\u0103 privin\u021b\u0103, Brazilia are acelea\u0219i nevoi ca \u0219i Africa de Sud. Trebuie s\u0103 ne combin\u0103m poten\u021bialul de a produce arme \u00eempreun\u0103\u201d, a spus pre\u0219edintele brazilian, potrivit <span><a href=\"https:\/\/www.lefigaro.fr\/international\/le-president-bresilien-lula-veut-cooperer-avec-l-afrique-du-sud-face-au-risque-d-invasion-20260309\">AFP<\/a><\/span>.&nbsp;<\/span><\/p>\n<p id=\"p-2\"><span>Lula a men\u021bionat c\u0103 un acord de cooperare \u00een domeniul ap\u0103r\u0103rii este \u00een curs de elaborare \u0219i ar putea deschide calea unor noi proiecte comune. \u201eAici, \u00een America de Sud, suntem o regiune a p\u0103cii. Nimeni nu are o bomb\u0103 nuclear\u0103 \u0219i consider\u0103m ap\u0103rarea ca un factor de descurajare\u201d, mai spune pre\u0219edintele brazilian.&nbsp;<\/span><\/p>\n<p id=\"p-3\"><span>La r\u00e2ndul s\u0103u, pre\u0219edintele sud-african Cyril Ramaphosa a declarat c\u0103 cele dou\u0103 \u021b\u0103ri au \u201emulte de \u00eenv\u0103\u021bat una de la cealalt\u0103\u201d, recunosc\u00e2nd totodat\u0103 c\u0103 Brazilia este \u201emult mai avansat\u0103\u201d dec\u00e2t Africa de Sud \u00een sectorul ap\u0103r\u0103rii.&nbsp;<\/span><\/p>\n<p id=\"p-4\"><span>Brazilia \u0219i Africa de Sud sunt membre ale grupului BRICS, al\u0103turi de China, Rusia \u0219i Iran, un grup descris drept anti american de pre\u0219edintele Donald Trump.<\/span><\/p>\n","protected":false},"excerpt":{"rendered":"<p>Pre\u0219edintele brazilian Luiz In\u00e1cio Lula da Silva a declarat luni \u00een timpul unei vizite oficiale a pre\u0219edintelui Cyril Ramaphosa la Brasilia, c\u0103 cele dou\u0103 state trebuie s\u0103 \u00ee\u0219i consolideze cooperarea &hellip; <a href=\"https:\/\/microscopemedia.com\/?p=680963\" class=\"more-link\">Read More<\/a><\/p>\n","protected":false},"author":1,"featured_media":680964,"comment_status":"closed","ping_status":"closed","sticky":false,"template":"Default","format":"standard","meta":[],"categories":[1],"tags":[],"_links":{"self":[{"href":"https:\/\/microscopemedia.com\/index.php?rest_route=\/wp\/v2\/posts\/680963"}],"collection":[{"href":"https:\/\/microscopemedia.com\/index.php?rest_route=\/wp\/v2\/posts"}],"about":[{"href":"https:\/\/microscopemedia.com\/index.php?rest_route=\/wp\/v2\/types\/post"}],"author":[{"embeddable":true,"href":"https:\/\/microscopemedia.com\/index.php?rest_route=\/wp\/v2\/users\/1"}],"replies":[{"embeddable":true,"href":"https:\/\/microscopemedia.com\/index.php?rest_route=%2Fwp%2Fv2%2Fcomments&post=680963"}],"version-history":[{"count":0,"href":"https:\/\/microscopemedia.com\/index.php?rest_route=\/wp\/v2\/posts\/680963\/revisions"}],"wp:featuredmedia":[{"embeddable":true,"href":"https:\/\/microscopemedia.com\/index.php?rest_route=\/wp\/v2\/media\/680964"}],"wp:attachment":[{"href":"https:\/\/microscopemedia.com\/index.php?rest_route=%2Fwp%2Fv2%2Fmedia&parent=680963"}],"wp:term":[{"taxonomy":"category","embeddable":true,"href":"https:\/\/microscopemedia.com\/index.php?rest_route=%2Fwp%2Fv2%2Fcategories&post=680963"},{"taxonomy":"post_tag","embeddable":true,"href":"https:\/\/microscopemedia.com\/index.php?rest_route=%2Fwp%2Fv2%2Ftags&post=680963"}],"curies":[{"name":"wp","href":"https:\/\/api.w.org\/{rel}","templated":true}]}}