{"id":680975,"date":"2026-03-09T23:56:03","date_gmt":"2026-03-09T23:56:03","guid":{"rendered":"https:\/\/microscopemedia.com\/?p=680975"},"modified":"2026-03-09T23:56:03","modified_gmt":"2026-03-09T23:56:03","slug":"serbia-suspenda-exporturile-de-energie-pentru-a-proteja-piata-pe-fondul-cresterii-preturilor-petrolului","status":"publish","type":"post","link":"https:\/\/microscopemedia.com\/?p=680975","title":{"rendered":"Serbia suspend\u0103 exporturile de energie pentru a proteja pia\u021ba, pe fondul cre\u0219terii pre\u021burilor petrolului"},"content":{"rendered":"<div><img decoding=\"async\" src=\"https:\/\/microscopemedia.com\/wp-content\/uploads\/2026\/03\/serbia-suspenda-exporturile-de-energie-pentru-a-proteja-piata-pe-fondul-cresterii-preturilor-petrolului.jpg\" class=\"ff-og-image-inserted\"><\/div>\n<p id=\"p-0\"><span>Ministrul energiei din Serbia, Dubravka Djedovic Handanovic, a anun\u021bat luni c\u0103 exporturile de \u021bi\u021bei, motorin\u0103 \u0219i benzin\u0103 vor fi suspendate p\u00e2n\u0103 la 19 martie. M\u0103sura se aplic\u0103 tuturor modurilor de transport \u0219i are scopul de a men\u021bine stabilitatea pie\u021bei interne.<\/span><\/p>\n<p id=\"p-1\"><span>\u201eEsen\u021ba acestei interdic\u021bii (temporare) este de a proteja pia\u021ba intern\u0103 de penurii \u0219i cre\u0219teri bru\u0219te ale pre\u021burilor cauzate de perturb\u0103rile globale de pe pia\u021ba mondial\u0103\u201d, se arat\u0103 \u00een comunicatul citat de <span><a href=\"https:\/\/www.reuters.com\/business\/energy\/serbia-suspends-energy-exports-shield-market-crude-prices-surge-iran-war-2026-03-09\/?taid=69af56d3bee120000189be89&amp;utm_campaign=trueAnthem:+Trending+Content&amp;utm_medium=trueAnthem&amp;utm_source=twitter\">Reuters<\/a><\/span>.&nbsp;<\/span><\/p>\n<p id=\"p-2\"><span>\u0218i alte state din regiune au adoptat m\u0103suri pentru a limita efectele economice ale r\u0103zboiului din Orientul Mijlociu.&nbsp;<\/span><\/p>\n<p id=\"p-3\"><span>Croa\u021bia a introdus un plafon temporar pentru pre\u021burile combustibililor p\u00e2n\u0103 la 23 martie. Andrej Plenkovic, premierul de la Zagreb, a spus \u0103 f\u0103r\u0103 aceast\u0103 m\u0103sur\u0103 pre\u021bul motorinei ar putea cre\u0219te cu aproximativ 16%, p\u00e2n\u0103 la 1.72 euro pe litru. Plafonul impus limiteaz\u0103 pre\u021bul la 1.55 euro pe litru.&nbsp;<\/span><\/p>\n<p id=\"p-4\"><span>Serbia men\u021bine \u00eens\u0103 un plafon al pre\u021burilor la combustibil \u00eenc\u0103 din februarie 2022. Guvernul stabile\u0219te pre\u021burile maxime de v\u00e2nzare pentru motorina Euro Diesel \u0219i benzina Euro Premium BMB 95.&nbsp;<\/span><\/p>\n","protected":false},"excerpt":{"rendered":"<p>Ministrul energiei din Serbia, Dubravka Djedovic Handanovic, a anun\u021bat luni c\u0103 exporturile de \u021bi\u021bei, motorin\u0103 \u0219i benzin\u0103 vor fi suspendate p\u00e2n\u0103 la 19 martie. M\u0103sura se aplic\u0103 tuturor modurilor de &hellip; <a href=\"https:\/\/microscopemedia.com\/?p=680975\" class=\"more-link\">Read More<\/a><\/p>\n","protected":false},"author":1,"featured_media":680976,"comment_status":"closed","ping_status":"closed","sticky":false,"template":"Default","format":"standard","meta":[],"categories":[1],"tags":[],"_links":{"self":[{"href":"https:\/\/microscopemedia.com\/index.php?rest_route=\/wp\/v2\/posts\/680975"}],"collection":[{"href":"https:\/\/microscopemedia.com\/index.php?rest_route=\/wp\/v2\/posts"}],"about":[{"href":"https:\/\/microscopemedia.com\/index.php?rest_route=\/wp\/v2\/types\/post"}],"author":[{"embeddable":true,"href":"https:\/\/microscopemedia.com\/index.php?rest_route=\/wp\/v2\/users\/1"}],"replies":[{"embeddable":true,"href":"https:\/\/microscopemedia.com\/index.php?rest_route=%2Fwp%2Fv2%2Fcomments&post=680975"}],"version-history":[{"count":0,"href":"https:\/\/microscopemedia.com\/index.php?rest_route=\/wp\/v2\/posts\/680975\/revisions"}],"wp:featuredmedia":[{"embeddable":true,"href":"https:\/\/microscopemedia.com\/index.php?rest_route=\/wp\/v2\/media\/680976"}],"wp:attachment":[{"href":"https:\/\/microscopemedia.com\/index.php?rest_route=%2Fwp%2Fv2%2Fmedia&parent=680975"}],"wp:term":[{"taxonomy":"category","embeddable":true,"href":"https:\/\/microscopemedia.com\/index.php?rest_route=%2Fwp%2Fv2%2Fcategories&post=680975"},{"taxonomy":"post_tag","embeddable":true,"href":"https:\/\/microscopemedia.com\/index.php?rest_route=%2Fwp%2Fv2%2Ftags&post=680975"}],"curies":[{"name":"wp","href":"https:\/\/api.w.org\/{rel}","templated":true}]}}