{"id":680999,"date":"2026-03-10T05:36:03","date_gmt":"2026-03-10T05:36:03","guid":{"rendered":"https:\/\/microscopemedia.com\/?p=680999"},"modified":"2026-03-10T05:36:03","modified_gmt":"2026-03-10T05:36:03","slug":"prognoza-meteo-pentru-urmatoarele-4-saptamani-cum-va-fi-vremea-de-pastele-catolic","status":"publish","type":"post","link":"https:\/\/microscopemedia.com\/?p=680999","title":{"rendered":"Prognoza meteo pentru urm\u0103toarele 4 s\u0103pt\u0103m\u00e2ni. Cum va fi vremea de Pa\u0219tele catolic"},"content":{"rendered":"<div><img decoding=\"async\" src=\"https:\/\/microscopemedia.com\/wp-content\/uploads\/2026\/03\/prognoza-meteo-pentru-urmatoarele-4-saptamani-cum-va-fi-vremea-de-pastele-catolic.jpg\" class=\"ff-og-image-inserted\"><\/div>\n<h2 id=\"chapter-0\">9 \u2013 16 martie<\/h2>\n<p id=\"p-0\">Valorile termice vor fi apropiate de cele specifice pentru aceast\u0103 s\u0103pt\u0103m\u00e2n\u0103 \u00een regiunile sudice \u0219i sud-estice, iar \u00een rest vor fi mai ridicate dec\u00e2t cele normale. Regimul pluviometric estimat pentru acest interval va fi deficitar la nivelul \u00eentregii \u021b\u0103ri.<\/p>\n<h2 id=\"chapter-1\">16 \u2013 23 martie<\/h2>\n<p id=\"p-1\">Temperaturile medii vor fi u\u0219or mai ridicate dec\u00e2t cele specifice pentru aceast\u0103 perioad\u0103 \u00een regiunile vestice, nordice \u0219i centrale, iar \u00een rest vor fi \u00een general apropiate de cele normale. Cantit\u0103\u021bile de precipita\u021bii vor fi apropiate de cele normale \u00een regiunile extracarpatice, iar \u00een rest vor fi deficitare.<\/p>\n<h2 id=\"chapter-2\">23 \u2013 30 martie<\/h2>\n<p id=\"p-2\">Temperatura medie a aerului va avea valori u\u0219or mai ridicate dec\u00e2t cele normale pentru aceast\u0103 perioad\u0103 la nivelul \u00eentregii \u021b\u0103ri, dar mai ales \u00een regiunile nord-vestice. Regimul pluviometric va fi local deficitar \u00een nord-vestul teritoriului, iar \u00een rest va fi apropiat de cel normal pentru acest interval.<\/p>\n<h2 id=\"chapter-3\">30 martie \u2013 6 aprilie<\/h2>\n<p id=\"p-3\">Mediile valorilor termice vor fi apropiate de cele specifice pentru aceast\u0103 s\u0103pt\u0103m\u00e2n\u0103, pe \u00eentreg teritoriul Rom\u00e2niei. Cantit\u0103\u021bile de precipita\u021bii estimate pentru acest interval vor fi u\u0219or excedentare, local, \u00een zonele montane \u0219i sub-montane, iar \u00een rest vor fi apropiate de cele normale.<\/p>\n","protected":false},"excerpt":{"rendered":"<p>9 \u2013 16 martie Valorile termice vor fi apropiate de cele specifice pentru aceast\u0103 s\u0103pt\u0103m\u00e2n\u0103 \u00een regiunile sudice \u0219i sud-estice, iar \u00een rest vor fi mai ridicate dec\u00e2t cele normale. &hellip; <a href=\"https:\/\/microscopemedia.com\/?p=680999\" class=\"more-link\">Read More<\/a><\/p>\n","protected":false},"author":1,"featured_media":681000,"comment_status":"closed","ping_status":"closed","sticky":false,"template":"Default","format":"standard","meta":[],"categories":[1],"tags":[],"_links":{"self":[{"href":"https:\/\/microscopemedia.com\/index.php?rest_route=\/wp\/v2\/posts\/680999"}],"collection":[{"href":"https:\/\/microscopemedia.com\/index.php?rest_route=\/wp\/v2\/posts"}],"about":[{"href":"https:\/\/microscopemedia.com\/index.php?rest_route=\/wp\/v2\/types\/post"}],"author":[{"embeddable":true,"href":"https:\/\/microscopemedia.com\/index.php?rest_route=\/wp\/v2\/users\/1"}],"replies":[{"embeddable":true,"href":"https:\/\/microscopemedia.com\/index.php?rest_route=%2Fwp%2Fv2%2Fcomments&post=680999"}],"version-history":[{"count":0,"href":"https:\/\/microscopemedia.com\/index.php?rest_route=\/wp\/v2\/posts\/680999\/revisions"}],"wp:featuredmedia":[{"embeddable":true,"href":"https:\/\/microscopemedia.com\/index.php?rest_route=\/wp\/v2\/media\/681000"}],"wp:attachment":[{"href":"https:\/\/microscopemedia.com\/index.php?rest_route=%2Fwp%2Fv2%2Fmedia&parent=680999"}],"wp:term":[{"taxonomy":"category","embeddable":true,"href":"https:\/\/microscopemedia.com\/index.php?rest_route=%2Fwp%2Fv2%2Fcategories&post=680999"},{"taxonomy":"post_tag","embeddable":true,"href":"https:\/\/microscopemedia.com\/index.php?rest_route=%2Fwp%2Fv2%2Ftags&post=680999"}],"curies":[{"name":"wp","href":"https:\/\/api.w.org\/{rel}","templated":true}]}}