{"id":681003,"date":"2026-03-10T06:06:03","date_gmt":"2026-03-10T06:06:03","guid":{"rendered":"https:\/\/microscopemedia.com\/?p=681003"},"modified":"2026-03-10T06:06:03","modified_gmt":"2026-03-10T06:06:03","slug":"dan-barna-despre-conflictul-din-orientul-mijlociu-rolul-europei-si-miza-strategica-a-aderarii-republicii-moldova-la-ue-europa-si-romania-sunt-in-situatia-si-in-pozitia-de-a-si-proteja-cetat","status":"publish","type":"post","link":"https:\/\/microscopemedia.com\/?p=681003","title":{"rendered":"Dan Barna despre conflictul din Orientul Mijlociu, rolul Europei \u0219i miza strategic\u0103 a ader\u0103rii Republicii Moldova la UE: \u201eEuropa \u0219i Rom\u00e2nia sunt \u00een situa\u021bia \u0219i \u00een pozi\u021bia de a-\u0219i proteja cet\u0103\u021benii\u201d"},"content":{"rendered":"<div><img decoding=\"async\" src=\"https:\/\/microscopemedia.com\/wp-content\/uploads\/2026\/03\/dan-barna-despre-conflictul-din-orientul-mijlociu-rolul-europei-si-miza-strategica-a-aderarii-republicii-moldova-la-ue-europa-si-romania-sunt-in-situatia-si-in-pozitia-de-a-si-proteja-cetat.jpg\" class=\"ff-og-image-inserted\"><\/div>\n<p id=\"p-0\">\u00cen aceast\u0103 s\u0103pt\u0103m\u00e2n\u0103 la Strasbourg, <a href=\"https:\/\/www.europarl.europa.eu\/news\/en\/agenda\/plenary-news\/2026-03-09\/0\/debate-on-the-situation-in-the-middle-east-and-the-19-20-march-eu-summit\">conflictul din Orientul Mijlociu<\/a> \u0219i intensificarea atacurilor \u00eempotriva Iranului, <a href=\"https:\/\/www.europarl.europa.eu\/RegData\/etudes\/ATAG\/2026\/782673\/EPRS_ATA(2026)782673_EN.pdf\">strategia de extindere a Uniunii Europene<\/a> \u0219i viitorul <a href=\"https:\/\/www.europarl.europa.eu\/RegData\/etudes\/BRIE\/2026\/782646\/EPRS_BRI(2026)782646_EN.pdf\">buget multianual pentru perioada 2028-2034<\/a> reprezint\u0103 doar o mic\u0103 parte dintre temele de pe agenda politic\u0103 european\u0103.<\/p>\n<p id=\"p-1\">\u00cen tot acest context geopolitic \u00een care domin\u0103 conflictele \u0219i reafirm\u0103rile de putere, Uniunea European\u0103 \u00eencearc\u0103 s\u0103 \u00ee\u0219i reg\u00e2ndeasc\u0103 rolul \u0219i instrumentele de ac\u021biune. Membrii Parlamentului European discut\u0103 dosare care ating direc\u021bia strategic\u0103 a blocului comunitar, pornind de la securitate \u0219i politic\u0103 extern\u0103, p\u00e2n\u0103 la modul \u00een care vor fi distribuite resursele financiare \u00een urm\u0103torul deceniu.<\/p>\n<p id=\"p-2\">\u00centr-un interviu exclusiv pentru MEDIAFAX, <a href=\"https:\/\/www.mediafax.ro\/politic\/dan-barna-romania-e-tot-mai-puternica-pe-flancul-estic-dar-risca-sa-piarda-bani-europeni-daca-proiectele-intarzie-23694132\">Dan Barna<\/a>, europarlamentar \u0219i membru al Comisiei pentru Afaceri Externe a Parlamentului European, vorbe\u0219te despre felul \u00een care aceste crize \u0219i decizii strategice se intersecteaz\u0103 \u00eentr-un moment pe care \u00eel descrie drept unul definitoriu pentru Uniunea European\u0103.<\/p>\n<h2 id=\"chapter-0\">Conflictul din Orientul Mijlociu \u0219i pozi\u021bia Europei<\/h2>\n<p id=\"p-3\">Escaladarea conflictului dintre Statele Unite, Israel \u0219i Iran a readus Orientul Mijlociu \u00een centrul discu\u021biilor la nivel interna\u021bional. Conform lui Dan Barna, actualul r\u0103zboi \u00een desf\u0103\u0219urare este rezultatul unui lung \u0219ir de evenimente.<\/p>\n<p id=\"p-4\">\u201eEste un conflict la care s-a ajuns din cauza unei situa\u021bii care treneaz\u0103 de mult timp. Avem \u00een Iran o guvernare care s-a radicalizat devenind sponsor recunoscut, \u0219i chiar autor recunoscut, interna\u021bional al terorismului. Un regim care \u00een ultimele luni am v\u0103zut, mai ales din momentul \u00een care au pornit \u0219i protestele interne, am v\u0103zut, a ucis, cifrele variaz\u0103, dar vorbim de mii sau zeci de mii de cet\u0103\u021beni, uci\u0219i de propria lor guvernare, ceea ce este dincolo de orice limite sau standarde ale drepturilor omului\u201d, a declarat acesta.<\/p>\n<p id=\"p-5\">Aceast\u0103 realitate, spune europarlamentarul, a contribuit la disputele geopolitice, care, treptat, au crescut \u0219i au condus la o escaladare masiv\u0103, ce nu pare s\u0103 aib\u0103 un sf\u00e2r\u0219it \u00een viitorul apropiat.<\/p>\n<p id=\"p-6\">\u00cen tot acest context, scopul principal al statelor europene r\u0103m\u00e2ne, \u00een primul r\u00e2nd, protejarea cet\u0103\u021benilor \u0219i ap\u0103rarea intereselor strategice. Acela\u0219i lucru r\u0103m\u00e2ne \u0219i \u00een aten\u021bia Rom\u00e2niei.<\/p>\n<p id=\"p-7\">\u201eEvident c\u0103 Europa \u0219i \u00een egal\u0103 m\u0103sur\u0103 Rom\u00e2nia, pentru c\u0103 suntem membri ai Uniunii Europene, suntem membri ai NATO, sunt \u00een situa\u021bia \u0219i \u00een pozi\u021bia de a-\u0219i proteja cet\u0103\u021benii, de a-\u0219i ap\u0103ra interesele strategice \u0219i interesele pe care le avem \u00een regiune. Unele \u021b\u0103ri au interese mai explicite. Rom\u00e2nia este cunoscut\u0103 printre statele care au avut, \u00een timp de zeci de ani, rela\u021bii cu toate \u021b\u0103rile din Orientul Mijlociu \u0219i cu Israelul, rela\u021bii foarte bune \u0219i cu statele arabe, fiind un broker de dialog \u00eentr-o lung\u0103 perioad\u0103 de timp.\u201d, explic\u0103 Barna.<\/p>\n<p id=\"p-8\">Eurodeputatul a declarat c\u0103 una dintre priorit\u0103\u021bile actuale ale statelor europene este acordarea de asisten\u021b\u0103 consular\u0103, dar \u0219i repatrierea cet\u0103\u021benilor afla\u021bi \u00een zonele afectate de conflict.<\/p>\n<p id=\"p-9\">\u201eIar \u00een contextul acestui r\u0103zboi, evident c\u0103 mizele sunt, \u00een primul r\u00e2nd, unele de protec\u021bie a cet\u0103\u021benilor, de recuperare a cet\u0103\u021benilor care solicit\u0103 asisten\u021b\u0103 consular\u0103. Am v\u0103zut, \u00een ultimele zile, mii de rom\u00e2nii se \u00eentorc acas\u0103, cei care solicit\u0103 lucrul acesta, \u0219i e un lucru foarte firesc. La fel se \u00eent\u00e2mpl\u0103, toate statele europene sunt \u00een momentul de fa\u021b\u0103 \u00een aceast\u0103 logic\u0103, fiind greu cumva de anticipat vor evolua ostilit\u0103\u021bile \u00een Orient.\u201d, a spus Dan Barna.<\/p>\n<h2 id=\"chapter-1\">Dezbaterea despre umbrela nuclear\u0103 european\u0103<\/h2>\n<p id=\"p-10\">\u00cen ceea ce prive\u0219te dezbaterea legat\u0103 de securitatea nuclear\u0103 european\u0103 \u0219i declara\u021biile pre\u0219edintelui Nicu\u0219or Dan, acesta a spus c\u0103 Rom\u00e2nia beneficiaz\u0103 deja de protec\u021bia oferit\u0103 de NATO, dar c\u0103 discu\u021biile la nivel european sunt \u00een continuare deschise.<\/p>\n<p id=\"p-11\">\u201eSubiectul acesta al umbrelei de protec\u021bie nuclear\u0103, adic\u0103 capacitatea de a face fa\u021b\u0103 unei eventuale agresiuni \u0219i sentimentul de siguran\u021b\u0103 pe care umbrela nuclear\u0103 \u021bi-l acord\u0103, este un lucru foarte complex \u00een momentul de fa\u021b\u0103, pentru c\u0103 Rom\u00e2nia este acoperit\u0103, prin scutul de la Deveselu. Suntem practic \u00een zona de protec\u021bie, \u00een zona de acoperire a umbrelei nucleare americane.\u201d<\/p>\n<p id=\"p-12\">Pre\u0219edintele Nicu\u0219or Dan a afirmat joi, la Var\u0219ovia, c\u0103 <a href=\"https:\/\/www.mediafax.ro\/politic\/nicusor-dan-in-viitorul-mediu-nu-se-pune-problema-ca-elemente-nucleare-sa-fie-gazduite-de-teritoriul-nostru-23698142\">Rom\u00e2nia este protejat\u0103 de umbrela nuclear\u0103 a NATO<\/a> oferit\u0103 de SUA. \u0218eful statului a precizat c\u0103 \u201ea fi protejat\u0103 de umbrela nuclear\u0103 NATO nu presupune prezen\u021ba unor elemente de natur\u0103 nuclear\u0103 pe teritoriul Rom\u00e2niei\u201d.<\/p>\n<p id=\"p-13\">\u201eCeea ce am v\u0103zut c\u0103 a declarat pre\u0219edintele Nicu\u0219or Dan este cumva confirmarea faptului c\u0103 Rom\u00e2nia este \u00een etapa \u00eenc\u0103 de reflexie, \u00eenc\u0103 analizeaz\u0103 care sunt cele mai sigure decizii asupra acestui fapt.\u201d, a declarat Dan Barna.<\/p>\n<h2 id=\"chapter-2\">Republica Moldova \u0219i perspectiva ader\u0103rii la UE<\/h2>\n<p id=\"p-14\">\u00cen paralel, agenda european\u0103 din aceste zile include \u0219i tema privind extinderea Uniunii Europene, \u00een special \u00een ceea ce prive\u0219te <a href=\"https:\/\/www.mediafax.ro\/politic\/maia-sandu-intalniri-la-munchen-pentru-securitatea-si-integrarea-europeana-a-republicii-moldova-23687006\">Republica Moldova<\/a> \u0219i Ucraina. <a href=\"https:\/\/www.instagram.com\/p\/DUp3YdrCKkQ\/\">Dan Barna<\/a> a afirmat c\u0103 aderarea Chi\u0219in\u0103ului la Uniune r\u0103m\u00e2ne un scenariu realist.<\/p>\n<p id=\"p-15\">\u201eE foarte clar c\u0103 ap\u0103rarea Europei depinde de un flanc estic foarte puternic. Un flanc estic foarte puternic \u00eenseamn\u0103 ca Uniunea European\u0103 s\u0103 se extind\u0103 spre Ucraina, spre Moldova.\u201d, a spus acesta.<\/p>\n<p id=\"p-16\">\u00cen acest proces, Rom\u00e2nia joac\u0103 un rol foarte important, afirm\u0103 eurodeputatul: \u201eRom\u00e2nia este principalul sus\u021bin\u0103tor, este vocea principal\u0103 care ap\u0103r\u0103 acest proiect de aderare a Moldovei la UE.\u201d<\/p>\n<p id=\"p-17\">Pe l\u00e2ng\u0103 dimensiunea strategic\u0103, Dan Barna a declarat c\u0103 exist\u0103 \u0219i o component\u0103 simbolic\u0103, pe care Rom\u00e2nia o ia \u00een calcul, privind sus\u021binerea acestui proiect: \u201eRom\u00e2nia \u0219i Moldova \u00eempreun\u0103, unire sub umbrela european\u0103 \u00een cadrul Uniunii Europene.\u201d<\/p>\n<h2 id=\"chapter-3\">Reforma bugetului european<\/h2>\n<p id=\"p-18\">Pe l\u00e2ng\u0103 cele men\u021bionate, viitorul buget multianual al Uniunii Europene pentru perioada 2028-2034 reprezint\u0103, de asemenea, unul dintre cele mai dezb\u0103tute \u0219i importante teme ale Europei, \u00eenc\u0103 de c\u00e2nd au \u00eenceput negocierile. \u00cen aceast\u0103 s\u0103pt\u0103m\u00e2n\u0103, la Strasbourg, se vor vota priorit\u0103\u021bile bugetului.<\/p>\n<p id=\"p-19\">\u201eBugetul european este \u00een momentul de fa\u021b\u0103 reformat complet. P\u00e2n\u0103 acum aveam undeva peste 50 de fonduri diferite, acum avem 3 piloni, practic, to\u021bi banii europeni, vorbim de aproape 2.000 de miliarde. Sunt 1.985 de miliarde de propunere a Comisiei Europene, deci aproape 2.000 de miliarde, care sunt \u00eemp\u0103r\u021bite pe trei piloni foarte clari.\u201d, a spus Dan Barna..<\/p>\n<p id=\"p-20\">Eurodeputatul a declarat c\u0103 una dintre priorit\u0103\u021bile sale, \u00een tot acest demers al stabilirii bugetului, este s\u0103 existe <span>fonduri dedicate <\/span>statelor care candideaz\u0103 pentru aderare la Uniunea European\u0103.<\/p>\n<p id=\"p-21\">\u201eEste o prioritate pentru mine ca statele, cum este Moldova, cum sunt statele din Balcanii de Vest, s\u0103 aib\u0103 aloc\u0103ri financiare clare, predefinite, pe care s\u0103 le \u0219tie, s\u0103 nu fie doar o g\u0103leat\u0103 general\u0103 din care sunt folosite resurse c\u00e2nd e nevoie. pentru c\u0103 e important, mai ales pentru guvernele pro-europene din aceste state, s\u0103 \u0219tie pe ce resurse de dezvoltare, pe ce bani pot s\u0103 conteze, \u0219i atunci e o miz\u0103 lucru acesta\u201d, a afirmat Dan Barna.<\/p>\n","protected":false},"excerpt":{"rendered":"<p>\u00cen aceast\u0103 s\u0103pt\u0103m\u00e2n\u0103 la Strasbourg, conflictul din Orientul Mijlociu \u0219i intensificarea atacurilor \u00eempotriva Iranului, strategia de extindere a Uniunii Europene \u0219i viitorul buget multianual pentru perioada 2028-2034 reprezint\u0103 doar o &hellip; <a href=\"https:\/\/microscopemedia.com\/?p=681003\" class=\"more-link\">Read More<\/a><\/p>\n","protected":false},"author":1,"featured_media":681004,"comment_status":"closed","ping_status":"closed","sticky":false,"template":"Default","format":"standard","meta":[],"categories":[1],"tags":[],"_links":{"self":[{"href":"https:\/\/microscopemedia.com\/index.php?rest_route=\/wp\/v2\/posts\/681003"}],"collection":[{"href":"https:\/\/microscopemedia.com\/index.php?rest_route=\/wp\/v2\/posts"}],"about":[{"href":"https:\/\/microscopemedia.com\/index.php?rest_route=\/wp\/v2\/types\/post"}],"author":[{"embeddable":true,"href":"https:\/\/microscopemedia.com\/index.php?rest_route=\/wp\/v2\/users\/1"}],"replies":[{"embeddable":true,"href":"https:\/\/microscopemedia.com\/index.php?rest_route=%2Fwp%2Fv2%2Fcomments&post=681003"}],"version-history":[{"count":0,"href":"https:\/\/microscopemedia.com\/index.php?rest_route=\/wp\/v2\/posts\/681003\/revisions"}],"wp:featuredmedia":[{"embeddable":true,"href":"https:\/\/microscopemedia.com\/index.php?rest_route=\/wp\/v2\/media\/681004"}],"wp:attachment":[{"href":"https:\/\/microscopemedia.com\/index.php?rest_route=%2Fwp%2Fv2%2Fmedia&parent=681003"}],"wp:term":[{"taxonomy":"category","embeddable":true,"href":"https:\/\/microscopemedia.com\/index.php?rest_route=%2Fwp%2Fv2%2Fcategories&post=681003"},{"taxonomy":"post_tag","embeddable":true,"href":"https:\/\/microscopemedia.com\/index.php?rest_route=%2Fwp%2Fv2%2Ftags&post=681003"}],"curies":[{"name":"wp","href":"https:\/\/api.w.org\/{rel}","templated":true}]}}