{"id":681005,"date":"2026-03-10T06:16:04","date_gmt":"2026-03-10T06:16:04","guid":{"rendered":"https:\/\/microscopemedia.com\/?p=681005"},"modified":"2026-03-10T06:16:04","modified_gmt":"2026-03-10T06:16:04","slug":"parlamentul-european-se-pregateste-sa-aprobe-o-lege-mai-dura-privind-deportarea-migrantilor","status":"publish","type":"post","link":"https:\/\/microscopemedia.com\/?p=681005","title":{"rendered":"Parlamentul European se preg\u0103te\u0219te s\u0103 aprobe o lege mai dur\u0103 privind deportarea migran\u021bilor"},"content":{"rendered":"<div><img decoding=\"async\" src=\"https:\/\/microscopemedia.com\/wp-content\/uploads\/2026\/03\/parlamentul-european-se-pregateste-sa-aprobe-o-lege-mai-dura-privind-deportarea-migrantilor.jpg\" class=\"ff-og-image-inserted\"><\/div>\n<p id=\"p-0\">Proiectul legislativ a fost aprobat \u00een Comisia pentru Libert\u0103\u021bi Civile, Justi\u021bie \u0219i Afaceri Interne (LIBE) din Parlamentul European, cu sprijinul grupurilor de centru-dreapta, dreapta \u0219i extrema dreapt\u0103. Votul a marcat o ruptur\u0103 \u00een majoritatea tradi\u021bional\u0103 din Parlamentul European, format\u0103 din Partidul Popular European (PPE), Sociali\u0219tii \u0219i Democra\u021bii (S&amp;D), Renew Europe \u0219i Verzii, mai scrie <a href=\"https:\/\/www.euronews.com\/my-europe\/2026\/03\/10\/eu-parliament-ready-to-approve-deportation-bill-as-epp-teams-up-with-far-right-for-stricte\" target=\"_blank\" rel=\"noopener\">Euronews<\/a>.<\/p>\n<p id=\"p-1\">Grupurile de st\u00e2nga au anun\u021bat c\u0103 se vor opune proiectului atunci c\u00e2nd acesta va fi supus votului \u00een plen.<\/p>\n<h2 id=\"chapter-0\">M\u0103suri mai dure pentru combaterea migra\u021biei ilegale<\/h2>\n<p id=\"p-2\">Noua lege urm\u0103re\u0219te s\u0103 creasc\u0103 eficien\u021ba return\u0103rii migran\u021bilor f\u0103r\u0103 drept de \u0219edere \u00een UE. Potrivit sus\u021bin\u0103torilor proiectului, \u00een prezent doar aproximativ 20% dintre deciziile de returnare emise \u00een Uniune sunt puse efectiv \u00een aplicare.<\/p>\n<p id=\"p-3\">Printre m\u0103surile propuse se num\u0103r\u0103:<\/p>\n<ul>\n<li>recunoa\u0219terea reciproc\u0103 a deciziilor de expulzare \u00eentre statele membre;<\/li>\n<li>posibilitatea efectu\u0103rii de perchezi\u021bii la domiciliu sau \u00een alte locuri unde ar putea fi g\u0103si\u021bi migran\u021bi f\u0103r\u0103 documente;<\/li>\n<li>centre de deten\u021bie \u00een afara UE, a\u0219a-numitele \u201ereturn hubs\u201d.<\/li>\n<\/ul>\n<p id=\"p-4\">Sus\u021bin\u0103torii proiectului spun c\u0103 aceste m\u0103suri sunt necesare pentru a face politica de returnare mai eficient\u0103.<\/p>\n<h2 id=\"chapter-1\">Critici din partea ONG-urilor \u0219i a partidelor de st\u00e2nga<\/h2>\n<p id=\"p-5\">Organiza\u021biile pentru drepturile migran\u021bilor \u0219i unele partide politice au criticat proiectul. Ele au afirmat c\u0103 noile reguli ar putea duce la abuzuri \u0219i la \u00eenc\u0103lcarea drepturilor fundamentale. Criticii sus\u021bin c\u0103 posibilitatea perchezi\u021biilor ar putea conduce la ac\u021biuni similare celor desf\u0103\u0219urate \u00een Statele Unite de agen\u021bia de imigra\u021bie ICE, care au generat proteste \u00een trecut. De asemenea, ONG-urile avertizeaz\u0103 c\u0103 trimiterea migran\u021bilor \u00een centre din afara Uniunii ridic\u0103 semne de \u00eentrebare privind respectarea drepturilor lor \u0219i mecanismele de control.<\/p>\n<p id=\"p-6\">Proiectul legislativ permite statelor membre s\u0103 trimit\u0103 migran\u021bi \u00een centre de deten\u021bie situate \u00een \u021b\u0103ri ter\u021be. Este posibil chiar dac\u0103 ace\u0219tia nu au nicio leg\u0103tur\u0103 cu respectivele state. Aceste centre ar putea func\u021biona fie ca puncte de tranzit, fie ca locuri unde migran\u021bii ar putea fi re\u021binu\u021bi p\u00e2n\u0103 la deportarea c\u0103tre \u021b\u0103rile de origine.<\/p>\n<p id=\"p-7\">Un alt punct controversat este eliminarea propunerii ini\u021biale de a crea un mecanism independent care s\u0103 monitorizeze respectarea drepturilor fundamentale \u00een aceste centre.<\/p>\n<h2 id=\"chapter-2\">Urmeaz\u0103 votul final \u00een Parlament<\/h2>\n<p id=\"p-8\">Dup\u0103 aprobarea \u00een comisia parlamentar\u0103, proiectul va fi supus votului \u00een plenul Parlamentului European. Dac\u0103 va fi adoptat, textul va intra \u00een <a href=\"https:\/\/www.mediafax.ro\/stirile-zilei\/prim-ministrul-greciei-europa-trebuie-sa-fie-pregatita-sa-se-apere-de-fluxurile-mari-de-refugiati-23699941\" target=\"_blank\" rel=\"noopener\">negocieri cu statele membre<\/a> pentru forma final\u0103 a legii. Diferen\u021bele dintre pozi\u021bia Parlamentului \u0219i cea a guvernelor europene sunt considerate relativ mici, ceea ce \u00eenseamn\u0103 c\u0103 noua legisla\u021bie ar putea fi adoptat\u0103 \u00een lunile urm\u0103toare.<\/p>\n","protected":false},"excerpt":{"rendered":"<p>Proiectul legislativ a fost aprobat \u00een Comisia pentru Libert\u0103\u021bi Civile, Justi\u021bie \u0219i Afaceri Interne (LIBE) din Parlamentul European, cu sprijinul grupurilor de centru-dreapta, dreapta \u0219i extrema dreapt\u0103. Votul a marcat &hellip; <a href=\"https:\/\/microscopemedia.com\/?p=681005\" class=\"more-link\">Read More<\/a><\/p>\n","protected":false},"author":1,"featured_media":681006,"comment_status":"closed","ping_status":"closed","sticky":false,"template":"Default","format":"standard","meta":[],"categories":[1],"tags":[],"_links":{"self":[{"href":"https:\/\/microscopemedia.com\/index.php?rest_route=\/wp\/v2\/posts\/681005"}],"collection":[{"href":"https:\/\/microscopemedia.com\/index.php?rest_route=\/wp\/v2\/posts"}],"about":[{"href":"https:\/\/microscopemedia.com\/index.php?rest_route=\/wp\/v2\/types\/post"}],"author":[{"embeddable":true,"href":"https:\/\/microscopemedia.com\/index.php?rest_route=\/wp\/v2\/users\/1"}],"replies":[{"embeddable":true,"href":"https:\/\/microscopemedia.com\/index.php?rest_route=%2Fwp%2Fv2%2Fcomments&post=681005"}],"version-history":[{"count":0,"href":"https:\/\/microscopemedia.com\/index.php?rest_route=\/wp\/v2\/posts\/681005\/revisions"}],"wp:featuredmedia":[{"embeddable":true,"href":"https:\/\/microscopemedia.com\/index.php?rest_route=\/wp\/v2\/media\/681006"}],"wp:attachment":[{"href":"https:\/\/microscopemedia.com\/index.php?rest_route=%2Fwp%2Fv2%2Fmedia&parent=681005"}],"wp:term":[{"taxonomy":"category","embeddable":true,"href":"https:\/\/microscopemedia.com\/index.php?rest_route=%2Fwp%2Fv2%2Fcategories&post=681005"},{"taxonomy":"post_tag","embeddable":true,"href":"https:\/\/microscopemedia.com\/index.php?rest_route=%2Fwp%2Fv2%2Ftags&post=681005"}],"curies":[{"name":"wp","href":"https:\/\/api.w.org\/{rel}","templated":true}]}}