{"id":681007,"date":"2026-03-10T06:26:03","date_gmt":"2026-03-10T06:26:03","guid":{"rendered":"https:\/\/microscopemedia.com\/?p=681007"},"modified":"2026-03-10T06:26:03","modified_gmt":"2026-03-10T06:26:03","slug":"firea-proiectul-de-buget-pe-2026-este-inacceptabil-in-forma-actuala-psd-nu-va-ceda","status":"publish","type":"post","link":"https:\/\/microscopemedia.com\/?p=681007","title":{"rendered":"Firea: Proiectul de buget pe 2026 este inacceptabil \u00een forma actual\u0103. PSD nu va ceda"},"content":{"rendered":"<div><img decoding=\"async\" src=\"https:\/\/microscopemedia.com\/wp-content\/uploads\/2026\/03\/firea-proiectul-de-buget-pe-2026-este-inacceptabil-in-forma-actuala-psd-nu-va-ceda.jpg\" class=\"ff-og-image-inserted\"><\/div>\n<p id=\"p-0\">Gabriela Firea a lansat un atac dur la adresa actualului guvern. Aceasta avertizeaz\u0103 c\u0103 forma actual\u0103 a bugetului de stat nu poate fi sus\u021binut\u0103 de social-democra\u021bi.<\/p>\n<p id=\"p-1\">\u201eProiectul de buget pe 2026 este inacceptabil \u00een forma actual\u0103. Este revolt\u0103tor c\u0103 am ajuns \u00een luna martie f\u0103r\u0103 un buget votat, c\u00e2nd noi eram preg\u0103ti\u021bi cu proiecte \u0219i cifre \u00eenc\u0103 dinainte s\u0103 intr\u0103m \u00een 2026. Una stabilim \u00een Coali\u021bie \u0219i alta aplic\u0103 Executivul prin m\u0103suri arbitrare\u201d.<\/p>\n<p id=\"p-2\">Liniile ro\u0219ii stabilite de PSD vizeaz\u0103 \u00een primul r\u00e2nd protec\u021bia social\u0103 \u0219i investi\u021biile \u00een comunit\u0103\u021bi. Referitor la sprijinul pentru persoanele defavorizate, Firea a spus c\u0103 \u201epachetul de Solidaritate trebuie finan\u021bat integral. Nu accept\u0103m ca \u00absolu\u021bia\u00bb s\u0103 fie t\u0103ierea drepturilor celor mai vulnerabili. Este strig\u0103tor la cer s\u0103 nu se g\u0103seasc\u0103 119 lei\/lun\u0103 pentru copiii cu handicap, \u00een timp ce se acord\u0103 deduceri de 400 euro\/an pentru juc\u0103torii la burs\u0103\u201d.<\/p>\n<p id=\"p-3\">\u00cen ceea ce prive\u0219te dezvoltarea teritorial\u0103, europarlamentara subliniaz\u0103 importan\u021ba investi\u021biilor \u00een comunit\u0103\u021bi prin programe precum Anghel Saligny, CNI \u0219i PNDL, pe care le nume\u0219te \u201emotorul dezvolt\u0103rii locale\u201d, avertiz\u00e2nd c\u0103 \u201ef\u0103r\u0103 ele, Rom\u00e2nia stagneaz\u0103\u201d.<\/p>\n<p id=\"p-4\">Firea cere \u0219u respect pentru autorit\u0103\u021bile locale: \u201ePrimarii \u0219i pre\u0219edin\u021bii de Consilii Jude\u021bene nu pot fi l\u0103sa\u021bi f\u0103r\u0103 resurse. Bugetele locale trebuie s\u0103 fie cel pu\u021bin la nivelul anului trecut. Ale\u0219ii locali sunt leg\u0103tura direct\u0103 cu cet\u0103\u021benii\u201d.<\/p>\n<p id=\"p-5\">O alt\u0103 condi\u021bie nenegociabil\u0103 este legat\u0103 de veniturile rom\u00e2nilor, europarlamentara afirm\u0103 c\u0103 \u201esalariul minim trebuie s\u0103 creasc\u0103 de la 1 iulie \u0219i trebuie s\u0103 se reg\u0103seasc\u0103 clar \u00een proiectul bugetului\u201d.<\/p>\n<p id=\"p-6\">\u201eDuminica viitoare facem BILAN\u021aUL celor 8 luni de guvernare Bolojan. La Consiliul Politic Na\u021bional, mii de lideri PSD vor decide viitorul nostru politic. PSD nu va ceda pentru c\u0103 vrem s\u0103 protej\u0103m puterea de cump\u0103rare a rom\u00e2nilor\u201d, a conchis Firea.<\/p>\n","protected":false},"excerpt":{"rendered":"<p>Gabriela Firea a lansat un atac dur la adresa actualului guvern. Aceasta avertizeaz\u0103 c\u0103 forma actual\u0103 a bugetului de stat nu poate fi sus\u021binut\u0103 de social-democra\u021bi. \u201eProiectul de buget pe &hellip; <a href=\"https:\/\/microscopemedia.com\/?p=681007\" class=\"more-link\">Read More<\/a><\/p>\n","protected":false},"author":1,"featured_media":681008,"comment_status":"closed","ping_status":"closed","sticky":false,"template":"Default","format":"standard","meta":[],"categories":[1],"tags":[],"_links":{"self":[{"href":"https:\/\/microscopemedia.com\/index.php?rest_route=\/wp\/v2\/posts\/681007"}],"collection":[{"href":"https:\/\/microscopemedia.com\/index.php?rest_route=\/wp\/v2\/posts"}],"about":[{"href":"https:\/\/microscopemedia.com\/index.php?rest_route=\/wp\/v2\/types\/post"}],"author":[{"embeddable":true,"href":"https:\/\/microscopemedia.com\/index.php?rest_route=\/wp\/v2\/users\/1"}],"replies":[{"embeddable":true,"href":"https:\/\/microscopemedia.com\/index.php?rest_route=%2Fwp%2Fv2%2Fcomments&post=681007"}],"version-history":[{"count":0,"href":"https:\/\/microscopemedia.com\/index.php?rest_route=\/wp\/v2\/posts\/681007\/revisions"}],"wp:featuredmedia":[{"embeddable":true,"href":"https:\/\/microscopemedia.com\/index.php?rest_route=\/wp\/v2\/media\/681008"}],"wp:attachment":[{"href":"https:\/\/microscopemedia.com\/index.php?rest_route=%2Fwp%2Fv2%2Fmedia&parent=681007"}],"wp:term":[{"taxonomy":"category","embeddable":true,"href":"https:\/\/microscopemedia.com\/index.php?rest_route=%2Fwp%2Fv2%2Fcategories&post=681007"},{"taxonomy":"post_tag","embeddable":true,"href":"https:\/\/microscopemedia.com\/index.php?rest_route=%2Fwp%2Fv2%2Ftags&post=681007"}],"curies":[{"name":"wp","href":"https:\/\/api.w.org\/{rel}","templated":true}]}}