{"id":681015,"date":"2026-03-10T07:16:04","date_gmt":"2026-03-10T07:16:04","guid":{"rendered":"https:\/\/microscopemedia.com\/?p=681015"},"modified":"2026-03-10T07:16:04","modified_gmt":"2026-03-10T07:16:04","slug":"ministrul-de-externe-al-iranului-vom-continua-atacurile-cu-rachete-atat-cat-va-fi-nevoie","status":"publish","type":"post","link":"https:\/\/microscopemedia.com\/?p=681015","title":{"rendered":"Ministrul de externe al Iranului: Vom continua atacurile cu rachete \u201eat\u00e2t c\u00e2t va fi nevoie\u201d"},"content":{"rendered":"<div><img decoding=\"async\" src=\"https:\/\/microscopemedia.com\/wp-content\/uploads\/2026\/03\/ministrul-de-externe-al-iranului-vom-continua-atacurile-cu-rachete-atat-cat-va-fi-nevoie.jpg\" class=\"ff-og-image-inserted\"><\/div>\n<p id=\"p-0\">Ministrul de externe al Iranului, Abbas Araghchi, a declarat c\u0103 Teheranul este preg\u0103tit s\u0103 continue atacurile cu rachete \u00eempotriva adversarilor s\u0103i \u201eat\u00e2t c\u00e2t va fi nevoie\u201d \u0219i c\u0103 negocierile cu Statele Unite nu mai sunt o op\u021biune.<\/p>\n<h2 id=\"chapter-0\">Mesajul Teheranului<\/h2>\n<p id=\"p-1\">\u201eLans\u0103rile continu\u0103, iar noi suntem bine preg\u0103ti\u021bi s\u0103 continu\u0103m s\u0103 \u00eei atac\u0103m cu rachetele noastre at\u00e2t c\u00e2t va fi nevoie \u0219i at\u00e2t timp c\u00e2t va fi necesar\u201d, a spus oficialul iranian \u00eentr-un interviu acordat luni postului american PBS News, citat de <a href=\"https:\/\/www.timesofisrael.com\/liveblog-march-10-2026\/\" target=\"_blank\" rel=\"noopener\">Times of Israel<\/a>.<\/p>\n<p id=\"p-2\">El a exclus reluarea dialogului cu Washingtonul, invoc\u00e2nd experien\u021bele anterioare. \u201eAvem o experien\u021b\u0103 foarte amar\u0103 \u00een discu\u021biile cu americanii\u201d, a afirmat ministrul iranian, ad\u0103ug\u00e2nd c\u0103 negocierile cu Statele Unite \u201enu mai sunt pe agenda iranian\u0103\u201d.<\/p>\n<h2 id=\"chapter-1\">Iranul \u00eel contrazice pe Trump<\/h2>\n<p id=\"p-3\">Mesajul transmis de ministrul iranian contrazice declara\u021biile f\u0103cute duminic\u0103 de pre\u0219edintele american Donald Trump, care a spus la Casa Alb\u0103 c\u0103 r\u0103zboiul cu Iranul s-ar putea \u00eencheia \u201efoarte cur\u00e2nd\u201d.<\/p>\n<p id=\"p-4\">Araghchi a sus\u021binut, de asemenea, c\u0103 Statele Unite \u0219i Israelul \u201eau e\u0219uat\u201d \u00een \u00eencercarea de a produce o schimbare de regim \u00een Iran \u00een primele zile ale r\u0103zboiului \u0219i c\u0103 acum sunt \u201ef\u0103r\u0103 direc\u021bie\u201d.<\/p>\n<h2 id=\"chapter-2\">Semne ale unui conflict de durat\u0103<\/h2>\n<p id=\"p-5\">Conflictul a \u00eenceput pe 28 februarie 2026, c\u00e2nd Israelul \u0219i Statele Unite au lansat o serie de lovituri aeriene asupra unor \u021binte din Iran, \u00eentr-o opera\u021biune militar\u0103 coordonat\u0103 care a vizat instala\u021bii militare \u0219i lideri ai regimului de la Teheran. \u00cen urma acestor atacuri, liderul suprem iranian, ayatollahul Ali Khamenei, a fost ucis, iar Iranul a r\u0103spuns cu lovituri cu rachete \u0219i drone \u00eempotriva Israelului \u0219i a unor baze americane \u0219i alia\u021bi ai SUA din regiune.<\/p>\n<p id=\"p-6\">\u00cen paralel, luptele s-au extins \u0219i \u00een Liban, unde gruparea Hezbollah, aliat\u0103 Iranului, a lansat atacuri asupra Israelului, determin\u00e2nd armata israelian\u0103 s\u0103 intensifice opera\u021biunile militare \u00een sudul Libanului.<\/p>\n<p id=\"p-7\">Anali\u0219tii avertizeaz\u0103 c\u0103 r\u0103zboiul ar putea intra \u00eentr-o faz\u0103 de uzur\u0103, \u00een care Iranul mizeaz\u0103 pe capacitatea sa de a continua atacurile cu rachete \u0219i drone pentru a prelungi confruntarea \u0219i a pune presiune asupra adversarilor.<\/p>\n","protected":false},"excerpt":{"rendered":"<p>Ministrul de externe al Iranului, Abbas Araghchi, a declarat c\u0103 Teheranul este preg\u0103tit s\u0103 continue atacurile cu rachete \u00eempotriva adversarilor s\u0103i \u201eat\u00e2t c\u00e2t va fi nevoie\u201d \u0219i c\u0103 negocierile cu &hellip; <a href=\"https:\/\/microscopemedia.com\/?p=681015\" class=\"more-link\">Read More<\/a><\/p>\n","protected":false},"author":1,"featured_media":681016,"comment_status":"closed","ping_status":"closed","sticky":false,"template":"Default","format":"standard","meta":[],"categories":[1],"tags":[],"_links":{"self":[{"href":"https:\/\/microscopemedia.com\/index.php?rest_route=\/wp\/v2\/posts\/681015"}],"collection":[{"href":"https:\/\/microscopemedia.com\/index.php?rest_route=\/wp\/v2\/posts"}],"about":[{"href":"https:\/\/microscopemedia.com\/index.php?rest_route=\/wp\/v2\/types\/post"}],"author":[{"embeddable":true,"href":"https:\/\/microscopemedia.com\/index.php?rest_route=\/wp\/v2\/users\/1"}],"replies":[{"embeddable":true,"href":"https:\/\/microscopemedia.com\/index.php?rest_route=%2Fwp%2Fv2%2Fcomments&post=681015"}],"version-history":[{"count":0,"href":"https:\/\/microscopemedia.com\/index.php?rest_route=\/wp\/v2\/posts\/681015\/revisions"}],"wp:featuredmedia":[{"embeddable":true,"href":"https:\/\/microscopemedia.com\/index.php?rest_route=\/wp\/v2\/media\/681016"}],"wp:attachment":[{"href":"https:\/\/microscopemedia.com\/index.php?rest_route=%2Fwp%2Fv2%2Fmedia&parent=681015"}],"wp:term":[{"taxonomy":"category","embeddable":true,"href":"https:\/\/microscopemedia.com\/index.php?rest_route=%2Fwp%2Fv2%2Fcategories&post=681015"},{"taxonomy":"post_tag","embeddable":true,"href":"https:\/\/microscopemedia.com\/index.php?rest_route=%2Fwp%2Fv2%2Ftags&post=681015"}],"curies":[{"name":"wp","href":"https:\/\/api.w.org\/{rel}","templated":true}]}}