{"id":681017,"date":"2026-03-10T07:26:04","date_gmt":"2026-03-10T07:26:04","guid":{"rendered":"https:\/\/microscopemedia.com\/?p=681017"},"modified":"2026-03-10T07:26:04","modified_gmt":"2026-03-10T07:26:04","slug":"nato-a-amplasat-patriot-in-sudul-turciei-dupa-atacurile-iraniene","status":"publish","type":"post","link":"https:\/\/microscopemedia.com\/?p=681017","title":{"rendered":"NATO a amplasat Patriot \u00een sudul Turciei, dup\u0103 atacurile iraniene"},"content":{"rendered":"<p id=\"p-0\"><span><strong><a href=\"https:\/\/www.timesofisrael.com\/liveblog_entry\/turkey-says-us-patriot-system-deployed-to-boost-air-defense-amid-iran-war\/\">Ministerul Ap\u0103r\u0103rii din Turcia<\/a><\/strong><\/span> anun\u021b\u0103 c\u0103 un sistem NATO de ap\u0103rare antirachet\u0103 Patriot a fost desf\u0103\u0219urat \u00een Malatya, ca parte a unor m\u0103suri sporite de ap\u0103rare aerian\u0103 \u0219i antirachet\u0103 pe fondul cre\u0219terii tensiunilor regionale.<\/p>\n<p id=\"p-1\"><img class=\"aligncenter wp-image-23700110 size-full\" src=\"https:\/\/microscopemedia.com\/wp-content\/uploads\/2026\/03\/nato-a-amplasat-patriot-in-sudul-turciei-dupa-atacurile-iraniene.webp\" alt width=\"700\" height=\"875\" loading=\"lazy\" decoding=\"async\" srcset=\"https:\/\/microscopemedia.com\/wp-content\/uploads\/2026\/03\/nato-a-amplasat-patriot-in-sudul-turciei-dupa-atacurile-iraniene-1.webp 500w, https:\/\/microscopemedia.com\/wp-content\/uploads\/2026\/03\/nato-a-amplasat-patriot-in-sudul-turciei-dupa-atacurile-iraniene.webp 728w\"><\/p>\n<p id=\"p-2\">Ministerul Ap\u0103r\u0103rii Na\u021bionale din Turcia a declarat c\u0103 sistemul este preg\u0103tit pentru func\u021bionare, menit s\u0103 ajute la protejarea spa\u021biului aerian turc.<\/p>\n<p id=\"p-3\">Ankara a declarat c\u0103 se coordoneaz\u0103 \u00eendeaproape cu NATO \u0219i \u021b\u0103rile aliate \u0219i va continua s\u0103 monitorizeze evolu\u021biile, depun\u00e2nd eforturi pentru stabilitatea regional\u0103.<\/p>\n<p id=\"p-4\"><span><strong><a href=\"https:\/\/www.mediafax.ro\/politic\/nato-confirma-ca-a-interceptat-o-racheta-lansata-din-iran-23699733\">Dou\u0103 rachete iraniene au vizat Turcia \u00een ultimele zile<\/a><\/strong><\/span>. Cele dou\u0103 rachete au fost contracarate de amplasamentele NATO.<\/p>\n<p id=\"p-5\"><span><strong><a href=\"https:\/\/www.mediafax.ro\/externe\/erdogan-acuza-ca-teheranul-continua-sa-ia-masuri-gresite-dupa-ce-a-doua-racheta-a-fost-doborata-in-spatiul-aerian-al-tarii-23699911\">Pre\u0219edintele Turciei,&nbsp;Recep Tayyip Erdo\u011fan<\/a><\/strong><\/span>, a \u00eendemnat Teheranul s\u0103 se ab\u021bin\u0103 de la orice ac\u021biuni care&nbsp;<em>\u201earunc\u0103 o umbr\u0103 asupra rela\u021biilor noastre de vecin\u0103tate \u0219i fraternitate vechi de o mie de ani\u201d<\/em>, afirm\u00e2nd c\u0103 acesta continu\u0103 s\u0103 ia&nbsp;<em>\u201em\u0103suri extrem de gre\u0219ite \u0219i provocatoare\u201d<\/em>&nbsp;\u00een ciuda&nbsp;<em>\u201eavertismentelor sincere\u201d<\/em>&nbsp;din partea Ankarei.<\/p>\n","protected":false},"excerpt":{"rendered":"<p>Ministerul Ap\u0103r\u0103rii din Turcia anun\u021b\u0103 c\u0103 un sistem NATO de ap\u0103rare antirachet\u0103 Patriot a fost desf\u0103\u0219urat \u00een Malatya, ca parte a unor m\u0103suri sporite de ap\u0103rare aerian\u0103 \u0219i antirachet\u0103 pe &hellip; <a href=\"https:\/\/microscopemedia.com\/?p=681017\" class=\"more-link\">Read More<\/a><\/p>\n","protected":false},"author":1,"featured_media":681018,"comment_status":"closed","ping_status":"closed","sticky":false,"template":"Default","format":"standard","meta":[],"categories":[1],"tags":[],"_links":{"self":[{"href":"https:\/\/microscopemedia.com\/index.php?rest_route=\/wp\/v2\/posts\/681017"}],"collection":[{"href":"https:\/\/microscopemedia.com\/index.php?rest_route=\/wp\/v2\/posts"}],"about":[{"href":"https:\/\/microscopemedia.com\/index.php?rest_route=\/wp\/v2\/types\/post"}],"author":[{"embeddable":true,"href":"https:\/\/microscopemedia.com\/index.php?rest_route=\/wp\/v2\/users\/1"}],"replies":[{"embeddable":true,"href":"https:\/\/microscopemedia.com\/index.php?rest_route=%2Fwp%2Fv2%2Fcomments&post=681017"}],"version-history":[{"count":0,"href":"https:\/\/microscopemedia.com\/index.php?rest_route=\/wp\/v2\/posts\/681017\/revisions"}],"wp:featuredmedia":[{"embeddable":true,"href":"https:\/\/microscopemedia.com\/index.php?rest_route=\/wp\/v2\/media\/681018"}],"wp:attachment":[{"href":"https:\/\/microscopemedia.com\/index.php?rest_route=%2Fwp%2Fv2%2Fmedia&parent=681017"}],"wp:term":[{"taxonomy":"category","embeddable":true,"href":"https:\/\/microscopemedia.com\/index.php?rest_route=%2Fwp%2Fv2%2Fcategories&post=681017"},{"taxonomy":"post_tag","embeddable":true,"href":"https:\/\/microscopemedia.com\/index.php?rest_route=%2Fwp%2Fv2%2Ftags&post=681017"}],"curies":[{"name":"wp","href":"https:\/\/api.w.org\/{rel}","templated":true}]}}