{"id":681027,"date":"2026-03-10T08:36:03","date_gmt":"2026-03-10T08:36:03","guid":{"rendered":"https:\/\/microscopemedia.com\/?p=681027"},"modified":"2026-03-10T08:36:03","modified_gmt":"2026-03-10T08:36:03","slug":"vlad-gheorghe-consilierul-lui-bolojan-baletul-psd-incurca-pe-toti-sa-se-decida-ce-vrea","status":"publish","type":"post","link":"https:\/\/microscopemedia.com\/?p=681027","title":{"rendered":"Vlad Gheorghe, consilierul lui Bolojan: Baletul PSD \u00eencurc\u0103 pe to\u021bi, s\u0103 se decid\u0103 ce vrea"},"content":{"rendered":"<div><img decoding=\"async\" src=\"https:\/\/microscopemedia.com\/wp-content\/uploads\/2026\/03\/vlad-gheorghe-consilierul-lui-bolojan-baletul-psd-incurca-pe-toti-sa-se-decida-ce-vrea.png\" class=\"ff-og-image-inserted\"><\/div>\n<p id=\"p-0\">Vlad Gheorghe r\u0103spunde la RFI criticilor lui Sorin Grindeanu la adresa premierului Ilie Bolojan<\/p>\n<p id=\"p-1\">\u201eOrice lider care se respect\u0103 trebuia s\u0103 ia deciziile la timp. Un NU la vremea lui este mult mai bun dec\u00e2t un DA prea t\u00e2rziu\u201d, spune el.<\/p>\n<p id=\"p-2\">Consilierul onorific al premierului cere PSD-ului s\u0103 ia o decizie privind guvernarea.<\/p>\n<p id=\"p-3\">\u201eS\u0103 ia ce decizii consider\u0103 d\u00e2n\u0219ii, cei de la PSD, numai s\u0103 le ia odat\u0103 \u0219i s\u0103 asigure o stabilitate la guvernarea \u021b\u0103rii, \u00eentr-un moment de criz\u0103, \u00een orice direc\u021bie ar fi ea (\u2026). Acest balet cu un picior la guvernare, cu un picior \u00een afar\u0103 ne \u00eencurc\u0103 pe to\u021bi, \u00eencurc\u0103 pe cet\u0103\u021beni, \u00eencurc\u0103 autorit\u0103\u021bile locale \u0219i centrale, \u00eencurc\u0103 inclusiv politica extern\u0103 a \u021b\u0103rii\u201d, afirm\u0103 Vlad Gheorge.<\/p>\n<p id=\"p-4\">\u00cen opinia sa, \u201eGrindeanu este multe lucruri, numai un balerin des\u0103v\u00e2r\u0219it nu este. Interesele PSD-ului de moment nu pot s\u0103 fie diferite de interesele Rom\u00e2niei (\u2026). P\u00e2n\u0103 la urm\u0103 \u0219i ei pierd, pentru c\u0103 rom\u00e2nii se satur\u0103 de toate aceste certuri, rom\u00e2nii se satur\u0103 de toat\u0103 aceast\u0103 incertitudine \u0219i e natural s\u0103 o fac\u0103. La finalul zilei, toat\u0103 lumea pierde din punct de vedere politic, mai pu\u021bin partidele extremiste, care pur \u0219i simplu stau pe margine, se uit\u0103 \u0219i cresc \u00een sondaje\u201d.<\/p>\n<p id=\"p-5\">Vlad Gheorghe crede c\u0103 acest stil al PSD-ului de a face politic\u0103 nu poate continua la infinit.<\/p>\n<p id=\"p-6\">\u201eNu cred c\u0103 va putea la infinit, nu v\u0103d cum, este un stil de a face politic\u0103 absolut falimentar. Faptul c\u0103 vedem \u00een sondaje c\u0103 de departe lidere sunt partidele populiste \u0219i extremiste ne arat\u0103 c\u0103 pur \u0219i simplu asta se \u00eent\u00e2mpl\u0103\u201d, conchide consilierul onorific al premierului.<\/p>\n<p id=\"p-7\">Pre\u015fedintele PSD, Sorin Grindeanu, a anun\u0163at c\u0103 sunt foarte multe motive pentru ca premierul Ilie Bolojan s\u0103 fie demis, dar a precizat c\u0103 \u00een aceast\u0103 perioad\u0103 sunt discu\u0163iile pentru aprobarea bugetului. El a men\u0163ionat c\u0103 social-democra\u0163ii vor face o evaluare a celor nou\u0103 luni de guvernare.<\/p>\n<p>\u201dSunt foarte multe motive, din perspectiva mea. Doar c\u0103, \u00een acest moment, ne afl\u0103m \u00een etapa pe care o \u015fti\u0163i cu to\u0163ii,&nbsp; cea legat\u0103 de buget.&nbsp; PSD a anun\u0163at de la \u00eenceputul lunii decembrie c\u0103 intr\u0103m \u00eentr-o perioad\u0103 de evaluare a particip\u0103rii noastre la guvernare. \u015ei evaluarea \u00eencepe, \u00een primul r\u00e2nd, cu noi.&nbsp;Eu am anun\u0163at c\u0103 vom face evaluarea mini\u015ftrilor PSD, \u00een primul r\u00e2nd\u201d, a afirmat Grindeanu.<\/p>\n<p>El a precizat apoi c\u0103 va fi f\u0103cut\u0103 \u015fi o evaluare a \u00eentregii guvern\u0103ri.<\/p>\n","protected":false},"excerpt":{"rendered":"<p>Vlad Gheorghe r\u0103spunde la RFI criticilor lui Sorin Grindeanu la adresa premierului Ilie Bolojan \u201eOrice lider care se respect\u0103 trebuia s\u0103 ia deciziile la timp. Un NU la vremea lui &hellip; <a href=\"https:\/\/microscopemedia.com\/?p=681027\" class=\"more-link\">Read More<\/a><\/p>\n","protected":false},"author":1,"featured_media":681028,"comment_status":"closed","ping_status":"closed","sticky":false,"template":"Default","format":"standard","meta":[],"categories":[1],"tags":[],"_links":{"self":[{"href":"https:\/\/microscopemedia.com\/index.php?rest_route=\/wp\/v2\/posts\/681027"}],"collection":[{"href":"https:\/\/microscopemedia.com\/index.php?rest_route=\/wp\/v2\/posts"}],"about":[{"href":"https:\/\/microscopemedia.com\/index.php?rest_route=\/wp\/v2\/types\/post"}],"author":[{"embeddable":true,"href":"https:\/\/microscopemedia.com\/index.php?rest_route=\/wp\/v2\/users\/1"}],"replies":[{"embeddable":true,"href":"https:\/\/microscopemedia.com\/index.php?rest_route=%2Fwp%2Fv2%2Fcomments&post=681027"}],"version-history":[{"count":0,"href":"https:\/\/microscopemedia.com\/index.php?rest_route=\/wp\/v2\/posts\/681027\/revisions"}],"wp:featuredmedia":[{"embeddable":true,"href":"https:\/\/microscopemedia.com\/index.php?rest_route=\/wp\/v2\/media\/681028"}],"wp:attachment":[{"href":"https:\/\/microscopemedia.com\/index.php?rest_route=%2Fwp%2Fv2%2Fmedia&parent=681027"}],"wp:term":[{"taxonomy":"category","embeddable":true,"href":"https:\/\/microscopemedia.com\/index.php?rest_route=%2Fwp%2Fv2%2Fcategories&post=681027"},{"taxonomy":"post_tag","embeddable":true,"href":"https:\/\/microscopemedia.com\/index.php?rest_route=%2Fwp%2Fv2%2Ftags&post=681027"}],"curies":[{"name":"wp","href":"https:\/\/api.w.org\/{rel}","templated":true}]}}