{"id":681033,"date":"2026-03-10T09:06:03","date_gmt":"2026-03-10T09:06:03","guid":{"rendered":"https:\/\/microscopemedia.com\/?p=681033"},"modified":"2026-03-10T09:06:03","modified_gmt":"2026-03-10T09:06:03","slug":"maia-sandu-fara-retragerea-trupelor-ruse-reintegrarea-transnistriei-este-imposibila","status":"publish","type":"post","link":"https:\/\/microscopemedia.com\/?p=681033","title":{"rendered":"Maia Sandu: F\u0103r\u0103 retragerea trupelor ruse, reintegrarea Transnistriei este imposibil\u0103"},"content":{"rendered":"<div><img decoding=\"async\" src=\"https:\/\/microscopemedia.com\/wp-content\/uploads\/2026\/03\/maia-sandu-fara-retragerea-trupelor-ruse-reintegrarea-transnistriei-este-imposibila.png\" class=\"ff-og-image-inserted\"><\/div>\n<p id=\"p-0\">\u00centr-un interviu acordat luni jurnali\u0219tilor estonieni, pre\u0219edinta Republicii Moldova a vorbit despre securitatea regional\u0103, parcursul european al Republicii Moldova \u0219i reformele interne necesare pentru aderarea la Uniunea European\u0103.<\/p>\n<p id=\"p-1\">\u201ePentru noi, integrarea \u00een Uniunea European\u0103 este o strategie de supravie\u021buire ca democra\u021bie. Ucraina \u0219i Moldova se confrunt\u0103 cu agresiunea Rusiei, iar apartenen\u021ba la familia european\u0103 este o modalitate de a ne p\u0103stra independen\u021ba, securitatea \u0219i stabilitatea\u201d, a spus Sandu, citat\u0103 de <a href=\"https:\/\/news.err.ee\/1609962593\/sandu-estonia-understands-risks-posed-by-russia-and-supports-moldova-s-eu-path\" target=\"_blank\" rel=\"noopener\">ERR News<\/a>.<\/p>\n<h2 id=\"chapter-0\">Cea mai mare provocare<\/h2>\n<p id=\"p-2\">\u0218efa statului a subliniat c\u0103 Rusia reprezint\u0103 una dintre cele mai mari provoc\u0103ri pentru Republica Moldova: \u201eCea mai mare provocare este presiunea extern\u0103 din partea Rusiei, dar \u0219i dificult\u0103\u021bile interne legate de reformarea sistemului judiciar\u201d.<\/p>\n<p id=\"p-3\">\u00cen ceea ce prive\u0219te procesul de integrare european\u0103, Sandu a explicat c\u0103 autorit\u0103\u021bile de la Chi\u0219in\u0103u \u00eencearc\u0103 s\u0103 accelereze reformele interne. \u201eImplement\u0103m reforme, consolid\u0103m independen\u021ba sistemului judiciar, lupt\u0103m \u00eempotriva corup\u021biei \u0219i cre\u0103m condi\u021bii pentru atragerea investi\u021biilor\u201d, a afirmat ea.<\/p>\n<h2 id=\"chapter-1\">Strategia pentru Transnistria<\/h2>\n<p id=\"p-4\">Pre\u0219edinta Moldovei a men\u021bionat c\u0103 exist\u0103 \u0219i \u00eencerc\u0103ri de apropiere economic\u0103 \u00eentre cele dou\u0103 maluri ale Nistrului. \u201eLucr\u0103m la integrarea economic\u0103 \u0219i fiscal\u0103 cu Transnistria, \u00eens\u0103 principalul obstacol este prezen\u021ba trupelor ruse pe teritoriul nostru\u201d, a spus Sandu.<\/p>\n<p id=\"p-5\">Ea a explicat c\u0103 autorit\u0103\u021bile analizeaz\u0103 o abordare gradual\u0103 pentru rezolvarea conflictului transnistrean: \u201eAnaliz\u0103m o abordare \u00een etape \u2013 mai \u00eent\u00e2i integrarea malului drept al \u021b\u0103rii, zona controlat\u0103 de autorit\u0103\u021bile de la Chi\u0219in\u0103u, \u00een Uniunea European\u0103, iar apoi reintegrarea treptat\u0103 a Transnistriei\u201d.<\/p>\n<p id=\"p-6\">Sandu a insistat c\u0103 decizia privind viitorul regiunii separatiste nu trebuie s\u0103 depind\u0103 de Moscova. \u201eDecizia nu ar trebui s\u0103 depind\u0103 de Moscova, deoarece f\u0103r\u0103 retragerea trupelor ruse reintegrarea complet\u0103 este imposibil\u0103\u201d, a afirmat ea.<\/p>\n<h2 id=\"chapter-2\">Estonia, aliat pentru Moldova<\/h2>\n<p id=\"p-7\">Maia Sandu a vorbit \u0219i despre rolul pe care \u00eel joac\u0103 Estonia \u00een sus\u021binerea parcursului european al Republicii Moldova. \u201eEstonia \u00een\u021belege amenin\u021b\u0103rile venite din partea Rusiei mai bine dec\u00e2t multe alte \u021b\u0103ri \u0219i sprijin\u0103 activ parcursul european al Moldovei. Acest lucru este deosebit de important pentru statele mici, care trebuie s\u0103 fac\u0103 parte dintr-o familie de state ce \u00eemp\u0103rt\u0103\u0219esc valorile democra\u021biei, drepturilor omului \u0219i respectului pentru frontiere\u201d, a spus pre\u0219edinta Moldovei.<\/p>\n","protected":false},"excerpt":{"rendered":"<p>\u00centr-un interviu acordat luni jurnali\u0219tilor estonieni, pre\u0219edinta Republicii Moldova a vorbit despre securitatea regional\u0103, parcursul european al Republicii Moldova \u0219i reformele interne necesare pentru aderarea la Uniunea European\u0103. \u201ePentru noi, &hellip; <a href=\"https:\/\/microscopemedia.com\/?p=681033\" class=\"more-link\">Read More<\/a><\/p>\n","protected":false},"author":1,"featured_media":681034,"comment_status":"closed","ping_status":"closed","sticky":false,"template":"Default","format":"standard","meta":[],"categories":[1],"tags":[],"_links":{"self":[{"href":"https:\/\/microscopemedia.com\/index.php?rest_route=\/wp\/v2\/posts\/681033"}],"collection":[{"href":"https:\/\/microscopemedia.com\/index.php?rest_route=\/wp\/v2\/posts"}],"about":[{"href":"https:\/\/microscopemedia.com\/index.php?rest_route=\/wp\/v2\/types\/post"}],"author":[{"embeddable":true,"href":"https:\/\/microscopemedia.com\/index.php?rest_route=\/wp\/v2\/users\/1"}],"replies":[{"embeddable":true,"href":"https:\/\/microscopemedia.com\/index.php?rest_route=%2Fwp%2Fv2%2Fcomments&post=681033"}],"version-history":[{"count":0,"href":"https:\/\/microscopemedia.com\/index.php?rest_route=\/wp\/v2\/posts\/681033\/revisions"}],"wp:featuredmedia":[{"embeddable":true,"href":"https:\/\/microscopemedia.com\/index.php?rest_route=\/wp\/v2\/media\/681034"}],"wp:attachment":[{"href":"https:\/\/microscopemedia.com\/index.php?rest_route=%2Fwp%2Fv2%2Fmedia&parent=681033"}],"wp:term":[{"taxonomy":"category","embeddable":true,"href":"https:\/\/microscopemedia.com\/index.php?rest_route=%2Fwp%2Fv2%2Fcategories&post=681033"},{"taxonomy":"post_tag","embeddable":true,"href":"https:\/\/microscopemedia.com\/index.php?rest_route=%2Fwp%2Fv2%2Ftags&post=681033"}],"curies":[{"name":"wp","href":"https:\/\/api.w.org\/{rel}","templated":true}]}}