{"id":681045,"date":"2026-03-10T10:06:04","date_gmt":"2026-03-10T10:06:04","guid":{"rendered":"https:\/\/microscopemedia.com\/?p=681045"},"modified":"2026-03-10T10:06:04","modified_gmt":"2026-03-10T10:06:04","slug":"fiul-lui-alain-delon-si-a-retras-contestatia-impotriva-testamentului-tatalui-sau","status":"publish","type":"post","link":"https:\/\/microscopemedia.com\/?p=681045","title":{"rendered":"Fiul lui Alain Delon \u0219i-a retras contesta\u021bia \u00eempotriva testamentului tat\u0103lui s\u0103u"},"content":{"rendered":"<div><img decoding=\"async\" src=\"https:\/\/microscopemedia.com\/wp-content\/uploads\/2026\/03\/fiul-lui-alain-delon-si-a-retras-contestatia-impotriva-testamentului-tatalui-sau.jpg\" class=\"ff-og-image-inserted\"><\/div>\n<p id=\"p-0\">T\u00e2n\u0103rul \u00een v\u00e2rst\u0103 de 31 de ani ar dori s\u0103 se concentreze asupra unei proceduri judiciare ini\u021biate \u00een Elve\u021bia, potrivit <a href=\"https:\/\/www.lefigaro.fr\/cinema\/heritage-delon-alain-fabien-suspend-sa-demande-d-annulation-du-testament-en-france-20260310\" target=\"_blank\" rel=\"noopener\">Le Figaro<\/a>.<\/p>\n<p id=\"p-1\">Alain-Fabien intentase ac\u021biuni legale \u00een Elve\u021bia pentru a suspenda executarea testamentului tat\u0103lui s\u0103u, acesta deced\u00e2nd pe 18 august 2024, la v\u00e2rsta de 88 de ani . \u201eFac presiuni pentru ca sora mea s\u0103 fie declarat\u0103 nedemn\u0103 de a mo\u0219teni. Nu vreau s\u0103 primeasc\u0103 nimic, nici m\u0103car un cent\u201d, a insistat el \u00een decembrie 2025, invoc\u00e2ndu-se prevederile legisla\u021biei elve\u021biene. Cu toate acestea, retragerea sa din procedurile franceze nu ar \u00eensemna abandonarea ac\u021biunii legale.<\/p>\n<p id=\"p-2\">\u00cen 2015, primul testament \u00eentocmit de \u201eSamuraiul Cinematografiei\u201d a l\u0103sat mo\u0219tenire jum\u0103tate din averea sa fiicei, Anouchka Delon, iar restul a \u00eemp\u0103r\u021bit \u00eentre cei doi fra\u021bi ai s\u0103i. Aproximativ \u0219ase milioane de euro pentru fiecare dintre fii, cincisprezece milioane pentru Anouchka. Alain-Fabien nu a contestat aceast\u0103 \u00eemp\u0103r\u021bire. Dar \u00een 2022, un al doilea testament, semnat \u00een Elve\u021bia, l-a \u00eenlocuit pe primul. Acesta a f\u0103cut-o pe fiica lui Delon unic\u0103 mo\u0219tenitoare a drepturilor morale \u0219i a primit o dona\u021bie de 51% din ac\u021biunile companiei elve\u021biene a lui Alain Delon. Fratele ei consider\u0103 c\u0103 tat\u0103l lor nu a mai fost capabil s\u0103 \u00eentocmeasc\u0103 un <a href=\"https:\/\/www.mediafax.ro\/externe\/razboi-total-in-instanta-copiii-lui-alain-delon-se-lupta-pentru-mostenire-de-ce-este-contestat-testamentul-23605411\" target=\"_blank\" rel=\"noopener\">testament<\/a> dup\u0103 accidentul vascular cerebral suferit \u00een iunie 2019.<\/p>\n<h2 id=\"chapter-0\">Alain-Fabien&nbsp;Delon i-a propus surorii sale o \u00een\u021belegere amiabil\u0103<\/h2>\n<p id=\"p-3\">Potrivit&nbsp; BFMTV, o \u00eent\u00e2lnire de conciliere a avut loc \u00een Elve\u021bia \u00een februarie, dar nu s-a ajuns la niciun acord. \u00cen decembrie 2025, cel mai mic fiu al lui Delon i-a propus surorii sale o \u00een\u021belegere amiabil\u0103, const\u00e2nd \u00een revenirea la testamentul ini\u021bial. \u00cen acela\u0219i timp, el a jurat c\u0103 motiva\u021biile sale nu erau financiare. \u201eDac\u0103 ar fi fost vorba de bani, mi-a\u0219 fi luat deja partea\u201d, a declarat el, zugr\u0103vind o imagine sumbr\u0103 a surorii sale mai mari. Ea a r\u0103spuns t\u0103ios.<\/p>\n<p id=\"p-4\">Anouchka Delon se va confrunta cu fra\u021bii ei, Anthony \u0219i Alain-Fabien, pe 17 martie la Tribunalul Penal din Paris. Ea \u00eei d\u0103 \u00een judecat\u0103&nbsp; pentru difuzarea pe re\u021belele de socializare a unei conversa\u021bii private dintre ea \u0219i tat\u0103l ei .<\/p>\n","protected":false},"excerpt":{"rendered":"<p>T\u00e2n\u0103rul \u00een v\u00e2rst\u0103 de 31 de ani ar dori s\u0103 se concentreze asupra unei proceduri judiciare ini\u021biate \u00een Elve\u021bia, potrivit Le Figaro. Alain-Fabien intentase ac\u021biuni legale \u00een Elve\u021bia pentru a &hellip; <a href=\"https:\/\/microscopemedia.com\/?p=681045\" class=\"more-link\">Read More<\/a><\/p>\n","protected":false},"author":1,"featured_media":681046,"comment_status":"closed","ping_status":"closed","sticky":false,"template":"Default","format":"standard","meta":[],"categories":[1],"tags":[],"_links":{"self":[{"href":"https:\/\/microscopemedia.com\/index.php?rest_route=\/wp\/v2\/posts\/681045"}],"collection":[{"href":"https:\/\/microscopemedia.com\/index.php?rest_route=\/wp\/v2\/posts"}],"about":[{"href":"https:\/\/microscopemedia.com\/index.php?rest_route=\/wp\/v2\/types\/post"}],"author":[{"embeddable":true,"href":"https:\/\/microscopemedia.com\/index.php?rest_route=\/wp\/v2\/users\/1"}],"replies":[{"embeddable":true,"href":"https:\/\/microscopemedia.com\/index.php?rest_route=%2Fwp%2Fv2%2Fcomments&post=681045"}],"version-history":[{"count":0,"href":"https:\/\/microscopemedia.com\/index.php?rest_route=\/wp\/v2\/posts\/681045\/revisions"}],"wp:featuredmedia":[{"embeddable":true,"href":"https:\/\/microscopemedia.com\/index.php?rest_route=\/wp\/v2\/media\/681046"}],"wp:attachment":[{"href":"https:\/\/microscopemedia.com\/index.php?rest_route=%2Fwp%2Fv2%2Fmedia&parent=681045"}],"wp:term":[{"taxonomy":"category","embeddable":true,"href":"https:\/\/microscopemedia.com\/index.php?rest_route=%2Fwp%2Fv2%2Fcategories&post=681045"},{"taxonomy":"post_tag","embeddable":true,"href":"https:\/\/microscopemedia.com\/index.php?rest_route=%2Fwp%2Fv2%2Ftags&post=681045"}],"curies":[{"name":"wp","href":"https:\/\/api.w.org\/{rel}","templated":true}]}}