{"id":681061,"date":"2026-03-10T11:37:03","date_gmt":"2026-03-10T11:37:03","guid":{"rendered":"https:\/\/microscopemedia.com\/?p=681061"},"modified":"2026-03-10T11:37:03","modified_gmt":"2026-03-10T11:37:03","slug":"update-primaria-navodari-si-operatorul-terasei-unde-a-fost-gasit-rezervorul-din-nisip-puse-de-prefectura-sa-ia-masuri-de-golire-a-acestuia","status":"publish","type":"post","link":"https:\/\/microscopemedia.com\/?p=681061","title":{"rendered":"UPDATE: Prim\u0103ria N\u0103vodari \u0219i operatorul terasei unde a fost g\u0103sit rezervorul din nisip, puse de Prefectur\u0103 s\u0103 ia m\u0103suri de golire a acestuia"},"content":{"rendered":"<div><img decoding=\"async\" src=\"https:\/\/microscopemedia.com\/wp-content\/uploads\/2026\/03\/update-primaria-navodari-si-operatorul-terasei-unde-a-fost-gasit-rezervorul-din-nisip-puse-de-prefectura-sa-ia-masuri-de-golire-a-acestuia.jpg\" class=\"ff-og-image-inserted\"><\/div>\n<h2 id=\"chapter-0\">UPDATE:<\/h2>\n<p id=\"p-0\">Poli\u021bia Constan\u021ba transmite c\u0103 a fost \u00eentocmit un dosar penal privind s\u0103v\u00e2r\u0219irea infrac\u021biunii prev\u0103zute de articolul 22 din Legea 64\/2008, cu privire la montajul, f\u0103r\u0103 autoriza\u021bie, a unei instala\u021bii sub presiune, \u00een cazul rezervorului GPL g\u0103sit pe o plaj\u0103 din ora\u0219ul N\u0103vodari.<\/p>\n<p id=\"p-1\">Totodat\u0103, poli\u021bi\u0219tii din cadrul Serviciului de Investigare a Infrac\u021bionalit\u0103\u021bii de Mediu fac verific\u0103ri, pe linia de competen\u021b\u0103, cu privire la legisla\u021bia incident\u0103 privind protec\u021bia mediului.<\/p>\n<h2 id=\"chapter-1\">\u0218tire ini\u021bial\u0103:<\/h2>\n<p id=\"p-2\">Dup\u0103 ce a fost g\u0103sit <a href=\"https:\/\/www.mediafax.ro\/social\/rezervor-de-gaz-ingropat-ilegal-sub-nisip-pe-o-plaja-din-navodari-controale-pe-tot-litoralul-23699818\" target=\"_blank\" rel=\"noopener\">rezervorul subteran<\/a> de gaz ascuns \u00een nisip pe o plaj\u0103 din N\u0103vodari, de mar\u021bi au loc verific\u0103ri pe sectoarele de plaj\u0103 de pe \u00eentreg litoralul rom\u00e2nesc.<\/p>\n<p id=\"p-3\">La sediul Prefecturii Constan\u021ba a avut loc, de asemenea, o \u00eent\u00e2lnire de lucru \u00een urma c\u0103reia s-a dispus ca echipe mixte formate din reprezentan\u021bi ai ABADL, ai Inspectoratului pentru Situa\u021bii de Urgen\u021b\u0103 \u201eDobrogea\u201d al jude\u021bului Constan\u021ba \u0219i ai Inspectoratului de Poli\u021bie Jude\u021bean Constan\u021ba s\u0103 fac\u0103 verific\u0103ri pe litoralul rom\u00e2nesc pentru a identifica situa\u021bii similare \u0219i pentru a le remedia.<\/p>\n<p id=\"p-4\">\u00centreaga activitate din teren este coordonat\u0103 de ABADL.<\/p>\n<p id=\"p-5\">Totodat\u0103, prefectul jude\u021bului Constan\u021ba a dispus ca Prim\u0103ria ora\u0219ului N\u0103vodari, \u00eempreun\u0103 cu operatorul economic care a administrat terasa din zona respectiv\u0103, s\u0103 \u00eentreprind\u0103 m\u0103surile necesare pentru ca firma care a amplasat rezervorul subteran de gaz s\u0103 procedeze la golirea bazinului \u0219i la evacuarea acestuia.<\/p>\n<p id=\"p-6\">\u00cen cazul operatorului economic a fost deschis un dosar penal.<\/p>\n<p id=\"p-7\">Situa\u021bia va fi atent monitorizat\u0103, iar verific\u0103rile vor continua pe tot litoralul.<\/p>\n","protected":false},"excerpt":{"rendered":"<p>UPDATE: Poli\u021bia Constan\u021ba transmite c\u0103 a fost \u00eentocmit un dosar penal privind s\u0103v\u00e2r\u0219irea infrac\u021biunii prev\u0103zute de articolul 22 din Legea 64\/2008, cu privire la montajul, f\u0103r\u0103 autoriza\u021bie, a unei instala\u021bii &hellip; <a href=\"https:\/\/microscopemedia.com\/?p=681061\" class=\"more-link\">Read More<\/a><\/p>\n","protected":false},"author":1,"featured_media":681062,"comment_status":"closed","ping_status":"closed","sticky":false,"template":"Default","format":"standard","meta":[],"categories":[1],"tags":[],"_links":{"self":[{"href":"https:\/\/microscopemedia.com\/index.php?rest_route=\/wp\/v2\/posts\/681061"}],"collection":[{"href":"https:\/\/microscopemedia.com\/index.php?rest_route=\/wp\/v2\/posts"}],"about":[{"href":"https:\/\/microscopemedia.com\/index.php?rest_route=\/wp\/v2\/types\/post"}],"author":[{"embeddable":true,"href":"https:\/\/microscopemedia.com\/index.php?rest_route=\/wp\/v2\/users\/1"}],"replies":[{"embeddable":true,"href":"https:\/\/microscopemedia.com\/index.php?rest_route=%2Fwp%2Fv2%2Fcomments&post=681061"}],"version-history":[{"count":0,"href":"https:\/\/microscopemedia.com\/index.php?rest_route=\/wp\/v2\/posts\/681061\/revisions"}],"wp:featuredmedia":[{"embeddable":true,"href":"https:\/\/microscopemedia.com\/index.php?rest_route=\/wp\/v2\/media\/681062"}],"wp:attachment":[{"href":"https:\/\/microscopemedia.com\/index.php?rest_route=%2Fwp%2Fv2%2Fmedia&parent=681061"}],"wp:term":[{"taxonomy":"category","embeddable":true,"href":"https:\/\/microscopemedia.com\/index.php?rest_route=%2Fwp%2Fv2%2Fcategories&post=681061"},{"taxonomy":"post_tag","embeddable":true,"href":"https:\/\/microscopemedia.com\/index.php?rest_route=%2Fwp%2Fv2%2Ftags&post=681061"}],"curies":[{"name":"wp","href":"https:\/\/api.w.org\/{rel}","templated":true}]}}