{"id":681065,"date":"2026-03-10T12:06:03","date_gmt":"2026-03-10T12:06:03","guid":{"rendered":"https:\/\/microscopemedia.com\/?p=681065"},"modified":"2026-03-10T12:06:03","modified_gmt":"2026-03-10T12:06:03","slug":"polonia-va-construi-primul-scut-anti-drone-din-ue-cand-va-deveni-operational-si-la-ce-costuri-ajunge","status":"publish","type":"post","link":"https:\/\/microscopemedia.com\/?p=681065","title":{"rendered":"Polonia va construi primul scut anti-drone din UE. C\u00e2nd va deveni opera\u021bional \u0219i la ce costuri ajunge"},"content":{"rendered":"<div><img decoding=\"async\" src=\"https:\/\/microscopemedia.com\/wp-content\/uploads\/2026\/03\/polonia-va-construi-primul-scut-anti-drone-din-ue-cand-va-deveni-operational-si-la-ce-costuri-ajunge.jpg\" class=\"ff-og-image-inserted\"><\/div>\n<p id=\"p-0\">Primul scut anti-drone din UE va fi construit de Polonia. Demersul vine dup\u0103 ce \u00een toamna anului 2025, Rusia a lansat aproximativ 20 de drone \u00een spa\u021biul aerian polonez, dar \u0219i dup\u0103 ce zilele trecute, drone iraniene Shahed au lovit o baz\u0103 britanic\u0103 din Cipru, \u00een contextul atacurilor SUA-Israel asupra Iranului.<\/p>\n<p id=\"p-1\">Potrivit <span><a href=\"https:\/\/www.ft.com\/content\/1e3915d7-f9b4-4890-8069-c9e313ec8b3e\" target=\"_blank\" rel=\"noopener\">Financial Times<\/a><\/span>, sistemul polonez se nume\u0219te San, este dezvoltat de un consor\u021biu polono-norvegian \u0219i este estimat s\u0103 coste aproximativ 3,5 miliarde de euro.<\/p>\n<h2 id=\"chapter-0\">Sistemul San<\/h2>\n<p id=\"p-2\">Sistemul polonez va cuprinde 18 baterii mobile anti-drone, iar fiecare dintre acestea este echipat\u0103 cu senzori. Componentele radar \u0219i armele montate pe mai multe vehicule vor patrula frontiera polonez\u0103 \u0219i se vor conecta la sistemele de ap\u0103rare na\u021bionale \u0219i aliate, scrie Financial Times.<\/p>\n<p id=\"p-3\">\u201eLuna septembrie a fost o lec\u021bie important\u0103 pentru Polonia, deoarece a trebuit s\u0103 folosim ceea ce aveam la dispozi\u021bie, adic\u0103 avioane de lupt\u0103 cu rachete care cost\u0103 fiecare 1 milion de dolari pentru a dobor\u00ee drone care cost\u0103 probabil 1.000 de dolari\u201d, a declarat generalul polonez \u00een retragere Jaros\u0142aw Gromadzi\u0144ski, potrivit sursei citate.<\/p>\n<p id=\"p-4\">Sistemul San va combina capacit\u0103\u021bi de r\u0103zboi electronic cu op\u021biuni cinetice. \u00cen plus, sistemul va putea lansa drone interceptoare \u0219i rachete ghidate capabile s\u0103 \u021binteasc\u0103 elicoptere care zboar\u0103 la joas\u0103 altitudine \u0219i aeronave f\u0103r\u0103 pilot.<\/p>\n<p id=\"p-5\">Consor\u021biul polono-norvegian a organizat prima demonstra\u021bie pe teren luna trecut\u0103, c\u00e2nd a prezentat unele dintre armele care vor fi incorporate \u00een sistem.<\/p>\n<p id=\"p-6\">Primele baterii ale sistemului ar urma s\u0103 fie livrate for\u021belor armate poloneze \u00eenainte de sf\u00e2r\u0219itul acestui an. <strong>\u00centregul sistem ar urma s\u0103 devin\u0103 opera\u021bional \u00een termen de doi ani.&nbsp;<\/strong><\/p>\n<h2 id=\"chapter-1\">Cine se opune<\/h2>\n<p id=\"p-7\">Acest proiect este finan\u021bat cu fondurile alocate Var\u0219oviei \u00een cadrul noului program SAFE. Totu\u0219i, proiectul s-a lovit de unele obstacole politice, deoarece partidul Lege \u0219i Justi\u021bie (PiS) se opune utiliz\u0103rii de c\u0103tre Var\u0219ovia a \u00eemprumuturilor UE. Pozi\u021bia este motivat\u0103 de faptul c\u0103 acest lucru ar da Bruxelles-ului un cuv\u00e2nt de spus \u00een deciziile Poloniei \u00een materie de achizi\u021bii publice.<\/p>\n<p id=\"p-8\">Pre\u0219edintele Poloniei, Karol Nawrocki, a avertizat c\u0103 s-ar putea opune acestei finan\u021b\u0103ri cu fonduri provenite din SAFE, suger\u00e2nd utilizarea rezervelor b\u0103ncii centrale poloneze ca surs\u0103 de finan\u021bare mai ieftin\u0103.<\/p>\n<p id=\"p-9\">Premierul Donald Tusk a anun\u021bat c\u0103 guvernul s\u0103u ar putea c\u0103uta finan\u021bare alternativ\u0103 \u00een cazul unui veto preziden\u021bial, pe care l-a calificat ca fiind nejustificat.<\/p>\n<p id=\"p-10\">San \u201eeste un concept complet nou, dar se bazeaz\u0103 pe experien\u021ba Ucrainei\u201d, a declarat Rados\u0142aw Piesiewicz, coproprietar al produc\u0103torul polonez de radare Advanced Protection Systems (APS).<\/p>\n","protected":false},"excerpt":{"rendered":"<p>Primul scut anti-drone din UE va fi construit de Polonia. Demersul vine dup\u0103 ce \u00een toamna anului 2025, Rusia a lansat aproximativ 20 de drone \u00een spa\u021biul aerian polonez, dar &hellip; <a href=\"https:\/\/microscopemedia.com\/?p=681065\" class=\"more-link\">Read More<\/a><\/p>\n","protected":false},"author":1,"featured_media":681066,"comment_status":"closed","ping_status":"closed","sticky":false,"template":"Default","format":"standard","meta":[],"categories":[1],"tags":[],"_links":{"self":[{"href":"https:\/\/microscopemedia.com\/index.php?rest_route=\/wp\/v2\/posts\/681065"}],"collection":[{"href":"https:\/\/microscopemedia.com\/index.php?rest_route=\/wp\/v2\/posts"}],"about":[{"href":"https:\/\/microscopemedia.com\/index.php?rest_route=\/wp\/v2\/types\/post"}],"author":[{"embeddable":true,"href":"https:\/\/microscopemedia.com\/index.php?rest_route=\/wp\/v2\/users\/1"}],"replies":[{"embeddable":true,"href":"https:\/\/microscopemedia.com\/index.php?rest_route=%2Fwp%2Fv2%2Fcomments&post=681065"}],"version-history":[{"count":0,"href":"https:\/\/microscopemedia.com\/index.php?rest_route=\/wp\/v2\/posts\/681065\/revisions"}],"wp:featuredmedia":[{"embeddable":true,"href":"https:\/\/microscopemedia.com\/index.php?rest_route=\/wp\/v2\/media\/681066"}],"wp:attachment":[{"href":"https:\/\/microscopemedia.com\/index.php?rest_route=%2Fwp%2Fv2%2Fmedia&parent=681065"}],"wp:term":[{"taxonomy":"category","embeddable":true,"href":"https:\/\/microscopemedia.com\/index.php?rest_route=%2Fwp%2Fv2%2Fcategories&post=681065"},{"taxonomy":"post_tag","embeddable":true,"href":"https:\/\/microscopemedia.com\/index.php?rest_route=%2Fwp%2Fv2%2Ftags&post=681065"}],"curies":[{"name":"wp","href":"https:\/\/api.w.org\/{rel}","templated":true}]}}