{"id":681069,"date":"2026-03-10T12:26:03","date_gmt":"2026-03-10T12:26:03","guid":{"rendered":"https:\/\/microscopemedia.com\/?p=681069"},"modified":"2026-03-10T12:26:03","modified_gmt":"2026-03-10T12:26:03","slug":"procurorul-codrin-miron-propus-pentru-sefia-diicot-nu-sunt-multumit-de-cum-functioneaza-diicot-la-nivel-national-se-putea-mai-mult-categoric-pe-droguri-de-mare-risc-cocaina-heroina-nu","status":"publish","type":"post","link":"https:\/\/microscopemedia.com\/?p=681069","title":{"rendered":"Procurorul Codrin Miron, propus pentru \u0219efia DIICOT: \u201eNu sunt mul\u021bumit de cum func\u021bioneaz\u0103 DIICOT la nivel na\u021bional. Se putea mai mult, categoric. Pe droguri de mare risc, cocain\u0103, heroin\u0103, nu st\u0103m foarte bine\u201d"},"content":{"rendered":"<p id=\"p-0\">Sec\u0163ia pentru procurori a Consiliului Superior al Magistraturii a \u00eenceput ast\u0103zi audierile procurorilor propu\u0219i de ministrul Justi\u0163iei, Radu Marinescu, s\u0103 conduc\u0103 marile parchete din Rom\u00e2nia.<\/p>\n<p id=\"p-1\">Primul nominalizat audiat de Sec\u021bie este <span><strong><a href=\"https:\/\/www.mediafax.ro\/stirile-zilei\/competitia-pentru-sefia-diicot-seful-diicot-timisoara-promite-o-ofensiva-totala-impotriva-drogurilor-in-portul-constanta-scoli-si-toate-marile-festivaluri-sefa-diicot-pitesti-spu-23692241\">Codrin Miron, \u0219eful DIICOT Timi\u0219oara<\/a><\/strong><\/span>, propus s\u0103 conduc\u0103 Direc\u021bia de Investigare a Infrac\u0163iunilor de Criminalitate Organizat\u0103 \u015fi Terorism (DIICOT), \u00een locul actualului procuror \u0219ef Alina Albu.<\/p>\n<div id=\"attachment_23700331\" class=\"wp-caption aligncenter\" readability=\"32\"><img aria-describedby=\"caption-attachment-23700331\" class=\"wp-image-23700331 size-full\" src=\"https:\/\/microscopemedia.com\/wp-content\/uploads\/2026\/03\/procurorul-codrin-miron-propus-pentru-sefia-diicot-nu-sunt-multumit-de-cum-functioneaza-diicot-la-nivel-national-se-putea-mai-mult-categoric-pe-droguri-de-mare-risc-cocaina-heroina-nu.webp\" alt width=\"700\" height=\"380\" loading=\"lazy\" decoding=\"async\" srcset=\"https:\/\/microscopemedia.com\/wp-content\/uploads\/2026\/03\/procurorul-codrin-miron-propus-pentru-sefia-diicot-nu-sunt-multumit-de-cum-functioneaza-diicot-la-nivel-national-se-putea-mai-mult-categoric-pe-droguri-de-mare-risc-cocaina-heroina-nu-1.webp 500w, https:\/\/microscopemedia.com\/wp-content\/uploads\/2026\/03\/procurorul-codrin-miron-propus-pentru-sefia-diicot-nu-sunt-multumit-de-cum-functioneaza-diicot-la-nivel-national-se-putea-mai-mult-categoric-pe-droguri-de-mare-risc-cocaina-heroina-nu.webp 728w\"><\/p>\n<p id=\"caption-attachment-23700331\" class=\"wp-caption-text\">Audieri Sec\u021bia de Procurori CSM<\/p>\n<\/div>\n<p id=\"p-2\">\u201eNu sunt mul\u021bumit de cum func\u021bioneaz\u0103 DIICOT la nivel na\u021bional. Se putea mai mult, categoric. Suntem o \u021bar\u0103 de tranzit, putem avea capturi reprezentative. Pe culturile de canabis am excelat \u00een capturi. Pe droguri de mare risc, cocain\u0103, heroin\u0103, nu st\u0103m foarte bine\u201d, a spus Miron \u00een audierea sec\u021biei de procurori a CSM.<\/p>\n<p id=\"p-3\">Codrin Miron a spus c\u0103 are 21 de ani de profesie \u0219i c\u0103 are o obliga\u021bie moral\u0103 fa\u021b\u0103 de institu\u021bie. Miron a mai f\u0103cut urm\u0103toarele declara\u021bii:<\/p>\n<ul>\n<li>DIICOT trebuie s\u0103 fie o institu\u021bie dinamic\u0103, s\u0103 corespund\u0103 a\u0219tept\u0103rilor societ\u0103\u021bii.<\/li>\n<li>Am reu\u0219it s\u0103 destructur\u0103m o grupare care alimenta cu droguri pe cei care au comis crima \u00een Cenei. \u00cen timp record, am reu\u0219it s\u0103 destructur\u0103m acea re\u021bea infrac\u021bional\u0103.<\/li>\n<li>Am destructurat o fabric\u0103 de \u021big\u0103ri de contraband\u0103 format\u0103 din moldoveni, cet\u0103\u021beni din Belarus, italieni.<\/li>\n<li>Doresc cre\u0219terea capacit\u0103\u021bii opera\u021bionale a DIICOT prin m\u0103suri ferme.<\/li>\n<li>Vreau o flexibilitate la noile cerin\u021be sociale<\/li>\n<li>Vrem s\u0103 asigur\u0103m un r\u0103spuns modern la noile capabilit\u0103\u021bi<\/li>\n<li>Doresc prioritizare a cauzelor penale: zona drogurilor este extrem de important\u0103, vrem o ofensiv\u0103 total\u0103: viz\u0103m traficul de droguri stradal, \u00een \u0219coli universit\u0103\u021bi \u0219i \u00een r\u00e2ndul tineri<\/li>\n<li>Vreau s\u0103 viz\u0103m reducerea ofertei de droguri, vrem s\u0103 detect\u0103m rutele interne de droguri<\/li>\n<li>Viz\u0103m festivalurile care se organizeaz\u0103 \u00een Rom\u00e2nia: Constan\u021ba, Cluj, Bucure\u0219ti. S\u0103 aducem siguran\u021b\u0103 \u00een r\u00e2ndul copiilor.<\/li>\n<li>Trebuie s\u0103 avem fermitate \u00een urm\u0103rirea penal\u0103 la traficul de minori \u0219i s\u0103 protej\u0103m victimele<\/li>\n<li>Ne vom ocupa \u0219i de traficul de migran\u021bi \u0219i infrac\u021biunile informa\u021bionale<\/li>\n<li>Trebuie resuscitat ANAF, s\u0103 vin\u0103 cu produse analitice de calitate: comer\u021bul, transporturile \u0219i construc\u021biile<\/li>\n<li>\u00cen 2025, Rom\u00e2nia a fost \u021binta unor atacuri hibride de origine rus\u0103<\/li>\n<li>\u00cen ceea ce prive\u0219te r\u0103zboiul iraniano- israeliano \u2013 american, s\u0103 fim aten\u021bi, s\u0103 nu aib\u0103 reverbera\u021bii asupra Rom\u00e2niei\u201d.<\/li>\n<\/ul>\n<p id=\"p-4\">Procurorul Codrin Miron a spus c\u0103 vrea s\u0103 descentralizeze comunicarea DIICOT. El a povestit c\u0103 la DIICOT Timi\u0219oara avea sediul \u00een aceea\u0219i loca\u021bie cu 2 structuri de pres\u0103 \u0219i nu putea comunica, din cauza deciziilor luate la centru. Miron vrea ca to\u021bi procurorii DIICOT s\u0103 comunice.<\/p>\n<p id=\"p-5\">\u201eCu Alex Floren\u021ba am chimie, am lucrat \u00eempreun\u0103\u201d, a spus Miron.<\/p>\n<p id=\"p-6\">Radu Marinescu, ministrul Justi\u021biei, a anun\u021bat c\u0103 l-a propus pe Codrin Hora\u0163iu Miron la conducerea DIICOT, pentru c\u0103 \u201dprin proiectul de management, a identificat \u00een mod corect direc\u0163iile de ac\u0163iune \u00een vederea cre\u015fterii capacit\u0103\u0163ii opera\u0163ionale a DIICOT\u201d.<\/p>\n<p id=\"p-7\">Avizul CSM este consultativ, decizia final\u0103, potrivit legii, \u00eei revine pre\u015fedintelui Nicu\u015for Dan.<\/p>\n","protected":false},"excerpt":{"rendered":"<p>Sec\u0163ia pentru procurori a Consiliului Superior al Magistraturii a \u00eenceput ast\u0103zi audierile procurorilor propu\u0219i de ministrul Justi\u0163iei, Radu Marinescu, s\u0103 conduc\u0103 marile parchete din Rom\u00e2nia. Primul nominalizat audiat de Sec\u021bie &hellip; <a href=\"https:\/\/microscopemedia.com\/?p=681069\" class=\"more-link\">Read More<\/a><\/p>\n","protected":false},"author":1,"featured_media":681070,"comment_status":"closed","ping_status":"closed","sticky":false,"template":"Default","format":"standard","meta":[],"categories":[1],"tags":[],"_links":{"self":[{"href":"https:\/\/microscopemedia.com\/index.php?rest_route=\/wp\/v2\/posts\/681069"}],"collection":[{"href":"https:\/\/microscopemedia.com\/index.php?rest_route=\/wp\/v2\/posts"}],"about":[{"href":"https:\/\/microscopemedia.com\/index.php?rest_route=\/wp\/v2\/types\/post"}],"author":[{"embeddable":true,"href":"https:\/\/microscopemedia.com\/index.php?rest_route=\/wp\/v2\/users\/1"}],"replies":[{"embeddable":true,"href":"https:\/\/microscopemedia.com\/index.php?rest_route=%2Fwp%2Fv2%2Fcomments&post=681069"}],"version-history":[{"count":0,"href":"https:\/\/microscopemedia.com\/index.php?rest_route=\/wp\/v2\/posts\/681069\/revisions"}],"wp:featuredmedia":[{"embeddable":true,"href":"https:\/\/microscopemedia.com\/index.php?rest_route=\/wp\/v2\/media\/681070"}],"wp:attachment":[{"href":"https:\/\/microscopemedia.com\/index.php?rest_route=%2Fwp%2Fv2%2Fmedia&parent=681069"}],"wp:term":[{"taxonomy":"category","embeddable":true,"href":"https:\/\/microscopemedia.com\/index.php?rest_route=%2Fwp%2Fv2%2Fcategories&post=681069"},{"taxonomy":"post_tag","embeddable":true,"href":"https:\/\/microscopemedia.com\/index.php?rest_route=%2Fwp%2Fv2%2Ftags&post=681069"}],"curies":[{"name":"wp","href":"https:\/\/api.w.org\/{rel}","templated":true}]}}