{"id":681071,"date":"2026-03-10T12:36:04","date_gmt":"2026-03-10T12:36:04","guid":{"rendered":"https:\/\/microscopemedia.com\/?p=681071"},"modified":"2026-03-10T12:36:04","modified_gmt":"2026-03-10T12:36:04","slug":"aproape-90-de-romani-din-israel-au-cerut-asistenta-diplomatica-nu-toti-vor-sa-se-intoarca-in-tara","status":"publish","type":"post","link":"https:\/\/microscopemedia.com\/?p=681071","title":{"rendered":"Aproape 90 de rom\u00e2ni din Israel au cerut asisten\u021b\u0103 diplomatic\u0103. Nu to\u021bi vor s\u0103 se \u00eentoarc\u0103 \u00een \u021bar\u0103"},"content":{"rendered":"<div><img decoding=\"async\" src=\"https:\/\/microscopemedia.com\/wp-content\/uploads\/2026\/03\/aproape-90-de-romani-din-israel-au-cerut-asistenta-diplomatica-nu-toti-vor-sa-se-intoarca-in-tara.jpg\" class=\"ff-og-image-inserted\"><\/div>\n<p id=\"p-0\"><span class=\"cursor-pointer group\" title=\"Reda\u021bi \u00eencep\u00e2nd de la 1:11\"><span class=\"group-hover:bg-base-200 rounded p-0.5 -m-0.5\" data-start=\"71320\" data-end=\"75520\">\u00cen ceea ce prive\u0219te situa\u021bia din Israel, purt\u0103torul de cuv\u00e2nt al Ministerului Afacerilor Externe, Andrei \u021a\u0103rnea, a declarat c\u0103 <\/span><\/span>&nbsp;<span class=\"cursor-pointer group\" title=\"Reda\u021bi \u00eencep\u00e2nd de la 1:16\"><span class=\"group-hover:bg-base-200 rounded p-0.5 -m-0.5 bg-primary\/25 transition-all duration-200\" data-start=\"75580\" data-end=\"81380\" data-active>\u00een ultimele 24-48 de ore, intensitatea loviturilor a continuat s\u0103 creasc\u0103<\/span><\/span>&nbsp;<span class=\"cursor-pointer group\" title=\"Reda\u021bi \u00eencep\u00e2nd de la 1:21\"><span class=\"group-hover:bg-base-200 rounded p-0.5 -m-0.5\" data-start=\"81380\" data-end=\"87220\">\u0219i sunt victime persoane r\u0103nite la fa\u021ba locului.<\/span><\/span>&nbsp;<span class=\"cursor-pointer group\" title=\"Reda\u021bi \u00eencep\u00e2nd de la 1:27\"><span class=\"group-hover:bg-base-200 rounded p-0.5 -m-0.5\" data-start=\"87280\" data-end=\"91600\">Acolo, situa\u021bia este mai dramatic\u0103 din punct de vedere strict al opera\u021biunilor militare, iar o<\/span><\/span><span class=\"cursor-pointer group\" title=\"Reda\u021bi \u00eencep\u00e2nd de la 1:32\"><span class=\"group-hover:bg-base-200 rounded p-0.5 -m-0.5\" data-start=\"92120\" data-end=\"94440\">amenii, inclusiv cet\u0103\u021benii rom\u00e2ni trebuie s\u0103 intre de mai multe ori pe zi<\/span><\/span><span class=\"cursor-pointer group\" title=\"Reda\u021bi \u00eencep\u00e2nd de la 1:34\"><span class=\"group-hover:bg-base-200 rounded p-0.5 -m-0.5\" data-start=\"94440\" data-end=\"100980\"> \u00een ad\u0103posturi antieriene. \u00cen aceste condi\u021bii, mai mul\u021bi rom\u00e2ni au cerut sprijin din partea diploma\u021bilor din Israel, \u00eens\u0103 nu to\u021bi vor s\u0103 revin\u0103 acas\u0103.<\/span><\/span><\/p>\n<p id=\"p-1\"><span class=\"cursor-pointer group\" title=\"Reda\u021bi \u00eencep\u00e2nd de la 1:41\"><span class=\"group-hover:bg-base-200 rounded p-0.5 -m-0.5\" data-start=\"101480\" data-end=\"108700\">\u201ePe acest fond avem \u00een aten\u021bie circa 89 de cet\u0103\u021beni care au cerut asisten\u021b\u0103.<\/span><\/span>&nbsp;<span class=\"cursor-pointer group\" title=\"Reda\u021bi \u00eencep\u00e2nd de la 1:49\"><span class=\"group-hover:bg-base-200 rounded p-0.5 -m-0.5\" data-start=\"108700\" data-end=\"115120\">Din ace\u0219tia 12 au deja bilete comerciale pe zboruri care exist\u0103 \u0219i care \u00een mod normal opereaz\u0103.<\/span><\/span>&nbsp;<span class=\"cursor-pointer group\" title=\"Reda\u021bi \u00eencep\u00e2nd de la 1:55\"><span class=\"group-hover:bg-base-200 rounded p-0.5 -m-0.5\" data-start=\"115240\" data-end=\"118220\">Vom \u021bine leg\u0103tura cu ei s\u0103 vedem dac\u0103 acestea chiar se pot face. <\/span><\/span><span class=\"cursor-pointer group\" title=\"Reda\u021bi \u00eencep\u00e2nd de la 1:59\"><span class=\"group-hover:bg-base-200 rounded p-0.5 -m-0.5\" data-start=\"118760\" data-end=\"125700\">Al\u021bi 7 spun c\u0103 nu vor s\u0103 plece din Israel, de\u0219i ini\u021bial au solicitat asisten\u021b\u0103 pentru repatriere \u0219i a\u0219teapt\u0103 evolu\u021bia situa\u021biei.<\/span><\/span> Cu al\u021bi 70<span class=\"cursor-pointer group\" title=\"Reda\u021bi \u00eencep\u00e2nd de la 2:06\"><span class=\"group-hover:bg-base-200 rounded p-0.5 -m-0.5\" data-start=\"126340\" data-end=\"133780\"> s-a luat leg\u0103tura telefonic\u0103 pentru c\u0103 \u0219i ei sunt interesa\u021bi de un eventual zbor,<\/span><\/span>&nbsp;<span class=\"cursor-pointer group\" title=\"Reda\u021bi \u00eencep\u00e2nd de la 2:14\"><span class=\"group-hover:bg-base-200 rounded p-0.5 -m-0.5\" data-start=\"133900\" data-end=\"137700\">fie de repatriere asistat\u0103, fie de evacuare\u201d, a declarat purt\u0103torul de cuv\u00e2nt al MAE.<\/span><\/span><\/p>\n<p id=\"p-2\"><span class=\"cursor-pointer group\" title=\"Reda\u021bi \u00eencep\u00e2nd de la 2:21\"><span class=\"group-hover:bg-base-200 rounded p-0.5 -m-0.5\" data-start=\"141440\" data-end=\"147740\">De la \u00eenceputul r\u0103zboiului din Orientul Mijlociu, aproape 500 de persoane au revenit \u00een Rom\u00e2nia cu trei zboruriTarom<\/span><\/span><span class=\"cursor-pointer group\" title=\"Reda\u021bi \u00eencep\u00e2nd de la 2:28\"><span class=\"group-hover:bg-base-200 rounded p-0.5 -m-0.5\" data-start=\"147740\" data-end=\"153940\">, organizate de ministra afacerilor externe.<\/span><\/span><\/p>\n","protected":false},"excerpt":{"rendered":"<p>\u00cen ceea ce prive\u0219te situa\u021bia din Israel, purt\u0103torul de cuv\u00e2nt al Ministerului Afacerilor Externe, Andrei \u021a\u0103rnea, a declarat c\u0103 &nbsp;\u00een ultimele 24-48 de ore, intensitatea loviturilor a continuat s\u0103 creasc\u0103&nbsp;\u0219i &hellip; <a href=\"https:\/\/microscopemedia.com\/?p=681071\" class=\"more-link\">Read More<\/a><\/p>\n","protected":false},"author":1,"featured_media":681072,"comment_status":"closed","ping_status":"closed","sticky":false,"template":"Default","format":"standard","meta":[],"categories":[1],"tags":[],"_links":{"self":[{"href":"https:\/\/microscopemedia.com\/index.php?rest_route=\/wp\/v2\/posts\/681071"}],"collection":[{"href":"https:\/\/microscopemedia.com\/index.php?rest_route=\/wp\/v2\/posts"}],"about":[{"href":"https:\/\/microscopemedia.com\/index.php?rest_route=\/wp\/v2\/types\/post"}],"author":[{"embeddable":true,"href":"https:\/\/microscopemedia.com\/index.php?rest_route=\/wp\/v2\/users\/1"}],"replies":[{"embeddable":true,"href":"https:\/\/microscopemedia.com\/index.php?rest_route=%2Fwp%2Fv2%2Fcomments&post=681071"}],"version-history":[{"count":0,"href":"https:\/\/microscopemedia.com\/index.php?rest_route=\/wp\/v2\/posts\/681071\/revisions"}],"wp:featuredmedia":[{"embeddable":true,"href":"https:\/\/microscopemedia.com\/index.php?rest_route=\/wp\/v2\/media\/681072"}],"wp:attachment":[{"href":"https:\/\/microscopemedia.com\/index.php?rest_route=%2Fwp%2Fv2%2Fmedia&parent=681071"}],"wp:term":[{"taxonomy":"category","embeddable":true,"href":"https:\/\/microscopemedia.com\/index.php?rest_route=%2Fwp%2Fv2%2Fcategories&post=681071"},{"taxonomy":"post_tag","embeddable":true,"href":"https:\/\/microscopemedia.com\/index.php?rest_route=%2Fwp%2Fv2%2Ftags&post=681071"}],"curies":[{"name":"wp","href":"https:\/\/api.w.org\/{rel}","templated":true}]}}