{"id":681073,"date":"2026-03-10T12:46:04","date_gmt":"2026-03-10T12:46:04","guid":{"rendered":"https:\/\/microscopemedia.com\/?p=681073"},"modified":"2026-03-10T12:46:04","modified_gmt":"2026-03-10T12:46:04","slug":"roberta-metsola-a-anuntat-la-strasbourg-primii-laureati-ai-ordinului-european-de-merit-maia-sandu-si-volodimir-zelenski-printre-ei","status":"publish","type":"post","link":"https:\/\/microscopemedia.com\/?p=681073","title":{"rendered":"Roberta Metsola a anun\u021bat la Strasbourg primii laurea\u021bi ai Ordinului European de Merit. Maia Sandu \u0219i Volodimir Zelenski, printre ei"},"content":{"rendered":"<div><img decoding=\"async\" src=\"https:\/\/microscopemedia.com\/wp-content\/uploads\/2026\/03\/roberta-metsola-a-anuntat-la-strasbourg-primii-laureati-ai-ordinului-european-de-merit-maia-sandu-si-volodimir-zelenski-printre-ei.jpg\" class=\"ff-og-image-inserted\"><\/div>\n<p id=\"p-0\">Primii laurea\u021bi ai noului Ordin European de Merit au fost anun\u021ba\u021bi mar\u021bi la <span class=\"hover:entity-accent entity-underline inline cursor-pointer align-baseline\"><span class=\"whitespace-normal\">Strasbourg, \u00een cadrul unei ceremonii speciale de onoare<\/span><\/span>. Distinc\u021bia a fost prezentat\u0103 de pre\u0219edinta Parlamentului European, <span class=\"hover:entity-accent entity-underline inline cursor-pointer align-baseline\"><span class=\"whitespace-normal\">Roberta Metsola<\/span><\/span>, \u0219i reprezint\u0103 o recunoa\u0219tere pentru persoanele care au avut o contribu\u021bie important\u0103 la integrarea european\u0103 \u0219i la promovarea valorilor Uniunii.<\/p>\n<p id=\"p-1\">Pre\u0219edinta Republicii Moldova \u0219i pre\u0219edintele Ucrainei, Volodimir Zelenski, sunt c\u00e2teva dintre numele care completeaz\u0103 aceast\u0103 list\u0103 important\u0103 pentru comunitatea european\u0103.<\/p>\n<p id=\"p-2\">Roberta Metsola a declarat c\u0103 noul ordin are rolul de a celebra oamenii care au sus\u021binut proiectul european \u0219i au contribuit la dezvoltarea acestuia.<\/p>\n<p id=\"p-3\">\u201eDeschidem aceast\u0103 nou\u0103 sesiune cu o alt\u0103 tradi\u021bie anual\u0103. Pentru prima dat\u0103, Europa va onora europeni extraordinari cu Ordinul European al Meritului. Europa a fost \u00eentotdeauna construit\u0103 de femei \u0219i b\u0103rba\u021bi remarcabili din \u00eentreaga societate, care au avut curajul s\u0103 se ridice deasupra trecutului nostru turbulent. Dep\u0103\u0219ind diviziunile, d\u0103r\u00e2m\u00e2nd barierele, r\u0103sturn\u00e2nd dictaturile \u0219i dep\u0103\u0219ind crizele pentru a face o diferen\u021b\u0103 pentru continentul nostru \u0219i a construi un viitor mai bun. Acest angajament de a construi Europa merit\u0103 s\u0103rb\u0103torit. De aceea, acest Parlament a instituit Ordinul European al Meritului \u2013 pentru a-i onora pe cei care nu au crezut doar \u00een Europa, ci au contribuit la construirea ei, de la societatea civil\u0103 \u0219i mediul academic, la politicieni, la vizionari din arte, cultur\u0103 \u0219i muzic\u0103, p\u00e2n\u0103 la umanitari.\u201d, a afirmat pre\u0219edinta Parlamentului European.<\/p>\n<blockquote class=\"twitter-tweet\" readability=\"11.535211267606\">\n<p dir=\"ltr\" lang=\"en\" id=\"p-4\">Honoured to announce the first appointments to the European Order of Merit.<\/p>\n<p id=\"p-5\">These Europeans embody the remarkable diversity of excellence and commitment that drives Europe forward and strengthens its standing across the world.<\/p>\n<p id=\"p-6\">Their extraordinary achievements remind us that\u2026 <a href=\"https:\/\/t.co\/gTZfS2Agqi\">pic.twitter.com\/gTZfS2Agqi<\/a><\/p>\n<p id=\"p-7\">\u2014 Roberta Metsola (@EP_President) <a href=\"https:\/\/twitter.com\/EP_President\/status\/2031340755294249434?ref_src=twsrc%5Etfw\">March 10, 2026<\/a><\/p>\n<\/blockquote>\n<p id=\"p-9\">Lista laurea\u021bilor a fost stabilit\u0103 de un comitet de selec\u021bie format din Roberta Metsola, vicepre\u0219edinta Parlamentului European <span class=\"hover:entity-accent entity-underline inline cursor-pointer align-baseline\"><span class=\"whitespace-normal\">Sophie Wilm\u00e8s<\/span><\/span>, dar \u0219i alte personalit\u0103\u021bi europene importante, precum <span class=\"hover:entity-accent entity-underline inline cursor-pointer align-baseline\"><span class=\"whitespace-normal\">Ewa Kopacz<\/span><\/span>, <span class=\"hover:entity-accent entity-underline inline cursor-pointer align-baseline\"><span class=\"whitespace-normal\">Michel Barnier<\/span><\/span>, <span class=\"hover:entity-accent entity-underline inline cursor-pointer align-baseline\"><span class=\"whitespace-normal\">Jos\u00e9 Manuel Barroso<\/span><\/span>, <span class=\"hover:entity-accent entity-underline inline cursor-pointer align-baseline\"><span class=\"whitespace-normal\">Josep Borrell<\/span><\/span> \u0219i <span class=\"hover:entity-accent entity-underline inline cursor-pointer align-baseline\"><span class=\"whitespace-normal\">Enrico Letta<\/span><\/span>.<\/p>\n<p id=\"p-10\">Propunerile de nume pentru recunoa\u0219tere au venit din partea \u0219efilor de stat \u0219i de guvern, a pre\u0219edin\u021bilor parlamentelor na\u021bionale \u0219i a liderilor institu\u021biilor europene.<\/p>\n<h2 data-section-id=\"thgxmt\" data-start=\"1546\" data-end=\"1596\" id=\"chapter-0\">Membri distin\u0219i ai Ordinului European de Merit<\/h2>\n<p data-start=\"1597\" data-end=\"1660\" id=\"p-11\">Printre cei care au primit statutul de membri distin\u0219i se afl\u0103:<\/p>\n<ul data-start=\"1661\" data-end=\"1910\" readability=\"1.5\">\n<li data-section-id=\"1kmkp14\" data-start=\"1661\" data-end=\"1730\" readability=\"0\">\n<p data-start=\"1663\" data-end=\"1730\" id=\"p-12\"><span class=\"hover:entity-accent entity-underline inline cursor-pointer align-baseline\"><span class=\"whitespace-normal\">Angela Merkel<\/span><\/span>, fost cancelar al Germaniei<\/p>\n<\/li>\n<li data-section-id=\"dywdak\" data-start=\"1731\" data-end=\"1843\" readability=\"0\">\n<p data-start=\"1733\" data-end=\"1843\" id=\"p-13\"><span class=\"hover:entity-accent entity-underline inline cursor-pointer align-baseline\"><span class=\"whitespace-normal\">Lech Wa\u0142\u0119sa<\/span><\/span>, fost lider al mi\u0219c\u0103rii Solidaritatea \u0219i fost pre\u0219edinte al Poloniei<\/p>\n<\/li>\n<li data-section-id=\"konqv\" data-start=\"1844\" data-end=\"1910\" readability=\"0\">\n<p data-start=\"1846\" data-end=\"1910\" id=\"p-14\"><span class=\"hover:entity-accent entity-underline inline cursor-pointer align-baseline\"><span class=\"whitespace-normal\">Volodimir Zelenski<\/span><\/span>, pre\u0219edintele Ucrainei<\/p>\n<\/li>\n<\/ul>\n<h2 data-section-id=\"rlw8zn\" data-start=\"1912\" data-end=\"1932\" id=\"chapter-1\">Membri de onoare<\/h2>\n<p data-start=\"1933\" data-end=\"2022\" id=\"p-15\">La categoria membri de onoare au fost inclu\u0219i mai mul\u021bi lideri politici \u0219i personalit\u0103\u021bi europene:<\/p>\n<ul data-start=\"2023\" data-end=\"2950\" readability=\"12\">\n<li data-section-id=\"1wksp99\" data-start=\"2023\" data-end=\"2096\" readability=\"0\">\n<p data-start=\"2025\" data-end=\"2096\" id=\"p-16\"><span class=\"hover:entity-accent entity-underline inline cursor-pointer align-baseline\"><span class=\"whitespace-normal\">Valdas Adamkus<\/span><\/span>, fost pre\u0219edinte al Lituaniei<\/p>\n<\/li>\n<li data-section-id=\"47jpdd\" data-start=\"2097\" data-end=\"2217\" readability=\"0\">\n<p data-start=\"2099\" data-end=\"2217\" id=\"p-17\"><span class=\"hover:entity-accent entity-underline inline cursor-pointer align-baseline\"><span class=\"whitespace-normal\">Jerzy Buzek<\/span><\/span>, fost prim-ministru al Poloniei \u0219i fost pre\u0219edinte al Parlamentului European<\/p>\n<\/li>\n<li data-section-id=\"v0b408\" data-start=\"2218\" data-end=\"2310\" readability=\"0\">\n<p data-start=\"2220\" data-end=\"2310\" id=\"p-18\"><span class=\"hover:entity-accent entity-underline inline cursor-pointer align-baseline\"><span class=\"whitespace-normal\">An\u00edbal Cavaco Silva<\/span><\/span>, fost pre\u0219edinte \u0219i prim-ministru al Portugaliei<\/p>\n<\/li>\n<li data-section-id=\"tuktix\" data-start=\"2311\" data-end=\"2384\" readability=\"0\">\n<p data-start=\"2313\" data-end=\"2384\" id=\"p-19\"><span class=\"hover:entity-accent entity-underline inline cursor-pointer align-baseline\"><span class=\"whitespace-normal\">Sauli Niinist\u00f6<\/span><\/span>, fost pre\u0219edinte al Finlandei<\/p>\n<\/li>\n<li data-section-id=\"1kd9yxa\" data-start=\"2385\" data-end=\"2477\" readability=\"0\">\n<p data-start=\"2387\" data-end=\"2477\" id=\"p-20\"><span class=\"hover:entity-accent entity-underline inline cursor-pointer align-baseline\"><span class=\"whitespace-normal\">Pietro Parolin<\/span><\/span>, cardinal \u0219i secretar de stat al Sf\u00e2ntului Scaun<\/p>\n<\/li>\n<li data-section-id=\"1q5x8em\" data-start=\"2478\" data-end=\"2601\" readability=\"0\">\n<p data-start=\"2480\" data-end=\"2601\" id=\"p-21\"><span class=\"hover:entity-accent entity-underline inline cursor-pointer align-baseline\"><span class=\"whitespace-normal\">Mary Robinson<\/span><\/span>, fost\u0103 pre\u0219edint\u0103 a Irlandei \u0219i fost \u00cenalt Comisar ONU pentru Drepturile Omului<\/p>\n<\/li>\n<li data-section-id=\"k593zk\" data-start=\"2602\" data-end=\"2676\" readability=\"0\">\n<p data-start=\"2604\" data-end=\"2676\" id=\"p-22\"><span class=\"hover:entity-accent entity-underline inline cursor-pointer align-baseline\"><span class=\"whitespace-normal\">Maia Sandu<\/span><\/span>, pre\u0219edinta Republicii Moldova<\/p>\n<\/li>\n<li data-section-id=\"1uc1r5t\" data-start=\"2677\" data-end=\"2775\" readability=\"0\">\n<p data-start=\"2679\" data-end=\"2775\" id=\"p-23\"><span class=\"hover:entity-accent entity-underline inline cursor-pointer align-baseline\"><span class=\"whitespace-normal\">Javier Solana<\/span><\/span>, fost \u00cenalt Reprezentant al UE pentru politic\u0103 extern\u0103<\/p>\n<\/li>\n<li data-section-id=\"1a5zi3v\" data-start=\"2776\" data-end=\"2846\" readability=\"0\">\n<p data-start=\"2778\" data-end=\"2846\" id=\"p-24\"><span class=\"hover:entity-accent entity-underline inline cursor-pointer align-baseline\"><span class=\"whitespace-normal\">Wolfgang Sch\u00fcssel<\/span><\/span>, fost cancelar al Austriei<\/p>\n<\/li>\n<li data-section-id=\"1q2zlny\" data-start=\"2847\" data-end=\"2950\" readability=\"0\">\n<p data-start=\"2849\" data-end=\"2950\" id=\"p-25\"><span class=\"hover:entity-accent entity-underline inline cursor-pointer align-baseline\"><span class=\"whitespace-normal\">Jean-Claude Trichet<\/span><\/span>, fost pre\u0219edinte al <span class=\"hover:entity-accent entity-underline inline cursor-pointer align-baseline\"><span class=\"whitespace-normal\">European Central Bank<\/span><\/span><\/p>\n<\/li>\n<\/ul>\n<h2 data-section-id=\"u1cw2g\" data-start=\"2952\" data-end=\"2993\" id=\"chapter-2\">Membri ai Ordinului European de Merit<\/h2>\n<p data-start=\"2994\" data-end=\"3079\" id=\"p-26\">Al\u021bi laurea\u021bi provin din domenii diverse, de la societate civil\u0103 la cultur\u0103 \u0219i sport:<\/p>\n<ul data-start=\"3080\" data-end=\"3782\" readability=\"8\">\n<li data-section-id=\"ypqrnz\" data-start=\"3080\" data-end=\"3188\" readability=\"0\">\n<p data-start=\"3082\" data-end=\"3188\" id=\"p-27\"><span class=\"hover:entity-accent entity-underline inline cursor-pointer align-baseline\"><span class=\"whitespace-normal\">Jos\u00e9 Andr\u00e9s<\/span><\/span>, fondatorul organiza\u021biei <span class=\"hover:entity-accent entity-underline inline cursor-pointer align-baseline\"><span class=\"whitespace-normal\">World Central Kitchen<\/span><\/span><\/p>\n<\/li>\n<li data-section-id=\"1bjneys\" data-start=\"3189\" data-end=\"3252\" readability=\"0\">\n<p data-start=\"3191\" data-end=\"3252\" id=\"p-28\"><span class=\"hover:entity-accent entity-underline inline cursor-pointer align-baseline\"><span class=\"whitespace-normal\">Giannis Antetokounmpo<\/span><\/span>, juc\u0103tor de baschet<\/p>\n<\/li>\n<li data-section-id=\"rcpzmz\" data-start=\"3253\" data-end=\"3318\" readability=\"0\">\n<p data-start=\"3255\" data-end=\"3318\" id=\"p-29\"><span class=\"hover:entity-accent entity-underline inline cursor-pointer align-baseline\"><span class=\"whitespace-normal\">Marc Gjidara<\/span><\/span>, avocat \u0219i cercet\u0103tor<\/p>\n<\/li>\n<li data-section-id=\"12978ar\" data-start=\"3319\" data-end=\"3383\" readability=\"0\">\n<p data-start=\"3321\" data-end=\"3383\" id=\"p-30\"><span class=\"hover:entity-accent entity-underline inline cursor-pointer align-baseline\"><span class=\"whitespace-normal\">Sandra Lejniece<\/span><\/span>, medic \u0219i cercet\u0103tor<\/p>\n<\/li>\n<li data-section-id=\"13xnejr\" data-start=\"3384\" data-end=\"3468\" readability=\"0\">\n<p data-start=\"3386\" data-end=\"3468\" id=\"p-31\"><span class=\"hover:entity-accent entity-underline inline cursor-pointer align-baseline\"><span class=\"whitespace-normal\">Oleksandra Matviichuk<\/span><\/span>, avocat specializat \u00een drepturile omului<\/p>\n<\/li>\n<li data-section-id=\"1dyl2ni\" data-start=\"3469\" data-end=\"3554\" readability=\"0\">\n<p data-start=\"3471\" data-end=\"3554\" id=\"p-32\"><span class=\"hover:entity-accent entity-underline inline cursor-pointer align-baseline\"><span class=\"whitespace-normal\">Viviane Reding<\/span><\/span>, fost\u0103 vicepre\u0219edint\u0103 a Comisiei Europene<\/p>\n<\/li>\n<li data-section-id=\"7271z7\" data-start=\"3555\" data-end=\"3782\" readability=\"1\">\n<p data-start=\"3557\" data-end=\"3782\" id=\"p-33\">membrii forma\u021biei <span class=\"hover:entity-accent entity-underline inline cursor-pointer align-baseline\"><span class=\"whitespace-normal\">U2<\/span><\/span>: <span class=\"hover:entity-accent entity-underline inline cursor-pointer align-baseline\"><span class=\"whitespace-normal\">Bono<\/span><\/span>, <span class=\"hover:entity-accent entity-underline inline cursor-pointer align-baseline\"><span class=\"whitespace-normal\">The Edge<\/span><\/span>, <span class=\"hover:entity-accent entity-underline inline cursor-pointer align-baseline\"><span class=\"whitespace-normal\">Adam Clayton<\/span><\/span> \u0219i <span class=\"hover:entity-accent entity-underline inline cursor-pointer align-baseline\"><span class=\"whitespace-normal\">Larry Mullen Jr<\/span><\/span><\/p>\n<\/li>\n<\/ul>\n<p data-start=\"3784\" data-end=\"4135\" id=\"p-34\">Ordinul European de Merit a fost creat anul trecut, cu ocazia anivers\u0103rii a 75 de ani de la <span class=\"hover:entity-accent entity-underline inline cursor-pointer align-baseline\"><span class=\"whitespace-normal\">Schuman Declaration<\/span><\/span>. Distinc\u021bia reprezint\u0103 prima recunoa\u0219tere civil\u0103 de acest tip oferit\u0103 de o institu\u021bie a Uniunii Europene pentru persoanele care au contribuit semnificativ la integrarea european\u0103 sau la promovarea valorilor democratice.<\/p>\n<p data-start=\"4137\" data-end=\"4233\" id=\"p-35\">Regulamentul stabile\u0219te c\u0103, \u00een fiecare an, pot primi aceast\u0103 distinc\u021bie cel mult 20 de persoane.<\/p>\n<p data-start=\"4235\" data-end=\"4425\" data-is-last-node data-is-only-node id=\"p-36\">Dup\u0103 anun\u021bul oficial, laurea\u021bii vor participa la o ceremonie de premiere care va avea loc \u00een timpul sesiunii plenare a Parlamentului European programat\u0103 \u00een perioada 18-21 mai, la Strasbourg.<\/p>\n","protected":false},"excerpt":{"rendered":"<p>Primii laurea\u021bi ai noului Ordin European de Merit au fost anun\u021ba\u021bi mar\u021bi la Strasbourg, \u00een cadrul unei ceremonii speciale de onoare. Distinc\u021bia a fost prezentat\u0103 de pre\u0219edinta Parlamentului European, Roberta &hellip; <a href=\"https:\/\/microscopemedia.com\/?p=681073\" class=\"more-link\">Read More<\/a><\/p>\n","protected":false},"author":1,"featured_media":681074,"comment_status":"closed","ping_status":"closed","sticky":false,"template":"Default","format":"standard","meta":[],"categories":[1],"tags":[],"_links":{"self":[{"href":"https:\/\/microscopemedia.com\/index.php?rest_route=\/wp\/v2\/posts\/681073"}],"collection":[{"href":"https:\/\/microscopemedia.com\/index.php?rest_route=\/wp\/v2\/posts"}],"about":[{"href":"https:\/\/microscopemedia.com\/index.php?rest_route=\/wp\/v2\/types\/post"}],"author":[{"embeddable":true,"href":"https:\/\/microscopemedia.com\/index.php?rest_route=\/wp\/v2\/users\/1"}],"replies":[{"embeddable":true,"href":"https:\/\/microscopemedia.com\/index.php?rest_route=%2Fwp%2Fv2%2Fcomments&post=681073"}],"version-history":[{"count":0,"href":"https:\/\/microscopemedia.com\/index.php?rest_route=\/wp\/v2\/posts\/681073\/revisions"}],"wp:featuredmedia":[{"embeddable":true,"href":"https:\/\/microscopemedia.com\/index.php?rest_route=\/wp\/v2\/media\/681074"}],"wp:attachment":[{"href":"https:\/\/microscopemedia.com\/index.php?rest_route=%2Fwp%2Fv2%2Fmedia&parent=681073"}],"wp:term":[{"taxonomy":"category","embeddable":true,"href":"https:\/\/microscopemedia.com\/index.php?rest_route=%2Fwp%2Fv2%2Fcategories&post=681073"},{"taxonomy":"post_tag","embeddable":true,"href":"https:\/\/microscopemedia.com\/index.php?rest_route=%2Fwp%2Fv2%2Ftags&post=681073"}],"curies":[{"name":"wp","href":"https:\/\/api.w.org\/{rel}","templated":true}]}}