{"id":681083,"date":"2026-03-10T13:36:03","date_gmt":"2026-03-10T13:36:03","guid":{"rendered":"https:\/\/microscopemedia.com\/?p=681083"},"modified":"2026-03-10T13:36:03","modified_gmt":"2026-03-10T13:36:03","slug":"citu-acuza-ca-au-crescut-cheltuielile-de-personal","status":"publish","type":"post","link":"https:\/\/microscopemedia.com\/?p=681083","title":{"rendered":"C\u00ee\u021bu acuz\u0103 c\u0103 au crescut cheltuielile de personal"},"content":{"rendered":"<div><img decoding=\"async\" src=\"https:\/\/microscopemedia.com\/wp-content\/uploads\/2026\/03\/citu-acuza-ca-au-crescut-cheltuielile-de-personal.jpg\" class=\"ff-og-image-inserted\"><\/div>\n<p id=\"p-0\"><em>\u201eGuvernul a promovat luni \u00eentregi ideea c\u0103 reduce cheltuielile de personal cu 10%.<\/em><br \/><em>Realitatea din buget: nu scad, ci cresc\u201d<\/em>, a scris, mar\u021bi, C\u00ee\u021bu, \u00eentr-o postare pe pagina sa de Facebook.<\/p>\n<p id=\"p-1\">Acesta a afirmat c\u0103 suma cheltuielilor de personal pentru anul 2025 a fost de 167, 7 miliarde de lei, \u00een timp ce suma cheltuielilor de personal aferent\u0103 pentru anul 2026 este de 168, 2 miliarde de lei.<\/p>\n<p id=\"p-2\"><em>\u201eAsta arat\u0103 clar c\u0103 povestea cu reducerea cheltuielilor a fost propagand\u0103. Iar dac\u0103 \u00eentr-un punct at\u00e2t de vizibil cifrele arat\u0103 exact opusul mesajului oficial, credibilitatea \u00eentregului buget este aproape zero\u201d<\/em>, a conchis C\u00ee\u021bu.<\/p>\n<p id=\"p-3\">Reamintim c\u0103, \u00een data de 24 februarie, Guvernul a adoptat reforma administra\u021biei centrale \u0219i locale, document care prevede, printre altele, \u0219i reducerea cheltuielilor de personal cu 10% \u0219i cre\u0219terea calit\u0103\u021bii aparatului administrativ.<\/p>\n<p id=\"p-4\">\u201eDac\u0103 vrem s\u0103 echilibr\u0103m, \u00eentr-adev\u0103r, economia, noi trebuie s\u0103 ne reducem baza de cheltuieli \u0219i acest pachet de reform\u0103 \u00een administra\u021bie propune reducerea acestei baze de cheltuieli\u201d, spunea<a href=\"https:\/\/www.mediafax.ro\/stirile-zilei\/ilie-bolojan-despre-reforma-administratiei-exista-un-acord-sa-se-calculeze-in-mod-corect-numarul-de-angajati-23686571\" target=\"_blank\" rel=\"noopener\"> Ilie Bolojan<\/a> la Europa FM, \u00een 13 februarie, \u00eenainte de adoptarea reformei.<\/p>\n","protected":false},"excerpt":{"rendered":"<p>\u201eGuvernul a promovat luni \u00eentregi ideea c\u0103 reduce cheltuielile de personal cu 10%.Realitatea din buget: nu scad, ci cresc\u201d, a scris, mar\u021bi, C\u00ee\u021bu, \u00eentr-o postare pe pagina sa de Facebook. &hellip; <a href=\"https:\/\/microscopemedia.com\/?p=681083\" class=\"more-link\">Read More<\/a><\/p>\n","protected":false},"author":1,"featured_media":681084,"comment_status":"closed","ping_status":"closed","sticky":false,"template":"Default","format":"standard","meta":[],"categories":[1],"tags":[],"_links":{"self":[{"href":"https:\/\/microscopemedia.com\/index.php?rest_route=\/wp\/v2\/posts\/681083"}],"collection":[{"href":"https:\/\/microscopemedia.com\/index.php?rest_route=\/wp\/v2\/posts"}],"about":[{"href":"https:\/\/microscopemedia.com\/index.php?rest_route=\/wp\/v2\/types\/post"}],"author":[{"embeddable":true,"href":"https:\/\/microscopemedia.com\/index.php?rest_route=\/wp\/v2\/users\/1"}],"replies":[{"embeddable":true,"href":"https:\/\/microscopemedia.com\/index.php?rest_route=%2Fwp%2Fv2%2Fcomments&post=681083"}],"version-history":[{"count":0,"href":"https:\/\/microscopemedia.com\/index.php?rest_route=\/wp\/v2\/posts\/681083\/revisions"}],"wp:featuredmedia":[{"embeddable":true,"href":"https:\/\/microscopemedia.com\/index.php?rest_route=\/wp\/v2\/media\/681084"}],"wp:attachment":[{"href":"https:\/\/microscopemedia.com\/index.php?rest_route=%2Fwp%2Fv2%2Fmedia&parent=681083"}],"wp:term":[{"taxonomy":"category","embeddable":true,"href":"https:\/\/microscopemedia.com\/index.php?rest_route=%2Fwp%2Fv2%2Fcategories&post=681083"},{"taxonomy":"post_tag","embeddable":true,"href":"https:\/\/microscopemedia.com\/index.php?rest_route=%2Fwp%2Fv2%2Ftags&post=681083"}],"curies":[{"name":"wp","href":"https:\/\/api.w.org\/{rel}","templated":true}]}}