{"id":681087,"date":"2026-03-10T14:06:04","date_gmt":"2026-03-10T14:06:04","guid":{"rendered":"https:\/\/microscopemedia.com\/?p=681087"},"modified":"2026-03-10T14:06:04","modified_gmt":"2026-03-10T14:06:04","slug":"o-ancheta-onu-acuza-rusia-de-crime-impotriva-umanitatii-pentru-deportarea-copiilor-ucraineni","status":"publish","type":"post","link":"https:\/\/microscopemedia.com\/?p=681087","title":{"rendered":"O anchet\u0103 ONU acuz\u0103 Rusia de crime \u00eempotriva umanit\u0103\u021bii pentru deportarea copiilor ucraineni"},"content":{"rendered":"<div><img decoding=\"async\" src=\"https:\/\/microscopemedia.com\/wp-content\/uploads\/2026\/03\/o-ancheta-onu-acuza-rusia-de-crime-impotriva-umanitatii-pentru-deportarea-copiilor-ucraineni.jpg\" class=\"ff-og-image-inserted\"><\/div>\n<p id=\"p-0\">O comisie interna\u021bional\u0103 de anchet\u0103 a ONU a acuzat mar\u021bi Moscova de comiterea de \u201ecrime \u00eempotriva umanit\u0103\u021bii\u201d prin deportarea for\u021bat\u0103 a mii de copii ucraineni \u00een Rusia \u0219i obstruc\u021bionarea return\u0103rii acestora, potrivit <a href=\"https:\/\/www.lefigaro.fr\/international\/une-enquete-de-l-onu-accuse-la-russie-de-crimes-contre-l-humanite-pour-avoir-deporte-des-enfants-ukrainiens-20260310\">Le Figaro<\/a><\/p>\n<p id=\"p-1\">\u201eDovezile adunate conduc comisia la concluzia c\u0103 autorit\u0103\u021bile ruse au comis crime \u00eempotriva umanit\u0103\u021bii , \u0219i anume deportarea \u0219i transferul for\u021bat, precum \u0219i dispari\u021bia for\u021bat\u0103 a copiilor\u201d, a anun\u021bat Comisia Interna\u021bional\u0103 Independent\u0103 de Anchet\u0103 privind Ucraina \u00eentr-un comunicat care \u00eenso\u021be\u0219te publicarea unui raport la Geneva.<\/p>\n<p id=\"p-2\">Aceast\u0103 comisie a fost \u00eenfiin\u021bat\u0103 \u00een 2022 \u2013 la scurt timp dup\u0103 \u00eenceperea ofensivei ruse\u0219ti \u00een&nbsp; Ucraina&nbsp; \u2013 de c\u0103tre Consiliul ONU pentru Drepturile Omului pentru a investiga diverse presupuse \u00eenc\u0103lc\u0103ri comise \u00een contextul conflictului. \u00cen raportul lor, anchetatorii au constatat c\u0103 autorit\u0103\u021bile ruse au \u201edeportat \u0219i <a href=\"https:\/\/www.mediafax.ro\/externe\/ministerul-afacerilor-interne-ucrainean-peste-6-300-de-persoane-evacuate-din-zonele-de-front-de-la-inceputul-anului-23686916\" target=\"_blank\" rel=\"noopener\">transferat ilegal copii<\/a>\u201d \u00eenc\u0103 de la \u00eenceputul ofensivei lor \u0219i c\u0103 au \u201e\u00eent\u00e2rziat \u00een mod nejustificat repatrierea acestora\u201d.<\/p>\n<p id=\"p-3\">\u00cen plus, comisia subliniaz\u0103 c\u0103 m\u0103surile luate \u00eempotriva copiilor deporta\u021bi \u201eau \u00eenc\u0103lcat dreptul interna\u021bional umanitar \u0219i dreptul interna\u021bional al drepturilor omului\u201d \u0219i nu au fost ghidate de interesul superior al copilului. De\u0219i p\u00e2n\u0103 \u00een prezent a confirmat expulzarea sau transferul a 1.205 copii, comisia indic\u0103 faptul c\u0103 autorit\u0103\u021bile ruse \u201eau deportat sau transferat mii de copii din zonele pe care le-au ocupat \u00een Ucraina\u201d.<\/p>\n<h2 id=\"chapter-0\">Rusia a sus\u021binut c\u0103 a mutat copii ucraineni pentru a-i proteja<\/h2>\n<p id=\"p-4\">Problema este extrem de sensibil\u0103 \u00een Ucraina \u0219i r\u0103m\u00e2ne esen\u021bial\u0103 pentru fiecare nou\u0103 rund\u0103 de negocieri pentru un poten\u021bial acord de pace \u00eentre Kiev \u0219i Moscova. Potrivit Kievului, aproape 20.000 de copii ucraineni au fost lua\u021bi cu for\u021ba de la \u00eenceputul invaziei. Rusia a sus\u021binut c\u0103 a mutat unii copii ucraineni din casele sau orfelinatele lor pentru a-i proteja de amenin\u021barea ostilit\u0103\u021bilor.<\/p>\n<p id=\"p-5\">Cu toate acestea, comisia subliniaz\u0103 c\u0103 dreptul interna\u021bional umanitar impune ca evacu\u0103rile s\u0103 fie \u201etemporare \u0219i \u00eentemeiate pe motive imperative de s\u0103n\u0103tate (\u2026) sau de securitate\u201d. Totu\u0219i, potrivit anchetatorilor, 80% dintre copiii expulza\u021bi sau transfera\u021bi \u00een cazurile examinate de comisie nu s-au \u00eentors acas\u0103.<\/p>\n<h2 id=\"chapter-1\">Comisia interna\u021bional\u0103 de anchet\u0103 nu este recunoscut\u0103 de Rusia<\/h2>\n<p id=\"p-6\">\u00cen ceea ce prive\u0219te Ucraina, raportul \u00ee\u0219i exprim\u0103 \u00eengrijorarea cu privire la defini\u021bia prea larg\u0103 \u0219i interpretarea uneori distorsionat\u0103 a infrac\u021biunii de \u201ecolaborare\u201d cu inamicul. De asemenea, raporteaz\u0103 \u00eenc\u0103lc\u0103ri comise \u00een timpul mobiliz\u0103rii militare, cum ar fi deten\u021biile ilegale \u0219i presiunile \u0219i violen\u021bele \u00eempotriva obiectorilor de con\u0219tiin\u021b\u0103. Comisia interna\u021bional\u0103 de anchet\u0103, care nu este recunoscut\u0103 de Moscova, \u00ee\u0219i va prezenta raportul joi \u00een fa\u021ba celei de-a 61-a sesiuni ordinare a Consiliului pentru Drepturile Omului de la Geneva.<\/p>\n","protected":false},"excerpt":{"rendered":"<p>O comisie interna\u021bional\u0103 de anchet\u0103 a ONU a acuzat mar\u021bi Moscova de comiterea de \u201ecrime \u00eempotriva umanit\u0103\u021bii\u201d prin deportarea for\u021bat\u0103 a mii de copii ucraineni \u00een Rusia \u0219i obstruc\u021bionarea return\u0103rii &hellip; <a href=\"https:\/\/microscopemedia.com\/?p=681087\" class=\"more-link\">Read More<\/a><\/p>\n","protected":false},"author":1,"featured_media":681088,"comment_status":"closed","ping_status":"closed","sticky":false,"template":"Default","format":"standard","meta":[],"categories":[1],"tags":[],"_links":{"self":[{"href":"https:\/\/microscopemedia.com\/index.php?rest_route=\/wp\/v2\/posts\/681087"}],"collection":[{"href":"https:\/\/microscopemedia.com\/index.php?rest_route=\/wp\/v2\/posts"}],"about":[{"href":"https:\/\/microscopemedia.com\/index.php?rest_route=\/wp\/v2\/types\/post"}],"author":[{"embeddable":true,"href":"https:\/\/microscopemedia.com\/index.php?rest_route=\/wp\/v2\/users\/1"}],"replies":[{"embeddable":true,"href":"https:\/\/microscopemedia.com\/index.php?rest_route=%2Fwp%2Fv2%2Fcomments&post=681087"}],"version-history":[{"count":0,"href":"https:\/\/microscopemedia.com\/index.php?rest_route=\/wp\/v2\/posts\/681087\/revisions"}],"wp:featuredmedia":[{"embeddable":true,"href":"https:\/\/microscopemedia.com\/index.php?rest_route=\/wp\/v2\/media\/681088"}],"wp:attachment":[{"href":"https:\/\/microscopemedia.com\/index.php?rest_route=%2Fwp%2Fv2%2Fmedia&parent=681087"}],"wp:term":[{"taxonomy":"category","embeddable":true,"href":"https:\/\/microscopemedia.com\/index.php?rest_route=%2Fwp%2Fv2%2Fcategories&post=681087"},{"taxonomy":"post_tag","embeddable":true,"href":"https:\/\/microscopemedia.com\/index.php?rest_route=%2Fwp%2Fv2%2Ftags&post=681087"}],"curies":[{"name":"wp","href":"https:\/\/api.w.org\/{rel}","templated":true}]}}