{"id":681093,"date":"2026-03-10T15:07:03","date_gmt":"2026-03-10T15:07:03","guid":{"rendered":"https:\/\/microscopemedia.com\/?p=681093"},"modified":"2026-03-10T15:07:03","modified_gmt":"2026-03-10T15:07:03","slug":"blocajul-din-ormuz-agita-europa-cu-transportul-maritim-paralizat-de-o-saptamana-guvernele-europene-se-tem-de-scumpiri","status":"publish","type":"post","link":"https:\/\/microscopemedia.com\/?p=681093","title":{"rendered":"Blocajul din Ormuz agit\u0103 Europa \/ Cu transportul maritim paralizat de o s\u0103pt\u0103m\u00e2n\u0103, guvernele europene se tem de scumpiri"},"content":{"rendered":"<div><img decoding=\"async\" src=\"https:\/\/microscopemedia.com\/wp-content\/uploads\/2026\/03\/blocajul-din-ormuz-agita-europa-cu-transportul-maritim-paralizat-de-o-saptamana-guvernele-europene-se-tem-de-scumpiri.jpg\" class=\"ff-og-image-inserted\"><\/div>\n<p id=\"p-0\">Situa\u021bia provoac\u0103 \u00eengrijor\u0103ri majore \u00een mai multe state europene, care se tem de efecte economice \u00een lan\u021b asupra energiei, agriculturii \u0219i comer\u021bului interna\u021bional, scrie Politico.<\/p>\n<h2 id=\"chapter-0\">Blocajul din Ormuz agit\u0103 Europa<\/h2>\n<p id=\"p-1\">Blocajul a ap\u0103rut dup\u0103 ce Iranul a ripostat la un atac comun americano-israelian, iar tensiunile militare s-au extins \u00een regiune.<\/p>\n<p id=\"p-2\">De\u0219i Teheranul a declarat c\u0103, din punct de vedere tehnic, calea navigabil\u0103 din <a href=\"https:\/\/www.mediafax.ro\/externe\/cel-mai-mare-exportator-mondial-de-petrol-avertizeaza-perturbarile-din-stramtoarea-ormuz-pot-avea-efecte-catastrofale-23700169\">Str\u00e2mtoarea Ormuz<\/a> r\u0103m\u00e2ne deschis\u0103, autorit\u0103\u021bile iraniene au avertizat c\u0103 navele americane \u0219i israeliene vor fi vizate \u0219i au precizat c\u0103 nu pot garanta siguran\u021ba vaselor din toate \u021b\u0103rile.<\/p>\n<p id=\"p-3\">Str\u00e2mtoarea Ormuz este o f\u00e2\u0219ie \u00eengust\u0103 de ap\u0103, situat\u0103 par\u021bial \u00een apele teritoriale iraniene, prin care trece o parte semnificativ\u0103 a exporturilor globale de energie.<\/p>\n<p id=\"p-4\">\u00cen Europa, blocajul ridic\u0103 deja semnale de alarm\u0103.<\/p>\n<p id=\"p-5\">Guvernele \u0219i organiza\u021biile de lobby din Italia, Irlanda \u0219i Ungaria avertizeaz\u0103 asupra riscurilor economice generate de perturbarea transportului maritim.<\/p>\n<h2 id=\"chapter-1\">Atacul \u201ea deschis o cutie a Pandorei\u201d<\/h2>\n<p id=\"p-6\">Ministrul irlandez al Agriculturii, Martin Heydon, a declarat pentru presa local\u0103 c\u0103 atacul asupra Iranului \u201ea deschis o cutie a Pandorei\u201d, subliniind c\u0103 o cre\u0219tere a pre\u021burilor la \u00eengr\u0103\u0219\u0103minte ar putea lovi sectorul agricol exact \u00een perioada critic\u0103 a sezonului de plantare.<\/p>\n<p id=\"p-7\">Orientul Mijlociu reprezint\u0103 totodat\u0103 o pia\u021b\u0103 important\u0103 pentru exporturile irlandeze de alimente \u0219i b\u0103uturi. Oficialul nu a exclus posibilitatea unor pachete de sprijin pentru fermieri \u0219i produc\u0103torii din sectorul alimentar, dar a precizat c\u0103 este prea devreme pentru a discuta despre m\u0103suri concrete.<\/p>\n<h2 id=\"chapter-2\">\u00cengrijor\u0103ri similare sunt exprimate \u0219i \u00een Italia<\/h2>\n<p id=\"p-8\">Coldiretti, cel mai mare lobby agricol din \u021bar\u0103, a avertizat c\u0103 perturbarea rutelor comerciale din cauza r\u0103zboiului care implic\u0103 Iranul produce deja daune semnificative exporturilor italiene. Potrivit organiza\u021biei, pie\u021bele din Orientul Mijlociu sunt esen\u021biale pentru sectorul agroalimentar italian, valoarea total\u0103 a exporturilor dep\u0103\u0219ind 2 miliarde de euro.<\/p>\n<p id=\"p-9\">Coldiretti a subliniat c\u0103 produsele perisabile, precum fructele, legumele \u0219i florile, sunt cele mai vulnerabile \u00een contextul blocajului.<\/p>\n<p id=\"p-10\">\u201eOprirea traficului maritim din Golf are loc \u00een punctul culminant al sezonului de export de flori\u201d, a transmis organiza\u021bia \u00eentr-un comunicat.<\/p>\n<p id=\"p-11\">Impactul conflictului se resimte \u0219i \u00een Europa Central\u0103.<\/p>\n<p id=\"p-12\">\u00cen Ungaria, premierul Viktor Orb\u00e1n a anun\u021bat c\u0103 guvernul va reintroduce plafonarea pre\u021burilor la combustibili pentru a proteja popula\u021bia \u0219i mediul de afaceri.<\/p>\n<p id=\"p-13\">Decizia vine \u00een contextul a ceea ce liderul ungar a descris drept o \u201eexplozie interna\u021bional\u0103 a pre\u021burilor petrolului\u201d, determinat\u0103 de tensiunile din Orientul Mijlociu.<\/p>\n<p id=\"p-14\">Pe m\u0103sur\u0103 ce conflictul militar continu\u0103, blocarea uneia dintre cele mai importante artere maritime ale lumii risc\u0103 s\u0103 amplifice volatilitatea pie\u021belor energetice \u0219i s\u0103 provoace efecte economice resim\u021bite mult dincolo de regiunea Golfului Persic.<\/p>\n","protected":false},"excerpt":{"rendered":"<p>Situa\u021bia provoac\u0103 \u00eengrijor\u0103ri majore \u00een mai multe state europene, care se tem de efecte economice \u00een lan\u021b asupra energiei, agriculturii \u0219i comer\u021bului interna\u021bional, scrie Politico. Blocajul din Ormuz agit\u0103 Europa &hellip; <a href=\"https:\/\/microscopemedia.com\/?p=681093\" class=\"more-link\">Read More<\/a><\/p>\n","protected":false},"author":1,"featured_media":681094,"comment_status":"closed","ping_status":"closed","sticky":false,"template":"Default","format":"standard","meta":[],"categories":[1],"tags":[],"_links":{"self":[{"href":"https:\/\/microscopemedia.com\/index.php?rest_route=\/wp\/v2\/posts\/681093"}],"collection":[{"href":"https:\/\/microscopemedia.com\/index.php?rest_route=\/wp\/v2\/posts"}],"about":[{"href":"https:\/\/microscopemedia.com\/index.php?rest_route=\/wp\/v2\/types\/post"}],"author":[{"embeddable":true,"href":"https:\/\/microscopemedia.com\/index.php?rest_route=\/wp\/v2\/users\/1"}],"replies":[{"embeddable":true,"href":"https:\/\/microscopemedia.com\/index.php?rest_route=%2Fwp%2Fv2%2Fcomments&post=681093"}],"version-history":[{"count":0,"href":"https:\/\/microscopemedia.com\/index.php?rest_route=\/wp\/v2\/posts\/681093\/revisions"}],"wp:featuredmedia":[{"embeddable":true,"href":"https:\/\/microscopemedia.com\/index.php?rest_route=\/wp\/v2\/media\/681094"}],"wp:attachment":[{"href":"https:\/\/microscopemedia.com\/index.php?rest_route=%2Fwp%2Fv2%2Fmedia&parent=681093"}],"wp:term":[{"taxonomy":"category","embeddable":true,"href":"https:\/\/microscopemedia.com\/index.php?rest_route=%2Fwp%2Fv2%2Fcategories&post=681093"},{"taxonomy":"post_tag","embeddable":true,"href":"https:\/\/microscopemedia.com\/index.php?rest_route=%2Fwp%2Fv2%2Ftags&post=681093"}],"curies":[{"name":"wp","href":"https:\/\/api.w.org\/{rel}","templated":true}]}}