{"id":681121,"date":"2026-03-10T17:56:03","date_gmt":"2026-03-10T17:56:03","guid":{"rendered":"https:\/\/microscopemedia.com\/?p=681121"},"modified":"2026-03-10T17:56:03","modified_gmt":"2026-03-10T17:56:03","slug":"florin-manole-cere-controale-la-nivel-national-in-centrele-pentru-persoane-cu-dizabilitati","status":"publish","type":"post","link":"https:\/\/microscopemedia.com\/?p=681121","title":{"rendered":"Florin Manole cere controale la nivel na\u021bional \u00een centrele pentru persoane cu dizabilit\u0103\u021bi"},"content":{"rendered":"<div><img decoding=\"async\" src=\"https:\/\/microscopemedia.com\/wp-content\/uploads\/2026\/03\/florin-manole-cere-controale-la-nivel-national-in-centrele-pentru-persoane-cu-dizabilitati.jpg\" class=\"ff-og-image-inserted\"><\/div>\n<p id=\"p-0\"><em><span>\u201eAm toleran\u021b\u0103 zero pentru nerespectarea standardelor \u00een serviciile sociale reziden\u021biale pentru persoanele cu dizabilit\u0103\u021bi. <\/span><\/em><span><em>De aceea, am cerut ANPIS s\u0103 \u00eenceap\u0103 o campanie na\u021bional\u0103 de control. Verific\u0103m centrele din toat\u0103 \u021bara pentru c\u0103, pentru persoanele cu dizabilit\u0103\u021bi, aceste locuri \u00eenseamn\u0103 acas\u0103\u201d<\/em>, a scris, Florin Manole, pe Facebook.&nbsp;<\/span><\/p>\n<p id=\"p-1\">Ministrul Muncii a precizat c\u0103 atunci c\u00e2nd este vorba despre protec\u021bia oferit\u0103 de stat, este nevoie s\u0103 se \u021bin\u0103 cont \u0219i de capacitatea de control.<\/p>\n<p id=\"p-2\"><span><em>\u201eC\u00e2nd vorbim despre protec\u021bia pe care statul trebuie s\u0103 o ofere, trebuie s\u0103 \u021binem cont \u0219i de capacitatea de control. \u0218i chiar dac\u0103 la ANPIS avem un deficit mare de resurs\u0103 uman\u0103, sunt sigur c\u0103 inspectorii sociali&nbsp; \u00ee\u0219i vor face treaba cu seriozitate \u0219i responsabilitate\u201d<\/em>, a declarat Manole.&nbsp;<\/span><\/p>\n<p id=\"p-3\">Ministrul a precizat c\u0103 persoanele cu dizabilit\u0103\u021bi din centrele reziden\u021biale au nevoie de protec\u021bie, grij\u0103, dar \u0219i condi\u021bii decente pentru via\u021b\u0103.<\/p>\n","protected":false},"excerpt":{"rendered":"<p>\u201eAm toleran\u021b\u0103 zero pentru nerespectarea standardelor \u00een serviciile sociale reziden\u021biale pentru persoanele cu dizabilit\u0103\u021bi. De aceea, am cerut ANPIS s\u0103 \u00eenceap\u0103 o campanie na\u021bional\u0103 de control. Verific\u0103m centrele din toat\u0103 &hellip; <a href=\"https:\/\/microscopemedia.com\/?p=681121\" class=\"more-link\">Read More<\/a><\/p>\n","protected":false},"author":1,"featured_media":681122,"comment_status":"closed","ping_status":"closed","sticky":false,"template":"Default","format":"standard","meta":[],"categories":[1],"tags":[],"_links":{"self":[{"href":"https:\/\/microscopemedia.com\/index.php?rest_route=\/wp\/v2\/posts\/681121"}],"collection":[{"href":"https:\/\/microscopemedia.com\/index.php?rest_route=\/wp\/v2\/posts"}],"about":[{"href":"https:\/\/microscopemedia.com\/index.php?rest_route=\/wp\/v2\/types\/post"}],"author":[{"embeddable":true,"href":"https:\/\/microscopemedia.com\/index.php?rest_route=\/wp\/v2\/users\/1"}],"replies":[{"embeddable":true,"href":"https:\/\/microscopemedia.com\/index.php?rest_route=%2Fwp%2Fv2%2Fcomments&post=681121"}],"version-history":[{"count":0,"href":"https:\/\/microscopemedia.com\/index.php?rest_route=\/wp\/v2\/posts\/681121\/revisions"}],"wp:featuredmedia":[{"embeddable":true,"href":"https:\/\/microscopemedia.com\/index.php?rest_route=\/wp\/v2\/media\/681122"}],"wp:attachment":[{"href":"https:\/\/microscopemedia.com\/index.php?rest_route=%2Fwp%2Fv2%2Fmedia&parent=681121"}],"wp:term":[{"taxonomy":"category","embeddable":true,"href":"https:\/\/microscopemedia.com\/index.php?rest_route=%2Fwp%2Fv2%2Fcategories&post=681121"},{"taxonomy":"post_tag","embeddable":true,"href":"https:\/\/microscopemedia.com\/index.php?rest_route=%2Fwp%2Fv2%2Ftags&post=681121"}],"curies":[{"name":"wp","href":"https:\/\/api.w.org\/{rel}","templated":true}]}}