{"id":681129,"date":"2026-03-10T18:46:04","date_gmt":"2026-03-10T18:46:04","guid":{"rendered":"https:\/\/microscopemedia.com\/?p=681129"},"modified":"2026-03-10T18:46:04","modified_gmt":"2026-03-10T18:46:04","slug":"simion-dupa-anuntul-vizitei-lui-zelenski-in-romania-vizita-la-sponsori-sau-stapanul-in-vizita-la-slugi","status":"publish","type":"post","link":"https:\/\/microscopemedia.com\/?p=681129","title":{"rendered":"Simion, dup\u0103 anun\u021bul vizitei lui Zelenski \u00een Rom\u00e2nia: \u201eVizit\u0103 la sponsori\u201d sau \u201est\u0103p\u00e2nul \u00een vizit\u0103 la slugi\u201d?"},"content":{"rendered":"<div><img decoding=\"async\" src=\"https:\/\/microscopemedia.com\/wp-content\/uploads\/2026\/03\/simion-dupa-anuntul-vizitei-lui-zelenski-in-romania-vizita-la-sponsori-sau-stapanul-in-vizita-la-slugi.jpg\" class=\"ff-og-image-inserted\"><\/div>\n<p id=\"p-0\">Reac\u021bia vine dup\u0103 ce surse oficiale au confirmat pentru Mediafax c\u0103 Volodimir Zelenski urmeaz\u0103 s\u0103 efectueze joi, 12 martie, o vizit\u0103 oficial\u0103 \u00een Rom\u00e2nia, unde are programat\u0103 o \u00eentrevedere cu pre\u0219edintele Nicu\u0219or Dan. Programul complet al vizitei nu a fost f\u0103cut public din motive de securitate.<\/p>\n<p id=\"p-1\">Liderul AUR, George Simion, a reac\u021bionat pe Facebook public\u00e2nd mesajul \u201eVrem PACE\u201d, al\u0103turi de drapelul Rom\u00e2niei.<\/p>\n<p id=\"p-2\">\u00centr-un comentariu la aceea\u0219i postare, Simion a scris: \u201e<strong>Vinerea lui Zelenski joi la Bucure\u0219ti este una din dou\u0103: 1. Vizit\u0103 la sponsori 2. Venirea st\u0103p\u00e2nului \u00een vizit\u0103 la slugi. Care crede\u021bi?\u201d<\/strong><\/p>\n<p id=\"p-3\">Vizita ar fi a doua deplasare oficial\u0103 a pre\u0219edintelui ucrainean \u00een Rom\u00e2nia de la declan\u0219area invaziei ruse. Prima a avut loc \u00een octombrie 2023, c\u00e2nd Zelenski a fost primit la Palatul Cotroceni de pre\u0219edintele de atunci, Klaus Iohannis, discu\u021biile fiind axate pe securitatea regional\u0103, sprijinul pentru Ucraina \u0219i cooperarea bilateral\u0103.<\/p>\n<h2 id=\"chapter-0\">Simion, istoric lung cu Zelenski<\/h2>\n<p id=\"p-4\">Zelenski trebuia s\u0103 su\u021bin\u0103 \u00een 2023 \u0219i un discurs \u00een Parlament care a fost anulat din motive de securitate.<\/p>\n<p id=\"p-5\">La momentul respectiv, liderul AUR a ironizat anularea discursului.<\/p>\n<p id=\"p-6\">\u201eCu durere \u00een suflet, anun\u0163\u0103m c\u0103 viteazul pre\u015fedinte ucrainean Volodimir Zelinski nu va mai veni ast\u0103zi \u00een Parlamentul Rom\u00e2niei\u201d, spunea atunci George Simion.<\/p>\n<p data-start=\"1260\" data-end=\"1546\" id=\"p-7\">\u00cen august 2024, Simion declara c\u0103 AUR nu este \u201enici iubitor de Putin, nici iubitor de Zelenski\u201d, ci \u201eiubitor de Rom\u00e2nia\u201d, sus\u021bin\u00e2nd c\u0103 Bucure\u0219tiul a f\u0103cut \u201eprea multe concesii Ucrainei\u201d \u0219i acuz\u00e2nd Kievul de o atitudine \u201edu\u0219m\u0103noas\u0103\u201d fa\u021b\u0103 de Rom\u00e2nia.<\/p>\n<p data-start=\"1548\" data-end=\"2065\" id=\"p-8\">\u00cen noiembrie 2024, Guvernul Rom\u00e2niei a f\u0103cut public un document transmis de Serviciul de Securitate al Ucrainei, potrivit c\u0103ruia interdic\u021bia de intrare a lui George Simion \u00een Ucraina a fost justificat\u0103 prin \u201eactivit\u0103\u021bi anti-ucrainene sistematice\u201d, prin declara\u021bii care ar discredita Ucraina \u0219i ar nega legitimitatea frontierei sale. Simion a respins acuza\u021biile \u0219i a sus\u021binut c\u0103 sanc\u021biunea este legat\u0103 de activitatea sa \u201epro-rom\u00e2neasc\u0103\u201d \u00een ap\u0103rarea minorit\u0103\u021bii rom\u00e2ne din Ucraina.<\/p>\n<p data-start=\"2067\" data-end=\"2415\" id=\"p-9\">Mai recent, \u00een campania preziden\u021bial\u0103 din 2025, Simion a revenit la aceea\u0219i linie, spun\u00e2nd c\u0103 pozi\u021bia sa fa\u021b\u0103 de r\u0103zboiul din Ucraina este \u201eneutralitatea, nu escaladarea\u201d, c\u0103 Rom\u00e2nia \u201enu va mai da niciun leu pentru alt\u0103 \u021bar\u0103\u201d \u0219i c\u0103 Ucraina ar trebui s\u0103 ofere compensa\u021bii pentru ajutorul primit de la Bucure\u0219ti.<\/p>\n<p id=\"p-10\">&nbsp;<\/p>\n","protected":false},"excerpt":{"rendered":"<p>Reac\u021bia vine dup\u0103 ce surse oficiale au confirmat pentru Mediafax c\u0103 Volodimir Zelenski urmeaz\u0103 s\u0103 efectueze joi, 12 martie, o vizit\u0103 oficial\u0103 \u00een Rom\u00e2nia, unde are programat\u0103 o \u00eentrevedere cu &hellip; <a href=\"https:\/\/microscopemedia.com\/?p=681129\" class=\"more-link\">Read More<\/a><\/p>\n","protected":false},"author":1,"featured_media":681130,"comment_status":"closed","ping_status":"closed","sticky":false,"template":"Default","format":"standard","meta":[],"categories":[1],"tags":[],"_links":{"self":[{"href":"https:\/\/microscopemedia.com\/index.php?rest_route=\/wp\/v2\/posts\/681129"}],"collection":[{"href":"https:\/\/microscopemedia.com\/index.php?rest_route=\/wp\/v2\/posts"}],"about":[{"href":"https:\/\/microscopemedia.com\/index.php?rest_route=\/wp\/v2\/types\/post"}],"author":[{"embeddable":true,"href":"https:\/\/microscopemedia.com\/index.php?rest_route=\/wp\/v2\/users\/1"}],"replies":[{"embeddable":true,"href":"https:\/\/microscopemedia.com\/index.php?rest_route=%2Fwp%2Fv2%2Fcomments&post=681129"}],"version-history":[{"count":0,"href":"https:\/\/microscopemedia.com\/index.php?rest_route=\/wp\/v2\/posts\/681129\/revisions"}],"wp:featuredmedia":[{"embeddable":true,"href":"https:\/\/microscopemedia.com\/index.php?rest_route=\/wp\/v2\/media\/681130"}],"wp:attachment":[{"href":"https:\/\/microscopemedia.com\/index.php?rest_route=%2Fwp%2Fv2%2Fmedia&parent=681129"}],"wp:term":[{"taxonomy":"category","embeddable":true,"href":"https:\/\/microscopemedia.com\/index.php?rest_route=%2Fwp%2Fv2%2Fcategories&post=681129"},{"taxonomy":"post_tag","embeddable":true,"href":"https:\/\/microscopemedia.com\/index.php?rest_route=%2Fwp%2Fv2%2Ftags&post=681129"}],"curies":[{"name":"wp","href":"https:\/\/api.w.org\/{rel}","templated":true}]}}