{"id":681135,"date":"2026-03-10T19:26:03","date_gmt":"2026-03-10T19:26:03","guid":{"rendered":"https:\/\/microscopemedia.com\/?p=681135"},"modified":"2026-03-10T19:26:03","modified_gmt":"2026-03-10T19:26:03","slug":"pompierii-nu-au-reusit-sa-l-gaseasca-pe-tanarul-de-18-ani-inecat-in-canalul-de-fuga-al-bistritei","status":"publish","type":"post","link":"https:\/\/microscopemedia.com\/?p=681135","title":{"rendered":"Pompierii nu au reu\u0219it s\u0103-l g\u0103seasc\u0103 pe t\u00e2n\u0103rul de 18 ani, \u00eenecat \u00een canalul de fug\u0103 al Bistri\u021bei"},"content":{"rendered":"<p id=\"p-0\"><em>\u201e\u00cen aceast\u0103 dup\u0103-amiaz\u0103, \u00een jurul orei 16:10, prin apel la 112 a fost sesizat faptul c\u0103 o persoan\u0103 ar fi c\u0103zut \u00een canalul de fug\u0103 al Bistri\u021bei, \u00een aval de Barajul Reconstruc\u021bia. Din informa\u021biile transmise de apelant ar fi vorba de un b\u0103iat de 18 ani\u201d,<\/em> informeaz\u0103 ISU Neam\u021b.<\/p>\n<div class=\"single__inline-gallery color-white mg-bottom-20 bg-black padding-5 md:rounded-10\">\n<div class=\"md:rounded-5 display-grid xs:grid-cols-2 grid-cols-3 gap-5\">\n<div class=\"single__inline-gallery-image relative column-span-2 row-span-2\">\n                <a href=\"https:\/\/www.mediafax.ro\/poze\/pompierii-nu-au-reusit-sa-l-gaseasca-pe-tanarul-de-18-ani-inecat-in-canalul-de-fuga-al-bistritei-23700581\"><br \/>\n                    <img decoding=\"async\" loading=\"lazy\" src=\"https:\/\/microscopemedia.com\/wp-content\/uploads\/2026\/03\/pompierii-nu-au-reusit-sa-l-gaseasca-pe-tanarul-de-18-ani-inecat-in-canalul-de-fuga-al-bistritei.jpg\" width=\"700\" height=\"450\"><br \/>\n                <\/a>\n                            <\/div>\n<div class=\"single__inline-gallery-image relative \">\n                <a href=\"https:\/\/www.mediafax.ro\/poze\/pompierii-nu-au-reusit-sa-l-gaseasca-pe-tanarul-de-18-ani-inecat-in-canalul-de-fuga-al-bistritei-23700581\"><br \/>\n                    <img decoding=\"async\" loading=\"lazy\" src=\"https:\/\/microscopemedia.com\/wp-content\/uploads\/2026\/03\/pompierii-nu-au-reusit-sa-l-gaseasca-pe-tanarul-de-18-ani-inecat-in-canalul-de-fuga-al-bistritei-1.jpg\" width=\"700\" height=\"450\"><br \/>\n                <\/a>\n                            <\/div>\n<\/p><\/div>\n<\/p><\/div>\n<p id=\"p-1\">Pompieri, dar \u0219i poli\u021bi\u0219tii, l-au c\u0103utat pe t\u00e2n\u0103r cu barca. <em>\u201eCu ajutorul b\u0103rcii \u0219i accesoriilor specifice, pompierii au ac\u021bionat pentru c\u0103utarea persoanei. P\u00e2n\u0103 la l\u0103sarea \u00eentunericului, din p\u0103cate persoana nu a fost g\u0103sit\u0103\u201d<\/em>, potrivit ISU Neam\u021b.<\/p>\n<p id=\"p-2\">C\u0103ut\u0103rile vor fi reluate miercuri, c\u00e2nd va interveni \u0219i echipa de scafandri pentru a c\u0103uta trupul t\u00e2n\u0103rului.<\/p>\n<p id=\"p-3\"><em>\u201eC\u0103ut\u0103rile vor fi reluate m\u00e2ine, c\u00e2nd va ac\u021biona \u0219i echipa de scafandri din cadrul ISU Neam\u021b. <\/em><br \/><em>Hidroelectrica va opri uzinarea, m\u00e2ine, \u00een intervalul orar 10:00-15:00, pentru a facilita interven\u021bia echipajelor din cadrul ISU\u201d<\/em>, potrivit pompierilor.<\/p>\n","protected":false},"excerpt":{"rendered":"<p>\u201e\u00cen aceast\u0103 dup\u0103-amiaz\u0103, \u00een jurul orei 16:10, prin apel la 112 a fost sesizat faptul c\u0103 o persoan\u0103 ar fi c\u0103zut \u00een canalul de fug\u0103 al Bistri\u021bei, \u00een aval de &hellip; <a href=\"https:\/\/microscopemedia.com\/?p=681135\" class=\"more-link\">Read More<\/a><\/p>\n","protected":false},"author":1,"featured_media":681136,"comment_status":"closed","ping_status":"closed","sticky":false,"template":"Default","format":"standard","meta":[],"categories":[1],"tags":[],"_links":{"self":[{"href":"https:\/\/microscopemedia.com\/index.php?rest_route=\/wp\/v2\/posts\/681135"}],"collection":[{"href":"https:\/\/microscopemedia.com\/index.php?rest_route=\/wp\/v2\/posts"}],"about":[{"href":"https:\/\/microscopemedia.com\/index.php?rest_route=\/wp\/v2\/types\/post"}],"author":[{"embeddable":true,"href":"https:\/\/microscopemedia.com\/index.php?rest_route=\/wp\/v2\/users\/1"}],"replies":[{"embeddable":true,"href":"https:\/\/microscopemedia.com\/index.php?rest_route=%2Fwp%2Fv2%2Fcomments&post=681135"}],"version-history":[{"count":0,"href":"https:\/\/microscopemedia.com\/index.php?rest_route=\/wp\/v2\/posts\/681135\/revisions"}],"wp:featuredmedia":[{"embeddable":true,"href":"https:\/\/microscopemedia.com\/index.php?rest_route=\/wp\/v2\/media\/681136"}],"wp:attachment":[{"href":"https:\/\/microscopemedia.com\/index.php?rest_route=%2Fwp%2Fv2%2Fmedia&parent=681135"}],"wp:term":[{"taxonomy":"category","embeddable":true,"href":"https:\/\/microscopemedia.com\/index.php?rest_route=%2Fwp%2Fv2%2Fcategories&post=681135"},{"taxonomy":"post_tag","embeddable":true,"href":"https:\/\/microscopemedia.com\/index.php?rest_route=%2Fwp%2Fv2%2Ftags&post=681135"}],"curies":[{"name":"wp","href":"https:\/\/api.w.org\/{rel}","templated":true}]}}