{"id":681145,"date":"2026-03-10T20:26:04","date_gmt":"2026-03-10T20:26:04","guid":{"rendered":"https:\/\/microscopemedia.com\/?p=681145"},"modified":"2026-03-10T20:26:04","modified_gmt":"2026-03-10T20:26:04","slug":"tanar-capitan-pilot-militar-a-murit-in-timp-ce-incerca-sa-salveze-un-caine","status":"publish","type":"post","link":"https:\/\/microscopemedia.com\/?p=681145","title":{"rendered":"T\u00e2n\u0103r c\u0103pitan pilot militar a murit \u00een timp ce \u00eencerca s\u0103 salveze un c\u00e2ine"},"content":{"rendered":"<p id=\"p-0\">Potrivit informa\u021biilor transmise de Ministerul Ap\u0103r\u0103rii Na\u021bionale, c\u0103pitanul <strong>Palferen\u021b Octavian<\/strong>, pilot militar al Bazei 71 Aerian\u0103 \u201e<em><strong>General Emanoil Ionescu<\/strong><\/em>\u201d, a murit mar\u021bi, 10 martie, \u00een jurul orei 17:30.<\/p>\n<p id=\"p-1\">Incidentul s-a produs \u00een incinta Bazei 86 Aerian\u0103 \u201eLocotenent Aviator Gheorghe Mociorni\u021b\u0103\u201d, acolo unde militarul se afla \u00een misiune.<\/p>\n<p id=\"p-2\">Conform datelor preliminare comunicate de autorit\u0103\u021bi, ofi\u021berul a intervenit pentru a salva un c\u00e2ine care c\u0103zuse \u00eentr-un bazin de ap\u0103 din interiorul unit\u0103\u021bii militare.<\/p>\n<div id=\"attachment_23700648\" class=\"wp-caption alignnone\" readability=\"32\"><img aria-describedby=\"caption-attachment-23700648\" class=\"wp-image-23700648 size-full\" src=\"https:\/\/microscopemedia.com\/wp-content\/uploads\/2026\/03\/tanar-capitan-pilot-militar-a-murit-in-timp-ce-incerca-sa-salveze-un-caine.webp\" alt width=\"700\" height=\"933\" loading=\"lazy\" decoding=\"async\" srcset=\"https:\/\/microscopemedia.com\/wp-content\/uploads\/2026\/03\/tanar-capitan-pilot-militar-a-murit-in-timp-ce-incerca-sa-salveze-un-caine-1.webp 500w, https:\/\/microscopemedia.com\/wp-content\/uploads\/2026\/03\/tanar-capitan-pilot-militar-a-murit-in-timp-ce-incerca-sa-salveze-un-caine.webp 728w\"><\/p>\n<p id=\"caption-attachment-23700648\" class=\"wp-caption-text\">Sursa foto: Facebook Armata Rom\u00e2niei<\/p>\n<\/div>\n<h2 id=\"chapter-0\">Interven\u021bia a fost urmat\u0103 de o tragedie<\/h2>\n<p id=\"p-3\">Militarul a fost scos din ap\u0103 de un coleg aflat \u00een apropiere. Imediat dup\u0103 incident, personalul bazei a \u00eenceput manevrele de prim-ajutor, p\u00e2n\u0103 la sosirea echipajului Serviciului de Urgen\u021b\u0103.<\/p>\n<p id=\"p-4\"><strong>\u201ePotrivit datelor preliminare, ofi\u021berul a intervenit pentru salvarea unui c\u00e2ine c\u0103zut \u00eentr-un bazin de ap\u0103 din incinta unit\u0103\u021bii. Militarul a fost scos din ap\u0103 de un coleg aflat \u00een apropiere, fiind ini\u021biate imediat manevrele de prim-ajutor de c\u0103tre personalul bazei, p\u00e2n\u0103 la sosirea echipajului Serviciului de Urgen\u021b\u0103.\u201d<\/strong><\/p>\n<p id=\"p-5\">Din p\u0103cate, \u00een ciuda eforturilor depuse de echipele de interven\u021bie, via\u021ba pilotului nu a mai putut fi salvat\u0103.<\/p>\n<p id=\"p-6\">C\u0103pitanul Palferen\u021b Octavian avea 30 de ani \u0219i era pilot militar al Bazei 71 Aerian\u0103 \u201eGeneral Emanoil Ionescu\u201d. Potrivit informa\u021biilor oficiale, acesta era c\u0103s\u0103torit \u0219i nu avea copii. Autorit\u0103\u021bile au anun\u021bat c\u0103 a fost deschis\u0103 o anchet\u0103 pentru a stabili toate circumstan\u021bele \u00een care s-a produs tragedia.<\/p>\n<p id=\"p-7\">\u201eCazul este cercetat de organele judiciare competente, pentru clarificarea tuturor circumstan\u021belor producerii acestui eveniment\u201d, se arat\u0103 \u00een comunicatul transmis de Avia\u021ba Rom\u00e2n\u0103.<\/p>\n<h2 id=\"chapter-1\">Mesajul transmis de conducerea Armatei<\/h2>\n<p id=\"p-8\">Ministerul Ap\u0103r\u0103rii Na\u021bionale, Statul Major al For\u021belor Aeriene \u0219i personalul unit\u0103\u021bilor militare implicate au transmis un mesaj de condolean\u021be dup\u0103 moartea pilotului.<\/p>\n<p id=\"p-9\">\u201eConducerea Ministerului Ap\u0103r\u0103rii Na\u021bionale, Statul Major al For\u021belor Aeriene \u0219i personalul unit\u0103\u021bilor militare implicate \u00ee\u0219i exprim\u0103 profundul regret pentru pierderea suferit\u0103 \u0219i transmit sincere condolean\u021be familiei \u00eendoliate. Dumnezeu s\u0103-l odihneasc\u0103 \u00een pace\u201d, au&nbsp; transmis ace\u0219tia.<\/p>\n","protected":false},"excerpt":{"rendered":"<p>Potrivit informa\u021biilor transmise de Ministerul Ap\u0103r\u0103rii Na\u021bionale, c\u0103pitanul Palferen\u021b Octavian, pilot militar al Bazei 71 Aerian\u0103 \u201eGeneral Emanoil Ionescu\u201d, a murit mar\u021bi, 10 martie, \u00een jurul orei 17:30. Incidentul s-a &hellip; <a href=\"https:\/\/microscopemedia.com\/?p=681145\" class=\"more-link\">Read More<\/a><\/p>\n","protected":false},"author":1,"featured_media":681146,"comment_status":"closed","ping_status":"closed","sticky":false,"template":"Default","format":"standard","meta":[],"categories":[1],"tags":[],"_links":{"self":[{"href":"https:\/\/microscopemedia.com\/index.php?rest_route=\/wp\/v2\/posts\/681145"}],"collection":[{"href":"https:\/\/microscopemedia.com\/index.php?rest_route=\/wp\/v2\/posts"}],"about":[{"href":"https:\/\/microscopemedia.com\/index.php?rest_route=\/wp\/v2\/types\/post"}],"author":[{"embeddable":true,"href":"https:\/\/microscopemedia.com\/index.php?rest_route=\/wp\/v2\/users\/1"}],"replies":[{"embeddable":true,"href":"https:\/\/microscopemedia.com\/index.php?rest_route=%2Fwp%2Fv2%2Fcomments&post=681145"}],"version-history":[{"count":0,"href":"https:\/\/microscopemedia.com\/index.php?rest_route=\/wp\/v2\/posts\/681145\/revisions"}],"wp:featuredmedia":[{"embeddable":true,"href":"https:\/\/microscopemedia.com\/index.php?rest_route=\/wp\/v2\/media\/681146"}],"wp:attachment":[{"href":"https:\/\/microscopemedia.com\/index.php?rest_route=%2Fwp%2Fv2%2Fmedia&parent=681145"}],"wp:term":[{"taxonomy":"category","embeddable":true,"href":"https:\/\/microscopemedia.com\/index.php?rest_route=%2Fwp%2Fv2%2Fcategories&post=681145"},{"taxonomy":"post_tag","embeddable":true,"href":"https:\/\/microscopemedia.com\/index.php?rest_route=%2Fwp%2Fv2%2Ftags&post=681145"}],"curies":[{"name":"wp","href":"https:\/\/api.w.org\/{rel}","templated":true}]}}