{"id":681147,"date":"2026-03-10T20:36:04","date_gmt":"2026-03-10T20:36:04","guid":{"rendered":"https:\/\/microscopemedia.com\/?p=681147"},"modified":"2026-03-10T20:36:04","modified_gmt":"2026-03-10T20:36:04","slug":"premierul-ilie-bolojan-a-discutat-cu-conducerea-schwarz-group-despre-investitii-in-productia-alimentara-si-digitalizare","status":"publish","type":"post","link":"https:\/\/microscopemedia.com\/?p=681147","title":{"rendered":"Premierul Ilie Bolojan a discutat cu conducerea Schwarz Group despre investi\u021bii \u00een produc\u021bia alimentar\u0103 \u0219i digitalizare"},"content":{"rendered":"<div><img decoding=\"async\" src=\"https:\/\/microscopemedia.com\/wp-content\/uploads\/2026\/03\/premierul-ilie-bolojan-a-discutat-cu-conducerea-schwarz-group-despre-investitii-in-productia-alimentara-si-digitalizare.jpg\" class=\"ff-og-image-inserted\"><\/div>\n<p id=\"p-0\">Potrivit Guvernului, \u0219eful Executivului a subliniat c\u0103 pachetul de stimulare economic\u0103 promovat de autorit\u0103\u021bi include mai multe mecanisme de sprijin pentru investi\u021bii, printre care credite garantate de stat, scheme de ajutor de stat \u0219i alte facilit\u0103\u021bi acordate \u00een conformitate cu normele europene.<\/p>\n<p id=\"p-1\">Aceste instrumente sunt menite s\u0103 sprijine dezvoltarea capacit\u0103\u021bilor de produc\u021bie din sectorul alimentar.<\/p>\n<h2 id=\"chapter-0\">\u201eGuvernul este deschis s\u0103 sprijine companiile rom\u00e2ne\u0219ti\u201d<\/h2>\n<p id=\"p-2\">\u00cen cadrul discu\u021biilor a fost abordat\u0103 \u0219i posibilitatea extinderii prezen\u021bei produc\u0103torilor rom\u00e2ni pe pie\u021bele externe.<\/p>\n<p id=\"p-3\"><a href=\"https:\/\/www.mediafax.ro\/economic\/reducerea-deficitului-comercial-ilie-bolojan-ar-fi-discutat-cu-ceo-ul-schwarz-group-despre-investitii-si-fabrici-in-romania-23700489\">Premierul Ilie Bolojan<\/a> a afirmat c\u0103 Guvernul este deschis s\u0103 sprijine companiile rom\u00e2ne\u0219ti competitive s\u0103 \u00ee\u0219i dezvolte capacit\u0103\u021bile de produc\u021bie \u0219i s\u0103 ating\u0103 standardele necesare pentru export. \u00cen acela\u0219i timp, el a subliniat importan\u021ba colabor\u0103rii cu mari companii interna\u021bionale pentru dezvoltarea sectorului.<\/p>\n<p id=\"p-4\">\u201eGuvernul are toat\u0103 deschiderea s\u0103 sprijine produc\u0103torii rom\u00e2ni competitivi s\u0103-\u0219i creasc\u0103 capacitatea de produc\u021bie \u0219i s\u0103 ajung\u0103 la standardele cerute de pie\u021bele externe, \u00eens\u0103 colaborarea cu companii interna\u021bionale de anvergur\u0103 le va schimba puternic abordarea\u201d, a declarat premierul.<\/p>\n<h2 id=\"chapter-1\">Oportunit\u0103\u021bile de colaborare \u00een domeniul digital<\/h2>\n<p id=\"p-5\">Pe agenda discu\u021biilor s-au aflat \u0219i oportunit\u0103\u021bile de colaborare \u00een domeniul digital, inclusiv investi\u021biile \u00een digitalizare, integrarea sistemelor digitale \u0219i securitatea cibernetic\u0103, domenii pe care Guvernul le consider\u0103 esen\u021biale pentru func\u021bionarea economiei.<\/p>\n<p id=\"p-6\">Premierul a mul\u021bumit reprezentan\u021bilor Schwarz Group pentru investi\u021biile realizate p\u00e2n\u0103 \u00een prezent \u00een Rom\u00e2nia \u0219i a subliniat c\u0103 economia rom\u00e2neasc\u0103 ofer\u0103 oportunit\u0103\u021bi pentru dezvoltarea unor noi proiecte pe pia\u021ba local\u0103.<\/p>\n<p id=\"p-7\">La \u00eent\u00e2lnirea de la Palatul Victoria au participat, din partea Guvernului, vicepremierul Marian Neac\u0219u, \u0219eful Cancelariei prim-ministrului Mihai Jurca \u0219i consilierul de stat Raul Gutin.<\/p>\n<p id=\"p-8\">Din partea companiei au fost prezen\u021bi CEO-ul Schwarz Group, Gerd Chrzanowski, \u0219i Christian Groh.<\/p>\n","protected":false},"excerpt":{"rendered":"<p>Potrivit Guvernului, \u0219eful Executivului a subliniat c\u0103 pachetul de stimulare economic\u0103 promovat de autorit\u0103\u021bi include mai multe mecanisme de sprijin pentru investi\u021bii, printre care credite garantate de stat, scheme de &hellip; <a href=\"https:\/\/microscopemedia.com\/?p=681147\" class=\"more-link\">Read More<\/a><\/p>\n","protected":false},"author":1,"featured_media":681148,"comment_status":"closed","ping_status":"closed","sticky":false,"template":"Default","format":"standard","meta":[],"categories":[1],"tags":[],"_links":{"self":[{"href":"https:\/\/microscopemedia.com\/index.php?rest_route=\/wp\/v2\/posts\/681147"}],"collection":[{"href":"https:\/\/microscopemedia.com\/index.php?rest_route=\/wp\/v2\/posts"}],"about":[{"href":"https:\/\/microscopemedia.com\/index.php?rest_route=\/wp\/v2\/types\/post"}],"author":[{"embeddable":true,"href":"https:\/\/microscopemedia.com\/index.php?rest_route=\/wp\/v2\/users\/1"}],"replies":[{"embeddable":true,"href":"https:\/\/microscopemedia.com\/index.php?rest_route=%2Fwp%2Fv2%2Fcomments&post=681147"}],"version-history":[{"count":0,"href":"https:\/\/microscopemedia.com\/index.php?rest_route=\/wp\/v2\/posts\/681147\/revisions"}],"wp:featuredmedia":[{"embeddable":true,"href":"https:\/\/microscopemedia.com\/index.php?rest_route=\/wp\/v2\/media\/681148"}],"wp:attachment":[{"href":"https:\/\/microscopemedia.com\/index.php?rest_route=%2Fwp%2Fv2%2Fmedia&parent=681147"}],"wp:term":[{"taxonomy":"category","embeddable":true,"href":"https:\/\/microscopemedia.com\/index.php?rest_route=%2Fwp%2Fv2%2Fcategories&post=681147"},{"taxonomy":"post_tag","embeddable":true,"href":"https:\/\/microscopemedia.com\/index.php?rest_route=%2Fwp%2Fv2%2Ftags&post=681147"}],"curies":[{"name":"wp","href":"https:\/\/api.w.org\/{rel}","templated":true}]}}