{"id":681151,"date":"2026-03-10T20:56:04","date_gmt":"2026-03-10T20:56:04","guid":{"rendered":"https:\/\/microscopemedia.com\/?p=681151"},"modified":"2026-03-10T20:56:04","modified_gmt":"2026-03-10T20:56:04","slug":"discutii-la-ministerul-sanatatii-despre-politele-de-asigurare-profesionala-pentru-rezidenti","status":"publish","type":"post","link":"https:\/\/microscopemedia.com\/?p=681151","title":{"rendered":"Discu\u021bii la Ministerul S\u0103n\u0103t\u0103\u021bii despre poli\u021bele de asigurare profesional\u0103 pentru reziden\u021bi"},"content":{"rendered":"<div><img decoding=\"async\" src=\"https:\/\/microscopemedia.com\/wp-content\/uploads\/2026\/03\/discutii-la-ministerul-sanatatii-despre-politele-de-asigurare-profesionala-pentru-rezidenti.jpg\" class=\"ff-og-image-inserted\"><\/div>\n<p id=\"p-0\">\u201e\u00cen Rom\u00e2nia sunt ast\u0103zi peste 22.000 de medici reziden\u021bi \u2013 tineri afla\u021bi \u00een formare, care lucreaz\u0103 zi de zi \u00een spitale \u0219i care trebuie s\u0103 \u00ee\u0219i poat\u0103 exercita profesia \u00eentr-un cadru clar, predictibil \u0219i corect. Discu\u021bia noastr\u0103 s-a concentrat pe clarificarea cadrului legislativ privind poli\u021bele de asigurare profesional\u0103 \u0219i pe modul \u00een care putem construi un sistem coerent care s\u0103 ofere protec\u021bie at\u00e2t personalului medical, c\u00e2t \u0219i pacien\u021bilor\u201d, sus\u021bine Alexandru Rogobete, dup\u0103 \u00eent\u00e2lnirea de mar\u021bi cu reprezentan\u021bii Uniunii Na\u021bionale a Societ\u0103\u021bilor de Asigurare \u0219i Reasigurare \u0219i cu C\u0103t\u0103lina Poian\u0103, pre\u0219edinta CMR.<\/p>\n<p id=\"p-1\">Ministrul S\u0103n\u0103t\u0103\u021bii sus\u021bine c\u0103 actul medical trebuie s\u0103 se desf\u0103\u0219oare \u00eentr-un mediu sigur, \u00een care responsabilit\u0103\u021bile sunt clar definite, iar mecanismele de protec\u021bie func\u021bioneaz\u0103 corect.<\/p>\n<p id=\"p-2\">\u201eAm analizat \u00eempreun\u0103 pa\u0219ii necesari pentru a avea reguli mai clare privind asigurarea profesional\u0103 \u0219i statutul reziden\u021bilor \u00een raport cu Colegiul Medicilor din Rom\u00e2nia\u201d, arat\u0103 Rogobete.<\/p>\n<p id=\"p-3\">El spune c\u0103 discu\u021bia a fost despre \u201ecum ne asigur\u0103m c\u0103 personalul medical este protejat \u00een exercitarea profesiei, iar pacien\u021bii beneficiaz\u0103 de siguran\u021b\u0103 \u0219i responsabilitate \u00een actul medical. \u201eLa \u00eenceput de carier\u0103, claritatea regulilor conteaz\u0103. Medicii reziden\u021bi trebuie s\u0103 \u0219tie c\u0103 profesia pe care o aleg are un cadru corect \u0219i previzibil \u00eenc\u0103 din primii ani de practic\u0103\u201d.<\/p>\n","protected":false},"excerpt":{"rendered":"<p>\u201e\u00cen Rom\u00e2nia sunt ast\u0103zi peste 22.000 de medici reziden\u021bi \u2013 tineri afla\u021bi \u00een formare, care lucreaz\u0103 zi de zi \u00een spitale \u0219i care trebuie s\u0103 \u00ee\u0219i poat\u0103 exercita profesia \u00eentr-un &hellip; <a href=\"https:\/\/microscopemedia.com\/?p=681151\" class=\"more-link\">Read More<\/a><\/p>\n","protected":false},"author":1,"featured_media":681152,"comment_status":"closed","ping_status":"closed","sticky":false,"template":"Default","format":"standard","meta":[],"categories":[1],"tags":[],"_links":{"self":[{"href":"https:\/\/microscopemedia.com\/index.php?rest_route=\/wp\/v2\/posts\/681151"}],"collection":[{"href":"https:\/\/microscopemedia.com\/index.php?rest_route=\/wp\/v2\/posts"}],"about":[{"href":"https:\/\/microscopemedia.com\/index.php?rest_route=\/wp\/v2\/types\/post"}],"author":[{"embeddable":true,"href":"https:\/\/microscopemedia.com\/index.php?rest_route=\/wp\/v2\/users\/1"}],"replies":[{"embeddable":true,"href":"https:\/\/microscopemedia.com\/index.php?rest_route=%2Fwp%2Fv2%2Fcomments&post=681151"}],"version-history":[{"count":0,"href":"https:\/\/microscopemedia.com\/index.php?rest_route=\/wp\/v2\/posts\/681151\/revisions"}],"wp:featuredmedia":[{"embeddable":true,"href":"https:\/\/microscopemedia.com\/index.php?rest_route=\/wp\/v2\/media\/681152"}],"wp:attachment":[{"href":"https:\/\/microscopemedia.com\/index.php?rest_route=%2Fwp%2Fv2%2Fmedia&parent=681151"}],"wp:term":[{"taxonomy":"category","embeddable":true,"href":"https:\/\/microscopemedia.com\/index.php?rest_route=%2Fwp%2Fv2%2Fcategories&post=681151"},{"taxonomy":"post_tag","embeddable":true,"href":"https:\/\/microscopemedia.com\/index.php?rest_route=%2Fwp%2Fv2%2Ftags&post=681151"}],"curies":[{"name":"wp","href":"https:\/\/api.w.org\/{rel}","templated":true}]}}