{"id":681159,"date":"2026-03-10T21:56:04","date_gmt":"2026-03-10T21:56:04","guid":{"rendered":"https:\/\/microscopemedia.com\/?p=681159"},"modified":"2026-03-10T21:56:04","modified_gmt":"2026-03-10T21:56:04","slug":"anm-cod-galben-de-ceata-pe-litoral-si-vant-puternic-in-sud-vestul-tarii","status":"publish","type":"post","link":"https:\/\/microscopemedia.com\/?p=681159","title":{"rendered":"ANM: Cod galben de cea\u021b\u0103 pe litoral \u0219i v\u00e2nt puternic \u00een sud-vestul \u021b\u0103rii"},"content":{"rendered":"<div><img decoding=\"async\" src=\"https:\/\/microscopemedia.com\/wp-content\/uploads\/2026\/03\/anm-cod-galben-de-ceata-pe-litoral-si-vant-puternic-in-sud-vestul-tarii.png\" class=\"ff-og-image-inserted\"><\/div>\n<p id=\"p-0\"><span>Potrivit aten\u021bion\u0103rilor emise de meteorologi, at\u00e2t jude\u021bul Constan\u021ba, c\u00e2t \u0219i jude\u021bul Tulcea se vor afla sub cod galben de cea\u021b\u0103 p\u00e2n\u0103 miercuri la ora 03:00. <\/span><\/p>\n<p id=\"p-1\"><span>\u00cen urma fenomenului, vizibilitatea va fi redus\u0103 la mai pu\u021bin de 200 de metri&nbsp; \u0219i, izolat, sub 50 de metri.<\/span><\/p>\n<p id=\"p-2\"><span>De asemenea, o alt\u0103 avertizare cod galben vizeaz\u0103 jude\u021bul Cara\u0219-Severin, unde sunt prognozate intensific\u0103ri ale v\u00e2ntului cu rafale de p\u00e2n\u0103 la 70 de km\/h.&nbsp;<\/span><\/p>\n<p id=\"p-3\"><span>Aten\u021bionarea va fi \u00een vigoare p\u00e2n\u0103 miercuri la ora 03:00 \u0219i va afecta localit\u0103\u021bile: Moldova Nou\u0103, Oravi\u021ba, Pojejena, Berzasca, Sichevi\u021ba, R\u0103c\u0103\u0219dia, Gr\u0103dinari, Sasca Montan\u0103, L\u0103pu\u0219nicu Mare, Dalbo\u0219e\u021b, Coronini, Ciclova Rom\u00e2n\u0103, G\u00e2rnic, \u0218opotu Nou, V\u0103r\u0103dia, Socol, Berli\u0219te, C\u0103rbunari, Naid\u0103\u0219, Vrani \u0219i Ciuchici.&nbsp;<\/span><\/p>\n","protected":false},"excerpt":{"rendered":"<p>Potrivit aten\u021bion\u0103rilor emise de meteorologi, at\u00e2t jude\u021bul Constan\u021ba, c\u00e2t \u0219i jude\u021bul Tulcea se vor afla sub cod galben de cea\u021b\u0103 p\u00e2n\u0103 miercuri la ora 03:00. \u00cen urma fenomenului, vizibilitatea va &hellip; <a href=\"https:\/\/microscopemedia.com\/?p=681159\" class=\"more-link\">Read More<\/a><\/p>\n","protected":false},"author":1,"featured_media":681160,"comment_status":"closed","ping_status":"closed","sticky":false,"template":"Default","format":"standard","meta":[],"categories":[1],"tags":[],"_links":{"self":[{"href":"https:\/\/microscopemedia.com\/index.php?rest_route=\/wp\/v2\/posts\/681159"}],"collection":[{"href":"https:\/\/microscopemedia.com\/index.php?rest_route=\/wp\/v2\/posts"}],"about":[{"href":"https:\/\/microscopemedia.com\/index.php?rest_route=\/wp\/v2\/types\/post"}],"author":[{"embeddable":true,"href":"https:\/\/microscopemedia.com\/index.php?rest_route=\/wp\/v2\/users\/1"}],"replies":[{"embeddable":true,"href":"https:\/\/microscopemedia.com\/index.php?rest_route=%2Fwp%2Fv2%2Fcomments&post=681159"}],"version-history":[{"count":0,"href":"https:\/\/microscopemedia.com\/index.php?rest_route=\/wp\/v2\/posts\/681159\/revisions"}],"wp:featuredmedia":[{"embeddable":true,"href":"https:\/\/microscopemedia.com\/index.php?rest_route=\/wp\/v2\/media\/681160"}],"wp:attachment":[{"href":"https:\/\/microscopemedia.com\/index.php?rest_route=%2Fwp%2Fv2%2Fmedia&parent=681159"}],"wp:term":[{"taxonomy":"category","embeddable":true,"href":"https:\/\/microscopemedia.com\/index.php?rest_route=%2Fwp%2Fv2%2Fcategories&post=681159"},{"taxonomy":"post_tag","embeddable":true,"href":"https:\/\/microscopemedia.com\/index.php?rest_route=%2Fwp%2Fv2%2Ftags&post=681159"}],"curies":[{"name":"wp","href":"https:\/\/api.w.org\/{rel}","templated":true}]}}