{"id":681161,"date":"2026-03-10T22:16:03","date_gmt":"2026-03-10T22:16:03","guid":{"rendered":"https:\/\/microscopemedia.com\/?p=681161"},"modified":"2026-03-10T22:16:03","modified_gmt":"2026-03-10T22:16:03","slug":"aproape-o-treime-dintre-americani-cred-ca-lumea-se-va-sfarsi-in-timpul-vietii-lor","status":"publish","type":"post","link":"https:\/\/microscopemedia.com\/?p=681161","title":{"rendered":"Aproape o treime dintre americani cred c\u0103 lumea se va sf\u00e2r\u0219i \u00een timpul vie\u021bii lor"},"content":{"rendered":"<div><img decoding=\"async\" src=\"https:\/\/microscopemedia.com\/wp-content\/uploads\/2026\/03\/aproape-o-treime-dintre-americani-cred-ca-lumea-se-va-sfarsi-in-timpul-vietii-lor.jpg\" class=\"ff-og-image-inserted\"><\/div>\n<p id=\"p-0\"><span><strong><a href=\"https:\/\/www.iflscience.com\/nearly-a-third-of-americans-believe-that-the-world-will-end-in-their-lifetime-82794\">Rezultatele sunt<\/a> <\/strong><\/span>aproape \u0219ocante: aproape o treime dintre oamenii care locuiesc \u00een SUA \u0219i Canada cred c\u0103 lumea se va sf\u00e2r\u0219i \u00een timpul vie\u021bii lor.<\/p>\n<p id=\"p-1\"><span><strong><a href=\"https:\/\/psycnet.apa.org\/record\/2027-36275-001?doi=1\">Conform noilor cercet\u0103ri publicate \u00een Jurnalul de Personalitate \u0219i Psihologie Social\u0103 <\/a><\/strong><\/span>acest lucru ar putea afecta modul \u00een care ace\u0219ti oameni percep provoc\u0103rile cu care se confrunt\u0103 societatea, de\u0219i acest lucru depinde foarte mult de tipul de apocalips\u0103 pe care \u0219i-l imagineaz\u0103 individul.<\/p>\n<p id=\"p-2\">De-a lungul istoriei, au existat&nbsp;<strong><span><a href=\"https:\/\/www.iflscience.com\/isaac-newtons-apocalypse-calculations-predicted-a-world-changing-event-in-2060-81083\">o mul\u021bime de oameni<\/a>&nbsp;<\/span><\/strong>care au crezut c\u0103 tr\u0103iesc sf\u00e2r\u0219itul lumii. \u00cens\u0103 pentru un num\u0103r semnificativ de oameni <span><strong><a href=\"https:\/\/www.mediafax.ro\/externe\/experti-razboiul-din-iran-costa-sua-2-miliarde-de-dolari-pe-zi-23700602\">care tr\u0103iesc \u00een SUA<\/a><\/strong><\/span>, asta nu mai pare o posibilitate \u00eendep\u0103rtat\u0103: o treime dintre responden\u021bi cred c\u0103 lumea se va sf\u00e2r\u0219i \u00eenaintea lor.<\/p>\n<p id=\"p-3\">\u201eCredin\u021ba \u00een sf\u00e2r\u0219itul lumii este surprinz\u0103tor de r\u0103sp\u00e2ndit\u0103 \u00een America de Nord \u0219i influen\u021beaz\u0103 semnificativ modul \u00een care oamenii interpreteaz\u0103 \u0219i r\u0103spund la cele mai presante amenin\u021b\u0103ri cu care se confrunt\u0103 omenirea\u201d, a declarat \u00eentr-un&nbsp;<span><a href=\"https:\/\/news.ubc.ca\/2026\/03\/apocalyptic-beliefs-shaping-response-global-threats\/\">comunicat<\/a>&nbsp;<\/span>Dr. Matthew I. Billet, autorul principal al studiului .<\/p>\n<p id=\"p-4\">\u00cen noul studiu, echipa de cercet\u0103tori a fost interesat\u0103 de modul \u00een care aceste convingeri ar putea modela reac\u021biile oamenilor la amenin\u021b\u0103rile reale din lume, de la criza climatic\u0103 p\u00e2n\u0103 la posibilitatea unui conflict nuclear.<\/p>\n<p id=\"p-5\">Cercet\u0103torii de la Universitatea din Columbia Britanic\u0103 au chestionat 3.400 de persoane, adres\u00e2ndu-le o serie de \u00eentreb\u0103ri menite s\u0103 le m\u0103soare atitudinea fa\u021b\u0103 de risc. Mai exact, au analizat percep\u021bia riscului, sau c\u00e2t de mare este percep\u021bia lor asupra unei amenin\u021b\u0103ri, de exemplu,&nbsp;<strong><span><a href=\"https:\/\/www.iflscience.com\/what-the-climate-crisis-is-doing-to-young-peoples-mental-health-82722\">criza climatic\u0103<\/a>&nbsp;<\/span><\/strong>, toleran\u021ba la risc sau c\u00e2t de preg\u0103ti\u021bi sunt s\u0103 tolereze riscul \u00een ciuda posibilelor impacturi negative, \u0219i sprijinul lor pentru \u201eac\u021biuni extreme\u201d pentru a evita riscul.<\/p>\n<p id=\"p-6\">\u201eAc\u021biunile extreme au constat \u00een alocarea a 10% din PIB-ul SUA pentru acest risc, instituirea legii mar\u021biale \u0219i r\u0103sturnarea complet\u0103 a guvernului actual \u0219i a ordinii sociale\u201d, explic\u0103 publica\u021bia.<\/p>\n<h2 id=\"chapter-0\"><strong>Tinerii, mai predispu\u0219i s\u0103 cread\u0103 c\u0103 se va sf\u00e2r\u0219i lumea pe vremea lor<\/strong><\/h2>\n<p id=\"p-7\">Pe l\u00e2ng\u0103 acestea, participan\u021bilor li s-au adresat o serie de \u00eentreb\u0103ri demografice, inclusiv factori precum orientarea politic\u0103 \u0219i religiozitatea. Echipa a descoperit c\u00e2teva diferen\u021be interesante.<\/p>\n<p id=\"p-8\">De\u0219i 28,9% dintre participan\u021bi au fost de acord c\u0103 lumea se va sf\u00e2r\u0219i \u00een timpul vie\u021bii lor, aceast\u0103 convingere a avut tendin\u021ba de a sc\u0103dea odat\u0103 cu v\u00e2rsta, tinerii fiind mai predispu\u0219i s\u0103 aib\u0103 aceast\u0103 viziune asupra lumii.<\/p>\n<p id=\"p-9\">Analiz\u00e2nd mai am\u0103nun\u021bit datele, echipa a descoperit c\u0103 au existat excep\u021bii: convingerile despre sf\u00e2r\u0219itul lumii nu au sc\u0103zut pe m\u0103sur\u0103 ce protestan\u021bii evanghelici au \u00eemb\u0103tr\u00e2nit \u0219i ar putea chiar cre\u0219te u\u0219or \u00een r\u00e2ndul participan\u021bilor musulmani.<\/p>\n<p id=\"p-10\">\u201eAlte variabile demografice au fost predictori mai pu\u021bin consecven\u021bi ai credin\u021belor despre sf\u00e2r\u0219itul lumii\u201d, adaug\u0103 studiul.<\/p>\n<p id=\"p-11\">\u201eDoar 6% din r\u0103spunsuri sunt explicate de statutul socio-economic \u0219i orientarea politic\u0103, \u0219i mai pu\u021bin de 2% de etnie \u0219i sex\u201c.<\/p>\n<p id=\"p-12\">Echipa a descoperit c\u0103 reac\u021bia oamenilor la amenin\u021bare depindea de cauz\u0103: \u0219i anume dac\u0103 oamenii erau cei care o provocau.<\/p>\n<p id=\"p-13\">Cei care credeau c\u0103 apocalipsa se va datora for\u021belor divine erau mai pu\u021bin predispu\u0219i s\u0103 sus\u021bin\u0103 ac\u021biuni extreme.<\/p>\n<p id=\"p-14\">Per total, echipa a descoperit c\u0103 cinci factori cheie definesc modul \u00een care oamenii g\u00e2ndesc \u0219i ac\u021bioneaz\u0103.<\/p>\n<p id=\"p-15\">Ace\u0219tia au fost:<\/p>\n<ul>\n<li>c\u00e2t de aproape era amenin\u021barea perceput\u0103<\/li>\n<li>dac\u0103 credeau c\u0103 oamenii sunt responsabili pentru ea<\/li>\n<li>dac\u0103 credeau c\u0103 for\u021bele divine sau supranaturale sunt responsabile pentru ea<\/li>\n<li>c\u00e2t\u0103 influen\u021b\u0103 ar putea avea personal asupra rezultatului<\/li>\n<li>\u0219i dac\u0103 rezultatul final va fi pozitiv sau negativ<\/li>\n<\/ul>\n<p id=\"p-16\">Speciali\u0219tii spun c\u0103 \u00een\u021belegerea acestor viziuni despre lume este vital\u0103 pentru factorii de decizie politic\u0103.<\/p>\n<p id=\"p-17\">\u201eIndiferent dac\u0103 o anumit\u0103 nara\u021biune apocaliptic\u0103 este sau nu corect\u0103, aceasta are totu\u0219i consecin\u021be asupra modului \u00een care popula\u021biile se confrunt\u0103 cu riscuri concrete\u201d, a ad\u0103ugat Billet, autorul studiului.<\/p>\n<p id=\"p-18\">\u201eDac\u0103 vrem s\u0103 construim un consens \u00een ceea ce prive\u0219te abordarea schimb\u0103rilor climatice, siguran\u021ba inteligen\u021bei artificiale sau preg\u0103tirea pentru pandemie, trebuie s\u0103 \u00een\u021belegem cum interpreteaz\u0103 diferite comunit\u0103\u021bi aceste amenin\u021b\u0103ri prin propriile lentile culturale. \u00centr-o lume care se confrunt\u0103 cu riscuri catastrofale reale, aceast\u0103 \u00een\u021belegere nu a fost niciodat\u0103 mai important\u0103\u201d, spune el.<\/p>\n","protected":false},"excerpt":{"rendered":"<p>Rezultatele sunt aproape \u0219ocante: aproape o treime dintre oamenii care locuiesc \u00een SUA \u0219i Canada cred c\u0103 lumea se va sf\u00e2r\u0219i \u00een timpul vie\u021bii lor. Conform noilor cercet\u0103ri publicate \u00een &hellip; <a href=\"https:\/\/microscopemedia.com\/?p=681161\" class=\"more-link\">Read More<\/a><\/p>\n","protected":false},"author":1,"featured_media":681162,"comment_status":"closed","ping_status":"closed","sticky":false,"template":"Default","format":"standard","meta":[],"categories":[1],"tags":[],"_links":{"self":[{"href":"https:\/\/microscopemedia.com\/index.php?rest_route=\/wp\/v2\/posts\/681161"}],"collection":[{"href":"https:\/\/microscopemedia.com\/index.php?rest_route=\/wp\/v2\/posts"}],"about":[{"href":"https:\/\/microscopemedia.com\/index.php?rest_route=\/wp\/v2\/types\/post"}],"author":[{"embeddable":true,"href":"https:\/\/microscopemedia.com\/index.php?rest_route=\/wp\/v2\/users\/1"}],"replies":[{"embeddable":true,"href":"https:\/\/microscopemedia.com\/index.php?rest_route=%2Fwp%2Fv2%2Fcomments&post=681161"}],"version-history":[{"count":0,"href":"https:\/\/microscopemedia.com\/index.php?rest_route=\/wp\/v2\/posts\/681161\/revisions"}],"wp:featuredmedia":[{"embeddable":true,"href":"https:\/\/microscopemedia.com\/index.php?rest_route=\/wp\/v2\/media\/681162"}],"wp:attachment":[{"href":"https:\/\/microscopemedia.com\/index.php?rest_route=%2Fwp%2Fv2%2Fmedia&parent=681161"}],"wp:term":[{"taxonomy":"category","embeddable":true,"href":"https:\/\/microscopemedia.com\/index.php?rest_route=%2Fwp%2Fv2%2Fcategories&post=681161"},{"taxonomy":"post_tag","embeddable":true,"href":"https:\/\/microscopemedia.com\/index.php?rest_route=%2Fwp%2Fv2%2Ftags&post=681161"}],"curies":[{"name":"wp","href":"https:\/\/api.w.org\/{rel}","templated":true}]}}