{"id":681179,"date":"2026-03-11T03:06:03","date_gmt":"2026-03-11T03:06:03","guid":{"rendered":"https:\/\/microscopemedia.com\/?p=681179"},"modified":"2026-03-11T03:06:03","modified_gmt":"2026-03-11T03:06:03","slug":"elvetia-cel-putin-sase-persoane-si-au-pierdut-viata-intr-un-incendiu-izbucnit-intr-un-autobuz","status":"publish","type":"post","link":"https:\/\/microscopemedia.com\/?p=681179","title":{"rendered":"Elve\u021bia: Cel pu\u021bin \u0219ase persoane \u0219i-au pierdut via\u021ba \u00eentr-un incendiu izbucnit \u00eentr-un autobuz"},"content":{"rendered":"<div><img decoding=\"async\" src=\"https:\/\/microscopemedia.com\/wp-content\/uploads\/2026\/03\/elvetia-cel-putin-sase-persoane-si-au-pierdut-viata-intr-un-incendiu-izbucnit-intr-un-autobuz.jpg\" class=\"ff-og-image-inserted\"><\/div>\n<p id=\"p-0\"><span>Autobuzul a fost cuprins de fl\u0103c\u0103ri mar\u021bi pe un drum din localitatea Kerzers, cantonul Fribourg, la aproximativ 20 de kilometri de capitala Berna, a anun\u021bat poli\u021bia.&nbsp;<\/span><\/p>\n<p id=\"p-1\"><span>Frederic Papaux, purt\u0103torul de cuv\u00e2nt al poli\u021bie din Fribourg, a declarat c\u0103 exist\u0103 elemente care sugereaz\u0103 un act deliberat comis de o persoan\u0103 aflat\u0103 \u00een autobuz.<\/span><\/p>\n<p id=\"p-2\"><span>\u201e\u00cen aceast\u0103 etap\u0103 a anchetei, avem indicii care sugereaz\u0103 un act deliberat al unei persoane care se afla \u00een autobuz\u201d, a declarat Papaux, citat de Reuters.&nbsp;<\/span><\/p>\n<p id=\"p-3\"><span>Poli\u021bia a precizat c\u0103 \u00een incident nu a fost implicat niciun alt vehicul.&nbsp;<\/span><\/p>\n<p id=\"p-4\"><span>\u201eM\u0103 \u0219ocheaz\u0103 \u0219i m\u0103 \u00eentristeaz\u0103 faptul c\u0103, \u00eenc\u0103 o dat\u0103, oameni \u0219i-au pierdut via\u021ba \u00eentr-un incendiu grav \u00een Elve\u021bia\u201d, a spus Guy Parmelin, pre\u0219edintele Elve\u021biei, \u00eentr-un mesaj de condolean\u021be.&nbsp;<\/span><\/p>\n","protected":false},"excerpt":{"rendered":"<p>Autobuzul a fost cuprins de fl\u0103c\u0103ri mar\u021bi pe un drum din localitatea Kerzers, cantonul Fribourg, la aproximativ 20 de kilometri de capitala Berna, a anun\u021bat poli\u021bia.&nbsp; Frederic Papaux, purt\u0103torul de &hellip; <a href=\"https:\/\/microscopemedia.com\/?p=681179\" class=\"more-link\">Read More<\/a><\/p>\n","protected":false},"author":1,"featured_media":681180,"comment_status":"closed","ping_status":"closed","sticky":false,"template":"Default","format":"standard","meta":[],"categories":[1],"tags":[],"_links":{"self":[{"href":"https:\/\/microscopemedia.com\/index.php?rest_route=\/wp\/v2\/posts\/681179"}],"collection":[{"href":"https:\/\/microscopemedia.com\/index.php?rest_route=\/wp\/v2\/posts"}],"about":[{"href":"https:\/\/microscopemedia.com\/index.php?rest_route=\/wp\/v2\/types\/post"}],"author":[{"embeddable":true,"href":"https:\/\/microscopemedia.com\/index.php?rest_route=\/wp\/v2\/users\/1"}],"replies":[{"embeddable":true,"href":"https:\/\/microscopemedia.com\/index.php?rest_route=%2Fwp%2Fv2%2Fcomments&post=681179"}],"version-history":[{"count":0,"href":"https:\/\/microscopemedia.com\/index.php?rest_route=\/wp\/v2\/posts\/681179\/revisions"}],"wp:featuredmedia":[{"embeddable":true,"href":"https:\/\/microscopemedia.com\/index.php?rest_route=\/wp\/v2\/media\/681180"}],"wp:attachment":[{"href":"https:\/\/microscopemedia.com\/index.php?rest_route=%2Fwp%2Fv2%2Fmedia&parent=681179"}],"wp:term":[{"taxonomy":"category","embeddable":true,"href":"https:\/\/microscopemedia.com\/index.php?rest_route=%2Fwp%2Fv2%2Fcategories&post=681179"},{"taxonomy":"post_tag","embeddable":true,"href":"https:\/\/microscopemedia.com\/index.php?rest_route=%2Fwp%2Fv2%2Ftags&post=681179"}],"curies":[{"name":"wp","href":"https:\/\/api.w.org\/{rel}","templated":true}]}}