{"id":681191,"date":"2026-03-11T05:36:04","date_gmt":"2026-03-11T05:36:04","guid":{"rendered":"https:\/\/microscopemedia.com\/?p=681191"},"modified":"2026-03-11T05:36:04","modified_gmt":"2026-03-11T05:36:04","slug":"in-franta-se-propune-inceperea-cursurilor-la-900-ce-beneficii-ar-avea-pentru-elevi","status":"publish","type":"post","link":"https:\/\/microscopemedia.com\/?p=681191","title":{"rendered":"\u00cen Fran\u021ba se propune \u00eenceperea cursurilor la 9:00. Ce beneficii ar avea pentru elevi"},"content":{"rendered":"<div><img decoding=\"async\" src=\"https:\/\/microscopemedia.com\/wp-content\/uploads\/2026\/03\/in-franta-se-propune-inceperea-cursurilor-la-900-ce-beneficii-ar-avea-pentru-elevi.jpg\" class=\"ff-og-image-inserted\"><\/div>\n<p id=\"p-0\">Speciali\u0219tii explic\u0103 faptul c\u0103, \u00een perioada pubert\u0103\u021bii, ritmul circadian al adolescen\u021bilor se modific\u0103 natural. Ceasul biologic intern se decaleaz\u0103 cu una p\u00e2n\u0103 la trei ore fa\u021b\u0103 de cel al copiilor mai mici sau al adul\u021bilor. Din acest motiv, mul\u021bi tineri adorm mai t\u00e2rziu \u0219i au nevoie s\u0103 se trezeasc\u0103 mai t\u00e2rziu pentru a fi \u00een form\u0103, arat\u0103 <a href=\"https:\/\/www.lemonde.fr\/societe\/article\/2026\/03\/10\/nous-plaidons-pour-que-le-debut-des-cours-a-9-heures-devienne-la-reference-nationale-pour-le-college-et-le-lycee_6670182_3224.html\" target=\"_blank\" rel=\"noopener\">Le Monde<\/a>.<\/p>\n<p id=\"p-1\">Acest fenomen este bine documentat de peste dou\u0103 decenii \u00een cercet\u0103rile de cronobiologie, spun autorii ini\u021biativei. \u00cen aceste condi\u021bii, un elev de 15 ani care \u00eencepe cursurile la ora 8:00 are adesea dificult\u0103\u021bi \u00een a-\u0219i folosi pe deplin aten\u021bia, memoria sau capacitatea de concentrare.<\/p>\n<h2 id=\"chapter-0\">Un program pentru elevi care \u00eembun\u0103t\u0103\u021be\u0219te performan\u021bele<\/h2>\n<p id=\"p-2\">\u00cen Fran\u021ba, unele studii realizate \u00een cadrul programelor de inova\u021bie ale Consiliului \u0218tiin\u021bific al Educa\u021biei Na\u021bionale au analizat impactul \u00eenceperii cursurilor la ora 9:00. Rezultatele arat\u0103 c\u0103 elevii dorm mai mult, \u00ee\u0219i reduc deficitul de somn \u0219i prezint\u0103 \u00eembun\u0103t\u0103\u021biri \u00een ceea ce prive\u0219te vigilen\u021ba, comportamentul \u0219i nivelul de anxietate. Un aspect important remarcat de cercet\u0103tori este c\u0103 \u00eent\u00e2rzierea \u00eenceperii cursurilor nu duce la culcarea mai t\u00e2rzie a elevilor. Principala schimbare este ora la care ace\u0219tia se trezesc.<\/p>\n<p id=\"p-3\">Autorii cererii consider\u0103 c\u0103 adaptarea programului \u0219colar la ritmul biologic al adolescen\u021bilor ar trebui s\u0103 devin\u0103 o prioritate pentru politicile educa\u021bionale. Potrivit lor, o schimbare relativ simpl\u0103 -mutarea orei de \u00eenceput a cursurilor \u2013 ar putea avea efecte importante asupra s\u0103n\u0103t\u0103\u021bii \u0219i performan\u021bei \u0219colare a elevilor.<\/p>\n<p id=\"p-4\">Dezbaterea apare \u00eentr-un moment \u00een care tot mai multe \u021b\u0103ri analizeaz\u0103 modul \u00een care<a href=\"https:\/\/www.mediafax.ro\/social\/ce-elevi-se-pot-inscrie-la-liceu-fara-sustinerea-evaluarii-nationale-anuntul-ministerul-educatiei-23697678\" target=\"_blank\" rel=\"noopener\"> programul pentru elevi<\/a> influen\u021beaz\u0103 somnul, s\u0103n\u0103tatea mintal\u0103 \u0219i capacitatea de \u00eenv\u0103\u021bare a adolescen\u021bilor.<\/p>\n","protected":false},"excerpt":{"rendered":"<p>Speciali\u0219tii explic\u0103 faptul c\u0103, \u00een perioada pubert\u0103\u021bii, ritmul circadian al adolescen\u021bilor se modific\u0103 natural. Ceasul biologic intern se decaleaz\u0103 cu una p\u00e2n\u0103 la trei ore fa\u021b\u0103 de cel al copiilor &hellip; <a href=\"https:\/\/microscopemedia.com\/?p=681191\" class=\"more-link\">Read More<\/a><\/p>\n","protected":false},"author":1,"featured_media":681192,"comment_status":"closed","ping_status":"closed","sticky":false,"template":"Default","format":"standard","meta":[],"categories":[1],"tags":[],"_links":{"self":[{"href":"https:\/\/microscopemedia.com\/index.php?rest_route=\/wp\/v2\/posts\/681191"}],"collection":[{"href":"https:\/\/microscopemedia.com\/index.php?rest_route=\/wp\/v2\/posts"}],"about":[{"href":"https:\/\/microscopemedia.com\/index.php?rest_route=\/wp\/v2\/types\/post"}],"author":[{"embeddable":true,"href":"https:\/\/microscopemedia.com\/index.php?rest_route=\/wp\/v2\/users\/1"}],"replies":[{"embeddable":true,"href":"https:\/\/microscopemedia.com\/index.php?rest_route=%2Fwp%2Fv2%2Fcomments&post=681191"}],"version-history":[{"count":0,"href":"https:\/\/microscopemedia.com\/index.php?rest_route=\/wp\/v2\/posts\/681191\/revisions"}],"wp:featuredmedia":[{"embeddable":true,"href":"https:\/\/microscopemedia.com\/index.php?rest_route=\/wp\/v2\/media\/681192"}],"wp:attachment":[{"href":"https:\/\/microscopemedia.com\/index.php?rest_route=%2Fwp%2Fv2%2Fmedia&parent=681191"}],"wp:term":[{"taxonomy":"category","embeddable":true,"href":"https:\/\/microscopemedia.com\/index.php?rest_route=%2Fwp%2Fv2%2Fcategories&post=681191"},{"taxonomy":"post_tag","embeddable":true,"href":"https:\/\/microscopemedia.com\/index.php?rest_route=%2Fwp%2Fv2%2Ftags&post=681191"}],"curies":[{"name":"wp","href":"https:\/\/api.w.org\/{rel}","templated":true}]}}