{"id":681215,"date":"2026-03-11T08:16:04","date_gmt":"2026-03-11T08:16:04","guid":{"rendered":"https:\/\/microscopemedia.com\/?p=681215"},"modified":"2026-03-11T08:16:04","modified_gmt":"2026-03-11T08:16:04","slug":"denunt-la-dna-pe-numele-oanei-toiu-pentru-abuz-in-serviciu-s-a-cerut-ridicarea-imunitatii","status":"publish","type":"post","link":"https:\/\/microscopemedia.com\/?p=681215","title":{"rendered":"Denun\u021b la DNA pe numele Oanei \u021aoiu pentru abuz \u00een serviciu. S-a cerut ridicarea imunit\u0103\u021bii"},"content":{"rendered":"<div><img decoding=\"async\" src=\"https:\/\/microscopemedia.com\/wp-content\/uploads\/2026\/03\/denunt-la-dna-pe-numele-oanei-toiu-pentru-abuz-in-serviciu-s-a-cerut-ridicarea-imunitatii.jpg\" class=\"ff-og-image-inserted\"><\/div>\n<p id=\"p-0\">Cuculis spune c\u0103 a \u00eenregistrat mar\u021bi denun\u021bul la DNA Structura Central\u0103, \u00een leg\u0103tur\u0103 cu modul \u00een care ministrul de Externe, \u021aoiu Oana Silvia, \u201ea dispus, manageriat \u0219i implicat \u00een problema repatrierii rom\u00e2nilor afla\u021bi \u00een Dubai cu ocazia izbucnirii conflictelor armate ce au avut bilan\u021b cu pierderi omene\u0219ti \u0219i v\u0103t\u0103m\u0103ri corporale\u201d.<\/p>\n<p id=\"p-1\">\u201e\u00cen disonanta cu alte p\u0103reri, apreciez c\u0103 \u00een raport de modul de organizare al MAE \u0219i al responsabilit\u0103\u021bilor \u0219i prerogativele conferite de c\u0103tre lege Min. de Externe, fapta de care se poate face vinovat\u0103 doamna \u021aoiu este de abuz \u00een serviciu \u00een forma autoratului \u0219i nu instigare la abuz in serviciu, av\u00e2nd \u00een vedere c\u0103 toat\u0103 coordonarea se face vertical de la Ministru spre consulate, conform legii\u201d, spune Cuculis.<\/p>\n<p id=\"p-2\">Potrivit avocatului, ridicarea imunit\u0103\u021bii a fost cerut\u0103 \u00een denun\u021b \u201eca o consecin\u021b\u0103 normal\u0103 a perchezition\u0103rii dispozitivelor ministrului \u00een vederea stabilirii cu exactitate a modului de comunicare cu palierele inferioare\u201d.<\/p>\n<p id=\"p-3\">\u201eDin spa\u021biul public am luat cu to\u021bii la cuno\u0219tin\u021b\u0103 despre situa\u021bia ca la data de 28.02.2026, pe teritoriul statului Dubai, statul Iran a lansat succesiv valori majore de rachete balistice ce au vizat zone din Dubai \u0219i Abu Dhabi, inclusiv \u00een desf\u0103\u0219urarea de evenimente chiar \u0219i c\u0103tre aeroportul interna\u021bional Dubai dar \u0219i catre cl\u0103ridri emblematice cum ar fi Burj Al Arab \u0219i alte structuri \u0219i infrastructuri civile \u0219i turistice. De\u0219i stirea s-a propagat cu un oarecare scepticism, rezultatul sau bilantul \u00een primele zile s-a ridicat la peste 100 de r\u0103ni\u021bi \u0219i 4 mor\u0219i dintre care majoritatea se aflau \u00een Dubai, astfel \u00eenc\u00e2t \u0219i evenimentele din zilele urm\u0103toare din datele de 1 \u0219i 7 martie a.c au consolidat ideea unui conflict militar important\u201d, spune Cuculis.<\/p>\n<p id=\"p-4\">Astfel, potrivit avocatului Adrian Cuculis, pentru statul rom\u00e2n trebuia s\u0103 fie un moment de declan\u0219are a tuturor mecanismelor europene, na\u021bionale \u0219i locale de a-\u0219i repatria de urgen\u021b\u0103 to\u021bi cet\u0103\u021benii rom\u00e2ni.<\/p>\n<p id=\"p-5\">\u201e\u00cen acest context, conform reglement\u0103rilor aflate \u00een vigoare \u0219i \u00een func\u021bie de ierarhizarea Ministerului Afacerilor Externe, \u00een fruntea c\u0103ruia se afla f\u0103ptuitoarea \u021aoiu Oana Silvia, pe filiera consular\u0103 \u0219i \u00een subordinea direct\u0103 a acesteia, aveau obliga\u021bia a\u0219a cum vom ar\u0103ta, s\u0103 stabileasc\u0103 \u00een cadrul celulei de criza din cadrul MAE \u0219i ulterior \u00een sec\u021bile consulare, modul de evacuare al cet\u0103\u021benilor rom\u00e2ni \u00een func\u021bie de criteriile interne de vulnerabilitate ce pot fi date fie de c\u0103tre legea 272\/2004 privind protec\u0163ia \u015fi promovarea drepturilor copilului sau legea 448\/2006 privind protec\u021bia \u0219i promovarea drepturilor persoanelor cu handicap sau persoanele vulnerabile a\u0219a cum sunt ele reglementate \u00een dreptul comun penal \u00een zona traficului sau exploat\u0103rii\u201d, spune Cuculis.<\/p>\n<p id=\"p-6\">Avocatul acuz\u0103 c\u0103 ordinea \u0219i criteriile de selec\u021bionare \u0219i aplicare a prioritiz\u0103rii celor ce urmau s\u0103 fie evacua\u021bi din zona de r\u0103zboi s-a f\u0103cut total netransparent, iar momentul la care opinia publica\u0103 a aflat c\u0103 un minor de 17 ani a fost refuzat la \u00eembarcarea \u00eentr-un avion ce s-a \u00eentors la Bucure\u0219ti cu o capacitate de 14 locuri goale a fost momentul la care la nivel de spa\u021biu public \u201eoricine cu o minim\u0103 preg\u0103tire juridic\u0103 \u00ee\u0219i putea da seama c\u0103 la nivelul M.A.E prin principalul coordonator \u00een situa\u021bii de criz\u0103, Ministrul de Externe, comisese cel pu\u021bin o infrac\u021biune conexa infrac\u021biunilor de corup\u021bie\u201d.<\/p>\n<p id=\"p-7\">&nbsp;<\/p>\n","protected":false},"excerpt":{"rendered":"<p>Cuculis spune c\u0103 a \u00eenregistrat mar\u021bi denun\u021bul la DNA Structura Central\u0103, \u00een leg\u0103tur\u0103 cu modul \u00een care ministrul de Externe, \u021aoiu Oana Silvia, \u201ea dispus, manageriat \u0219i implicat \u00een problema &hellip; <a href=\"https:\/\/microscopemedia.com\/?p=681215\" class=\"more-link\">Read More<\/a><\/p>\n","protected":false},"author":1,"featured_media":681216,"comment_status":"closed","ping_status":"closed","sticky":false,"template":"Default","format":"standard","meta":[],"categories":[1],"tags":[],"_links":{"self":[{"href":"https:\/\/microscopemedia.com\/index.php?rest_route=\/wp\/v2\/posts\/681215"}],"collection":[{"href":"https:\/\/microscopemedia.com\/index.php?rest_route=\/wp\/v2\/posts"}],"about":[{"href":"https:\/\/microscopemedia.com\/index.php?rest_route=\/wp\/v2\/types\/post"}],"author":[{"embeddable":true,"href":"https:\/\/microscopemedia.com\/index.php?rest_route=\/wp\/v2\/users\/1"}],"replies":[{"embeddable":true,"href":"https:\/\/microscopemedia.com\/index.php?rest_route=%2Fwp%2Fv2%2Fcomments&post=681215"}],"version-history":[{"count":0,"href":"https:\/\/microscopemedia.com\/index.php?rest_route=\/wp\/v2\/posts\/681215\/revisions"}],"wp:featuredmedia":[{"embeddable":true,"href":"https:\/\/microscopemedia.com\/index.php?rest_route=\/wp\/v2\/media\/681216"}],"wp:attachment":[{"href":"https:\/\/microscopemedia.com\/index.php?rest_route=%2Fwp%2Fv2%2Fmedia&parent=681215"}],"wp:term":[{"taxonomy":"category","embeddable":true,"href":"https:\/\/microscopemedia.com\/index.php?rest_route=%2Fwp%2Fv2%2Fcategories&post=681215"},{"taxonomy":"post_tag","embeddable":true,"href":"https:\/\/microscopemedia.com\/index.php?rest_route=%2Fwp%2Fv2%2Ftags&post=681215"}],"curies":[{"name":"wp","href":"https:\/\/api.w.org\/{rel}","templated":true}]}}