{"id":681237,"date":"2026-03-11T10:27:03","date_gmt":"2026-03-11T10:27:03","guid":{"rendered":"https:\/\/microscopemedia.com\/?p=681237"},"modified":"2026-03-11T10:27:03","modified_gmt":"2026-03-11T10:27:03","slug":"sedinta-csat-s-a-terminat-dupa-aproape-3-ore-csat-analizeaza-dislocarea-temporara-in-romania-a-unor-capabilitati-militare-sua-vor-sa-trimita-trupe-si-avioane","status":"publish","type":"post","link":"https:\/\/microscopemedia.com\/?p=681237","title":{"rendered":"\u0218edin\u021ba CSAT s-a terminat dup\u0103 aproape 3 ore \/ CSAT analizeaz\u0103 dislocarea temporar\u0103 \u00een Rom\u00e2nia a unor capabilit\u0103\u021bi militare \/ SUA vor s\u0103 trimit\u0103 trupe \u0219i avioane"},"content":{"rendered":"<div><img decoding=\"async\" src=\"https:\/\/microscopemedia.com\/wp-content\/uploads\/2026\/03\/sedinta-csat-s-a-terminat-dupa-aproape-3-ore-csat-analizeaza-dislocarea-temporara-in-romania-a-unor-capabilitati-militare-sua-vor-sa-trimita-trupe-si-avioane.jpg\" class=\"ff-og-image-inserted\"><\/div>\n<h2 id=\"chapter-0\">\u0218edin\u021ba CSAT s-a \u00eencheiat<\/h2>\n<p id=\"p-0\">\u0218edin\u021ba CSAT s-a \u00eencheiat, dup\u0103 trei ore de la \u00eenceputul dezbaterilor.<\/p>\n<h2 id=\"chapter-1\">\u0218edin\u021ba a \u00eenceput la 9.30<\/h2>\n<p id=\"p-1\">Pre\u0219edintele Nicu\u0219or Dan a convocat \u0219edin\u021ba Consiliului Suprem de Ap\u0103rare a \u021a\u0103rii (CSAT), care va avea loc miercuri, la ora 09:30 la Palatul Cotroceni.<\/p>\n<p id=\"p-2\">Potrivit Administra\u021biei Preziden\u021biale, pe ordinea de zi se vor afla mai multe subiecte. Printre acestea se afl\u0103 \u0219i cel referitor la situa\u021bia din Orientul Mijlociu \u0219i ce implica\u021bii sunt pentru Rom\u00e2nia.<\/p>\n<p id=\"p-3\">De asemenea, un alt subiect vizeaz\u0103 evaluarea impactului evenimentelor din Orientul Mijlociu asupra pie\u021bei petroliere din Rom\u00e2nia.<\/p>\n<p id=\"p-4\">Totodat\u0103, un subiect important de pe ordinea de zi este cel privind analiza disloc\u0103rii temporare pe teritoriul Rom\u00e2niei a unor capabilit\u0103\u021bi militare.<\/p>\n<p id=\"p-5\">Mar\u021bi, G4Media relata c\u0103 Statele Unite sunt interesate s\u0103 trimit\u0103 avioane la baza de la Mihail Kog\u0103lniceanu pentru eventuale interven\u021bii \u00een Orientul Mijlociu, potrivit mai multor surse.<\/p>\n<p id=\"p-6\">Discu\u021biile \u00een leg\u0103tur\u0103 cu acest subiect se afl\u0103 \u00een stadiu incipient \u0219i sunt informale, au mai spus sursele pentru G4Media.<\/p>\n<p id=\"p-7\">&nbsp;<\/p>\n","protected":false},"excerpt":{"rendered":"<p>\u0218edin\u021ba CSAT s-a \u00eencheiat \u0218edin\u021ba CSAT s-a \u00eencheiat, dup\u0103 trei ore de la \u00eenceputul dezbaterilor. \u0218edin\u021ba a \u00eenceput la 9.30 Pre\u0219edintele Nicu\u0219or Dan a convocat \u0219edin\u021ba Consiliului Suprem de Ap\u0103rare &hellip; <a href=\"https:\/\/microscopemedia.com\/?p=681237\" class=\"more-link\">Read More<\/a><\/p>\n","protected":false},"author":1,"featured_media":681238,"comment_status":"closed","ping_status":"closed","sticky":false,"template":"Default","format":"standard","meta":[],"categories":[1],"tags":[],"_links":{"self":[{"href":"https:\/\/microscopemedia.com\/index.php?rest_route=\/wp\/v2\/posts\/681237"}],"collection":[{"href":"https:\/\/microscopemedia.com\/index.php?rest_route=\/wp\/v2\/posts"}],"about":[{"href":"https:\/\/microscopemedia.com\/index.php?rest_route=\/wp\/v2\/types\/post"}],"author":[{"embeddable":true,"href":"https:\/\/microscopemedia.com\/index.php?rest_route=\/wp\/v2\/users\/1"}],"replies":[{"embeddable":true,"href":"https:\/\/microscopemedia.com\/index.php?rest_route=%2Fwp%2Fv2%2Fcomments&post=681237"}],"version-history":[{"count":0,"href":"https:\/\/microscopemedia.com\/index.php?rest_route=\/wp\/v2\/posts\/681237\/revisions"}],"wp:featuredmedia":[{"embeddable":true,"href":"https:\/\/microscopemedia.com\/index.php?rest_route=\/wp\/v2\/media\/681238"}],"wp:attachment":[{"href":"https:\/\/microscopemedia.com\/index.php?rest_route=%2Fwp%2Fv2%2Fmedia&parent=681237"}],"wp:term":[{"taxonomy":"category","embeddable":true,"href":"https:\/\/microscopemedia.com\/index.php?rest_route=%2Fwp%2Fv2%2Fcategories&post=681237"},{"taxonomy":"post_tag","embeddable":true,"href":"https:\/\/microscopemedia.com\/index.php?rest_route=%2Fwp%2Fv2%2Ftags&post=681237"}],"curies":[{"name":"wp","href":"https:\/\/api.w.org\/{rel}","templated":true}]}}