{"id":681239,"date":"2026-03-11T10:46:04","date_gmt":"2026-03-11T10:46:04","guid":{"rendered":"https:\/\/microscopemedia.com\/?p=681239"},"modified":"2026-03-11T10:46:04","modified_gmt":"2026-03-11T10:46:04","slug":"oana-toiu-va-da-explicatii-azi-la-comisia-de-politica-externa-din-camera-deputatilor","status":"publish","type":"post","link":"https:\/\/microscopemedia.com\/?p=681239","title":{"rendered":"Oana \u021aoiu va da explica\u021bii azi la comisia de politic\u0103 extern\u0103 din Camera Deputa\u021bilor"},"content":{"rendered":"<div><img decoding=\"async\" src=\"https:\/\/microscopemedia.com\/wp-content\/uploads\/2026\/03\/oana-toiu-va-da-explicatii-azi-la-comisia-de-politica-externa-din-camera-deputatilor.jpg\" class=\"ff-og-image-inserted\"><\/div>\n<p id=\"p-0\">Ministrul de Externe, Oana \u021aoiu, ar fi trebuit s\u0103 fie prezent\u0103 de la ora 12.00 la audierile din Comisia de Politic\u0103 Extern\u0103 a Camerei Deputa\u021bilor pe tema repatrierii rom\u00e2nilor din Orientul Mijlociu.<\/p>\n<p id=\"p-1\">\u021aoiu nu a putut ajunge la ora 12.00, \u00eentruc\u00e2t este membru \u00een CSAT, iar la acea or\u0103 \u0219edin\u021ba era \u00een desf\u0103\u0219urare.<\/p>\n<p id=\"p-2\">Astfel, audierile vor \u00eencepe la ora 13.30.<\/p>\n<p id=\"p-3\">Situa\u021bia repatrierii cet\u0103\u021benilor rom\u00e2ni din Orientul Mijlociu a generat schimburi de replici \u00een interiorul coali\u021biei de guvernare.<\/p>\n<p id=\"p-4\">Liderul PSD Sorin Grindeanu a sus\u021binut c\u0103 este necesar\u0103 clarificarea urgent\u0103 a modului \u00een care a fost gestionat procesul de repatriere, afirm\u00e2nd c\u0103 este \u00een joc credibilitatea Guvernului. El i-a propus premierului Ilie Bolojan trimiterea Corpului de Control la Ministerul Afacerilor Externe (MAE). Premierul Ilie Bolojan ar fi respins \u00eens\u0103 propunerea, afirm\u00e2nd c\u0103 \u201enu este momentul\u201d pentru o astfel de verificare.<\/p>\n<p id=\"p-5\">\u00cen discu\u021bie a intervenit \u0219i liderul USR, Dominic Fritz, care a sus\u021binut c\u0103 ministrul de Externe, Oana \u021aoiu, este dispus\u0103 s\u0103 ofere explica\u021bii publice.<\/p>\n<p id=\"p-6\">Grindeanu a replicat c\u0103, \u00een opinia sa, exist\u0103 riscul ca subiectul s\u0103 fie \u201e\u00eengropat\u201d, ad\u0103ug\u00e2nd c\u0103 ministrul de Externe va fi audiat oricum \u00een Parlament.<\/p>\n<p id=\"p-7\">La r\u00e2ndul s\u0103u, liderul UDMR, Kelemen Hunor, ar fi apreciat c\u0103 explica\u021biile oferite de ministrul de Externe \u00eentr-o conferin\u021b\u0103 de pres\u0103 anterioar\u0103 au fost \u201eneconving\u0103toare\u201d \u0219i c\u0103 sunt necesare clarific\u0103ri suplimentare.<\/p>\n<p id=\"p-8\">Dominic Fritz a argumentat \u00eens\u0103 c\u0103 momentul nu este potrivit pentru o astfel de dezbatere. \u00centrebat c\u00e2nd ar trebui discutat subiectul, Fritz ar fi r\u0103spuns: \u201eAcum este r\u0103zboi\u201d.<\/p>\n<p id=\"p-9\">Grindeanu a insistat c\u0103 tocmai contextul actual impune verific\u0103ri suplimentare. Potrivit surselor MEDIAFAX, el ar fi afirmat c\u0103 trebuie garantat c\u0103 nu exist\u0103 abuzuri \u00een procesul de repatriere \u0219i c\u0103 to\u021bi cet\u0103\u021benii rom\u00e2ni sunt trata\u021bi egal.<\/p>\n<p id=\"p-10\">\u201eSitua\u021bia aceasta nu trebuie l\u0103sat\u0103 a\u0219a. Am \u00een\u021beles, vre\u021bi s\u0103 \u00eengropa\u021bi. V\u0103 promit c\u0103 eu nu voi l\u0103sa lucrurile a\u0219a\u201d, ar fi spus Grindeanu \u00een finalul discu\u021biei.<\/p>\n","protected":false},"excerpt":{"rendered":"<p>Ministrul de Externe, Oana \u021aoiu, ar fi trebuit s\u0103 fie prezent\u0103 de la ora 12.00 la audierile din Comisia de Politic\u0103 Extern\u0103 a Camerei Deputa\u021bilor pe tema repatrierii rom\u00e2nilor din &hellip; <a href=\"https:\/\/microscopemedia.com\/?p=681239\" class=\"more-link\">Read More<\/a><\/p>\n","protected":false},"author":1,"featured_media":681240,"comment_status":"closed","ping_status":"closed","sticky":false,"template":"Default","format":"standard","meta":[],"categories":[1],"tags":[],"_links":{"self":[{"href":"https:\/\/microscopemedia.com\/index.php?rest_route=\/wp\/v2\/posts\/681239"}],"collection":[{"href":"https:\/\/microscopemedia.com\/index.php?rest_route=\/wp\/v2\/posts"}],"about":[{"href":"https:\/\/microscopemedia.com\/index.php?rest_route=\/wp\/v2\/types\/post"}],"author":[{"embeddable":true,"href":"https:\/\/microscopemedia.com\/index.php?rest_route=\/wp\/v2\/users\/1"}],"replies":[{"embeddable":true,"href":"https:\/\/microscopemedia.com\/index.php?rest_route=%2Fwp%2Fv2%2Fcomments&post=681239"}],"version-history":[{"count":0,"href":"https:\/\/microscopemedia.com\/index.php?rest_route=\/wp\/v2\/posts\/681239\/revisions"}],"wp:featuredmedia":[{"embeddable":true,"href":"https:\/\/microscopemedia.com\/index.php?rest_route=\/wp\/v2\/media\/681240"}],"wp:attachment":[{"href":"https:\/\/microscopemedia.com\/index.php?rest_route=%2Fwp%2Fv2%2Fmedia&parent=681239"}],"wp:term":[{"taxonomy":"category","embeddable":true,"href":"https:\/\/microscopemedia.com\/index.php?rest_route=%2Fwp%2Fv2%2Fcategories&post=681239"},{"taxonomy":"post_tag","embeddable":true,"href":"https:\/\/microscopemedia.com\/index.php?rest_route=%2Fwp%2Fv2%2Ftags&post=681239"}],"curies":[{"name":"wp","href":"https:\/\/api.w.org\/{rel}","templated":true}]}}