{"id":681247,"date":"2026-03-11T11:36:03","date_gmt":"2026-03-11T11:36:03","guid":{"rendered":"https:\/\/microscopemedia.com\/?p=681247"},"modified":"2026-03-11T11:36:03","modified_gmt":"2026-03-11T11:36:03","slug":"oana-toiu-o-sa-avem-si-maine-seara-un-zbor-de-evacuare","status":"publish","type":"post","link":"https:\/\/microscopemedia.com\/?p=681247","title":{"rendered":"Oana \u021aoiu: O s\u0103 avem \u0219i m\u00e2ine sear\u0103\u00a0un zbor de evacuare"},"content":{"rendered":"<div><img decoding=\"async\" src=\"https:\/\/microscopemedia.com\/wp-content\/uploads\/2026\/03\/oana-toiu-o-sa-avem-si-maine-seara-un-zbor-de-evacuare.jpg\" class=\"ff-og-image-inserted\"><\/div>\n<p id=\"p-0\"><span class=\"cursor-pointer group\" title=\"Reda\u021bi \u00eencep\u00e2nd de la 0:34\"><span class=\"group-hover:bg-base-200 rounded p-0.5 -m-0.5\" data-start=\"34340\" data-end=\"40400\">Ministra Afacerilor Externe, Oana \u021aoiu, a anun\u021bat c\u0103 joi este planificat un nou zbor din Orientul Mijlociu. \u201eO s\u0103 avem \u0219i m\u00e2ine sear\u0103<\/span><\/span>&nbsp;<span class=\"cursor-pointer group\" title=\"Reda\u021bi \u00eencep\u00e2nd de la 0:40\"><span class=\"group-hover:bg-base-200 rounded p-0.5 -m-0.5\" data-start=\"40400\" data-end=\"44140\">un zbor de evacuare prin mecanismul RESCUE\u201d, a declarat miercuri Oana \u021aoiu.&nbsp;<\/span><\/span><\/p>\n<p id=\"p-1\"><span class=\"cursor-pointer group\" title=\"Reda\u021bi \u00eencep\u00e2nd de la 0:45\"><span class=\"group-hover:bg-base-200 rounded p-0.5 -m-0.5\" data-start=\"44520\" data-end=\"49500\">Ministra de Externe a precizat c\u0103 va fi un zbor de evacuare dedicat ultimeilor cet\u0103\u021beni care sunt \u00een categoriile vulnerabile<\/span><\/span>&nbsp;<span class=\"cursor-pointer group\" title=\"Reda\u021bi \u00eencep\u00e2nd de la 0:50\"><span class=\"group-hover:bg-base-200 rounded p-0.5 -m-0.5\" data-start=\"49500\" data-end=\"53720\">din spa\u021biile Abu Dhabi, Dubai \u0219i Oman.<\/span><\/span>&nbsp;<span class=\"cursor-pointer group\" title=\"Reda\u021bi \u00eencep\u00e2nd de la 0:54\"><span class=\"group-hover:bg-base-200 rounded p-0.5 -m-0.5\" data-start=\"53720\" data-end=\"60120\">Cota alocat\u0103 pentru acest zbor de evacuare este de 130 de locuri. \u201e<\/span><\/span><span class=\"cursor-pointer group\" title=\"Reda\u021bi \u00eencep\u00e2nd de la 1:01\"><span class=\"group-hover:bg-base-200 rounded p-0.5 -m-0.5\" data-start=\"60540\" data-end=\"64600\">\u00cen acest moment colegii din echipele consulare din spa\u021biile respective<\/span><\/span>&nbsp;<span class=\"cursor-pointer group\" title=\"Reda\u021bi \u00eencep\u00e2nd de la 1:05\"><span class=\"group-hover:bg-base-200 rounded p-0.5 -m-0.5\" data-start=\"64600\" data-end=\"68720\">contacteaz\u0103 pe cei care s-au \u00eenscris pe platformele formale anun\u021bate<\/span><\/span>&nbsp;<span class=\"cursor-pointer group\" title=\"Reda\u021bi \u00eencep\u00e2nd de la 1:09\"><span class=\"group-hover:bg-base-200 rounded p-0.5 -m-0.5\" data-start=\"68720\" data-end=\"74880\">de Ministerul Afacerilor Externe cu detalii privind acest grad de vulnerabilitate\u201d.<\/span><\/span><\/p>\n<p id=\"p-2\"><span class=\"cursor-pointer group\" title=\"Reda\u021bi \u00eencep\u00e2nd de la 1:16\"><span class=\"group-hover:bg-base-200 rounded p-0.5 -m-0.5\" data-start=\"75640\" data-end=\"79500\">Copii, minorii, \u00een special minorii de v\u00e2rste mici r\u0103m\u00e2n prioritate<\/span><\/span>&nbsp;<span class=\"cursor-pointer group\" title=\"Reda\u021bi \u00eencep\u00e2nd de la 1:20\"><span class=\"group-hover:bg-base-200 rounded p-0.5 -m-0.5\" data-start=\"79500\" data-end=\"81580\">\u00een ceea ce prive\u0219te cazurile medicale, a declarat Oana \u021aoiu.<\/span><\/span> \u201e<span class=\"cursor-pointer group\" title=\"Reda\u021bi \u00eencep\u00e2nd de la 1:22\"><span class=\"group-hover:bg-base-200 rounded p-0.5 -m-0.5\" data-start=\"82020\" data-end=\"87000\">Mai avem un num\u0103r limitat de cazuri medicale care n-au fost incluse \u00een zborurile anterioare.<\/span><\/span>&nbsp;<span class=\"cursor-pointer group\" title=\"Reda\u021bi \u00eencep\u00e2nd de la 1:28\"><span class=\"group-hover:bg-base-200 rounded p-0.5 -m-0.5 bg-primary\/25 transition-all duration-200\" data-start=\"87540\" data-end=\"94420\" data-active>Sigur, \u00een continuare continu\u0103 num\u0103rul de sesiz\u0103ri, semnal\u0103ri \u0219i cereri de asisten\u021b\u0103 consular\u0103,<\/span><\/span>&nbsp;<span class=\"cursor-pointer group\" title=\"Reda\u021bi \u00eencep\u00e2nd de la 1:35\"><span class=\"group-hover:bg-base-200 rounded p-0.5 -m-0.5\" data-start=\"94600\" data-end=\"98900\">mai ales c\u0103 Dubai este \u0219i un punct de tranzit pentru o bun\u0103 parte din cet\u0103\u021benii<\/span><\/span>&nbsp;<span class=\"cursor-pointer group\" title=\"Reda\u021bi \u00eencep\u00e2nd de la 1:39\"><span class=\"group-hover:bg-base-200 rounded p-0.5 -m-0.5\" data-start=\"98900\" data-end=\"103640\">care se \u00eentorc din Asia \u0219i caut\u0103 un zbor \u00eenapoi spre cas\u0103\u201d, a mai spus \u0219efa MAE.&nbsp;<\/span><\/span><\/p>\n","protected":false},"excerpt":{"rendered":"<p>Ministra Afacerilor Externe, Oana \u021aoiu, a anun\u021bat c\u0103 joi este planificat un nou zbor din Orientul Mijlociu. \u201eO s\u0103 avem \u0219i m\u00e2ine sear\u0103&nbsp;un zbor de evacuare prin mecanismul RESCUE\u201d, a &hellip; <a href=\"https:\/\/microscopemedia.com\/?p=681247\" class=\"more-link\">Read More<\/a><\/p>\n","protected":false},"author":1,"featured_media":681248,"comment_status":"closed","ping_status":"closed","sticky":false,"template":"Default","format":"standard","meta":[],"categories":[1],"tags":[],"_links":{"self":[{"href":"https:\/\/microscopemedia.com\/index.php?rest_route=\/wp\/v2\/posts\/681247"}],"collection":[{"href":"https:\/\/microscopemedia.com\/index.php?rest_route=\/wp\/v2\/posts"}],"about":[{"href":"https:\/\/microscopemedia.com\/index.php?rest_route=\/wp\/v2\/types\/post"}],"author":[{"embeddable":true,"href":"https:\/\/microscopemedia.com\/index.php?rest_route=\/wp\/v2\/users\/1"}],"replies":[{"embeddable":true,"href":"https:\/\/microscopemedia.com\/index.php?rest_route=%2Fwp%2Fv2%2Fcomments&post=681247"}],"version-history":[{"count":0,"href":"https:\/\/microscopemedia.com\/index.php?rest_route=\/wp\/v2\/posts\/681247\/revisions"}],"wp:featuredmedia":[{"embeddable":true,"href":"https:\/\/microscopemedia.com\/index.php?rest_route=\/wp\/v2\/media\/681248"}],"wp:attachment":[{"href":"https:\/\/microscopemedia.com\/index.php?rest_route=%2Fwp%2Fv2%2Fmedia&parent=681247"}],"wp:term":[{"taxonomy":"category","embeddable":true,"href":"https:\/\/microscopemedia.com\/index.php?rest_route=%2Fwp%2Fv2%2Fcategories&post=681247"},{"taxonomy":"post_tag","embeddable":true,"href":"https:\/\/microscopemedia.com\/index.php?rest_route=%2Fwp%2Fv2%2Ftags&post=681247"}],"curies":[{"name":"wp","href":"https:\/\/api.w.org\/{rel}","templated":true}]}}