{"id":681249,"date":"2026-03-11T11:46:04","date_gmt":"2026-03-11T11:46:04","guid":{"rendered":"https:\/\/microscopemedia.com\/?p=681249"},"modified":"2026-03-11T11:46:04","modified_gmt":"2026-03-11T11:46:04","slug":"nicusor-dan-anunta-ce-s-a-discutat-in-csat-despre-situatia-romanilor-din-orientul-mijlociu","status":"publish","type":"post","link":"https:\/\/microscopemedia.com\/?p=681249","title":{"rendered":"Nicu\u0219or Dan anun\u021b\u0103 ce s-a discutat \u00een CSAT despre situa\u021bia rom\u00e2nilor din Orientul Mijlociu"},"content":{"rendered":"<div><img decoding=\"async\" src=\"https:\/\/microscopemedia.com\/wp-content\/uploads\/2026\/03\/nicusor-dan-anunta-ce-s-a-discutat-in-csat-despre-situatia-romanilor-din-orientul-mijlociu.jpg\" class=\"ff-og-image-inserted\"><\/div>\n<p id=\"p-0\">Declara\u021bia a fost f\u0103cut\u0103 la finalul \u0219edin\u021bei CSAT.<\/p>\n<p id=\"p-1\">\u201eAm discutat despre situa\u021bia rom\u00e2nilor din zon\u0103, am avut o expunere a doamnei ministru de externe (\u2026) este una dintre preocup\u0103rile importante\u201d, a declarat Nicu\u0219or Dan.<\/p>\n<p id=\"p-2\">Pre\u0219edintele s-a declarat mul\u021bumit de modul \u00een care autorit\u0103\u021bile rom\u00e2ne au intervenit pentru evacuarea cet\u0103\u021benilor bloca\u021bi \u00een Orientul Mijlociu.<\/p>\n<p id=\"p-3\">\u201eP\u00e2n\u0103 acum au revenit \u00een \u021bar\u0103 aproximativ 5.700 de rom\u00e2ni, din care 3.700 au fost ajuta\u021bi \u00eentr-un fel sau altul de autorit\u0103\u021bi\u201d, a precizat Nicu\u0219or Dan.<\/p>\n<p id=\"p-4\">\u00cen \u0219edin\u021ba CSAT s-a mai discutat despre criza mondial\u0103 a petrolului \u0219i despre solicitarea americanilor privind folosirea bazelor din Rom\u00e2nia pentru unele avioane SUA.<\/p>\n","protected":false},"excerpt":{"rendered":"<p>Declara\u021bia a fost f\u0103cut\u0103 la finalul \u0219edin\u021bei CSAT. \u201eAm discutat despre situa\u021bia rom\u00e2nilor din zon\u0103, am avut o expunere a doamnei ministru de externe (\u2026) este una dintre preocup\u0103rile importante\u201d, &hellip; <a href=\"https:\/\/microscopemedia.com\/?p=681249\" class=\"more-link\">Read More<\/a><\/p>\n","protected":false},"author":1,"featured_media":681250,"comment_status":"closed","ping_status":"closed","sticky":false,"template":"Default","format":"standard","meta":[],"categories":[1],"tags":[],"_links":{"self":[{"href":"https:\/\/microscopemedia.com\/index.php?rest_route=\/wp\/v2\/posts\/681249"}],"collection":[{"href":"https:\/\/microscopemedia.com\/index.php?rest_route=\/wp\/v2\/posts"}],"about":[{"href":"https:\/\/microscopemedia.com\/index.php?rest_route=\/wp\/v2\/types\/post"}],"author":[{"embeddable":true,"href":"https:\/\/microscopemedia.com\/index.php?rest_route=\/wp\/v2\/users\/1"}],"replies":[{"embeddable":true,"href":"https:\/\/microscopemedia.com\/index.php?rest_route=%2Fwp%2Fv2%2Fcomments&post=681249"}],"version-history":[{"count":0,"href":"https:\/\/microscopemedia.com\/index.php?rest_route=\/wp\/v2\/posts\/681249\/revisions"}],"wp:featuredmedia":[{"embeddable":true,"href":"https:\/\/microscopemedia.com\/index.php?rest_route=\/wp\/v2\/media\/681250"}],"wp:attachment":[{"href":"https:\/\/microscopemedia.com\/index.php?rest_route=%2Fwp%2Fv2%2Fmedia&parent=681249"}],"wp:term":[{"taxonomy":"category","embeddable":true,"href":"https:\/\/microscopemedia.com\/index.php?rest_route=%2Fwp%2Fv2%2Fcategories&post=681249"},{"taxonomy":"post_tag","embeddable":true,"href":"https:\/\/microscopemedia.com\/index.php?rest_route=%2Fwp%2Fv2%2Ftags&post=681249"}],"curies":[{"name":"wp","href":"https:\/\/api.w.org\/{rel}","templated":true}]}}